{"id":1679,"date":"2024-09-22T20:44:37","date_gmt":"2024-09-22T20:44:37","guid":{"rendered":"https:\/\/palazzovetrano.it\/?p=1679"},"modified":"2025-05-31T13:58:55","modified_gmt":"2025-05-31T13:58:55","slug":"palermo-bei-nacht","status":"publish","type":"post","link":"https:\/\/palazzovetrano.it\/pl\/palermo-noca\/","title":{"rendered":"\u017bycie nocne w Palermo: Poznaj miasto pe\u0142ne tajemnic, kontrast\u00f3w i historii"},"content":{"rendered":"<p><div class=\"fusion-fullwidth fullwidth-box fusion-builder-row-1 fusion-flex-container nonhundred-percent-fullwidth non-hundred-percent-height-scrolling\" style=\"--awb-border-radius-top-left:0px;--awb-border-radius-top-right:0px;--awb-border-radius-bottom-right:0px;--awb-border-radius-bottom-left:0px;--awb-flex-wrap:wrap;\" ><div class=\"fusion-builder-row fusion-row fusion-flex-align-items-flex-start fusion-flex-content-wrap\" style=\"max-width:1248px;margin-left: calc(-4% \/ 2 );margin-right: calc(-4% \/ 2 );\"><div class=\"fusion-layout-column fusion_builder_column fusion-builder-column-0 fusion_builder_column_1_1 1_1 fusion-flex-column\" style=\"--awb-bg-blend:overlay;--awb-bg-size:cover;--awb-width-large:100%;--awb-margin-top-large:0px;--awb-spacing-right-large:1.92%;--awb-margin-bottom-large:0px;--awb-spacing-left-large:1.92%;--awb-width-medium:100%;--awb-spacing-right-medium:1.92%;--awb-spacing-left-medium:1.92%;--awb-width-small:100%;--awb-spacing-right-small:1.92%;--awb-spacing-left-small:1.92%;\"><div class=\"fusion-column-wrapper fusion-flex-justify-content-flex-start fusion-content-layout-column\"><div class=\"fusion-text fusion-text-1\"><div class=\"et_pb_row et_pb_row_0\">\n<div class=\"et_pb_column et_pb_column_4_4 et_pb_column_0  et_pb_css_mix_blend_mode_passthrough et-last-child\">\n<div class=\"et_pb_module et_pb_text et_pb_text_0  et_pb_text_align_left et_pb_bg_layout_light\">\n<div class=\"et_pb_text_inner\">\n<div id=\"ez-toc-container\" class=\"ez-toc-v2_0_82_2 ez-toc-wrap-left counter-hierarchy ez-toc-counter ez-toc-transparent ez-toc-container-direction\">\n<div class=\"ez-toc-title-container\">\n<p class=\"ez-toc-title\" style=\"cursor:inherit\">Tre\u015b\u0107<\/p>\n<span class=\"ez-toc-title-toggle\"><\/span><\/div>\n<nav><ul class='ez-toc-list ez-toc-list-level-1' ><li class='ez-toc-page-1 ez-toc-heading-level-2'><a class=\"ez-toc-link ez-toc-heading-1\" href=\"https:\/\/palazzovetrano.it\/pl\/palermo-noca\/#Palermo_bei_Nacht\" >Palermo noc\u0105<\/a><ul class='ez-toc-list-level-3' ><li class='ez-toc-heading-level-3'><a class=\"ez-toc-link ez-toc-heading-2\" href=\"https:\/\/palazzovetrano.it\/pl\/palermo-noca\/#_Du_mochtest_uns_kontaktieren\" >Chcesz si\u0119 z nami skontaktowa\u0107?<\/a><\/li><\/ul><\/li><li class='ez-toc-page-1 ez-toc-heading-level-2'><a class=\"ez-toc-link ez-toc-heading-3\" href=\"https:\/\/palazzovetrano.it\/pl\/palermo-noca\/#Via_Alessandro_Paternostro_Kunst_Kneipen_und_Kultur\" >Via Alessandro Paternostro: sztuka, puby i kultura<\/a><\/li><li class='ez-toc-page-1 ez-toc-heading-level-2'><a class=\"ez-toc-link ez-toc-heading-4\" href=\"https:\/\/palazzovetrano.it\/pl\/palermo-noca\/#Piazza_Bellini_Zeitreise_durch_Normannische_Geschichte\" >Piazza Bellini: Podr\u00f3\u017c w czasie przez histori\u0119 Norman\u00f3w<\/a><\/li><li class='ez-toc-page-1 ez-toc-heading-level-2'><a class=\"ez-toc-link ez-toc-heading-5\" href=\"https:\/\/palazzovetrano.it\/pl\/palermo-noca\/#Quattro_Canti_Barockes_Palermo_im_Zentrum\" >Quattro Canti: Barokowe Palermo w centrum miasta<\/a><\/li><li class='ez-toc-page-1 ez-toc-heading-level-2'><a class=\"ez-toc-link ez-toc-heading-6\" href=\"https:\/\/palazzovetrano.it\/pl\/palermo-noca\/#Palermos_Nachtleben\" >\u017bycie nocne w Palermo<\/a><\/li><li class='ez-toc-page-1 ez-toc-heading-level-2'><a class=\"ez-toc-link ez-toc-heading-7\" href=\"https:\/\/palazzovetrano.it\/pl\/palermo-noca\/#Palermo-Tipps\" >Wskaz\u00f3wki dotycz\u0105ce Palermo<\/a><\/li><\/ul><\/nav><\/div>\n<h2 class=\"fusion-responsive-typography-calculated\" style=\"--fontsize: 33; line-height: 1.3;\" data-fontsize=\"33\" data-lineheight=\"42.9px\"><span class=\"ez-toc-section\" id=\"Palermo_bei_Nacht\"><\/span>Palermo noc\u0105<span class=\"ez-toc-section-end\"><\/span><\/h2>\n<p>Szukasz nietypowego sposobu na zwiedzanie zabytk\u00f3w Palermo? Dla naszych niemieckoj\u0119zycznych go\u015bci oferujemy specjalny spacer po mie\u015bcie <strong>\"Palermo noc\u0105\"<\/strong> i - wieczorna podr\u00f3\u017c odkrywcza przez Centro Storico, czyli <strong>Stare Miasto<\/strong> Palermo, kt\u00f3re fascynuje swoimi kontrastami.<\/p>\n<\/div>\n<\/div>\n<\/div>\n<\/div>\n<div class=\"et_pb_row et_pb_row_1\">\n<div class=\"et_pb_column et_pb_column_4_4 et_pb_column_1  et_pb_css_mix_blend_mode_passthrough et-last-child\">\n<div class=\"et_pb_module et_pb_text et_pb_text_1  et_pb_text_align_left et_pb_bg_layout_light\">\n<div class=\"et_pb_text_inner\">\n<blockquote>\n<p>\"Je\u015bli raz zobaczysz niebo w Palermo, nigdy go nie zapomnisz\".<br \/>Johann Wolfgang von Goethe<\/p>\n<\/blockquote>\n<\/div>\n<\/div>\n<\/div>\n<\/div>\n<div class=\"et_pb_row et_pb_row_2\">\n<div class=\"et_pb_column et_pb_column_1_2 et_pb_column_2  et_pb_css_mix_blend_mode_passthrough\">\n<div class=\"et_pb_module et_pb_image et_pb_image_0\">\n<p>Podczas tej wycieczki poznasz najbardziej imponuj\u0105ce zak\u0105tki miasta, od bram <strong>Porta Felice<\/strong> oraz <strong>Porta Nuova<\/strong> a\u017c do imponuj\u0105cego <strong>Katedra<\/strong> i \u015bwiatowej s\u0142awy <strong>Teatro Massimo<\/strong>. Po drodze mijamy wspania\u0142y <strong>Piazza Quattro Canti<\/strong> i imponuj\u0105ce <strong>Fontana Pretoria<\/strong>znany r\u00f3wnie\u017c jako \"Fontanna Wstydu\".<\/p>\n<\/div>\n<\/div>\n<\/div>\n<div class=\"et_pb_row et_pb_row_11\">\n<div class=\"et_pb_column et_pb_column_1_2 et_pb_column_16  et_pb_css_mix_blend_mode_passthrough et-last-child\">\u00a0<\/div>\n<\/div><div class=\"fusion-text fusion-text-2\"><div style=\"border: 2px solid #ddd; padding: 20px; border-radius: 12px; background-color: #f9f9f9; margin: 30px 0; text-align: center;\">\n<h3 style=\"margin-bottom: 10px;\"><span class=\"ez-toc-section\" id=\"_Du_mochtest_uns_kontaktieren\"><\/span>Chcesz si\u0119 z nami skontaktowa\u0107?<span class=\"ez-toc-section-end\"><\/span><\/h3>\n<p style=\"font-size: 18px; margin: 10px 0;\">? <a style=\"text-decoration: none; color: #000;\" href=\"mailto:info@palazzovetrano.it\">info@palazzovetrano.it<\/a><br \/>? <a style=\"color: #25d366; font-weight: bold; text-decoration: none;\" href=\"https:\/\/wa.me\/393277299900\" target=\"_blank\" rel=\"noopener\">Napisz do nas na WhatsApp<\/a><\/p>\n<\/div>\n<\/div>\n<p><!-- \/wp:post-content --><\/p>\n<\/div><div class=\"fusion-image-element\" style=\"--awb-caption-title-font-family:var(--h2_typography-font-family);--awb-caption-title-font-weight:var(--h2_typography-font-weight);--awb-caption-title-font-style:var(--h2_typography-font-style);--awb-caption-title-size:var(--h2_typography-font-size);--awb-caption-title-transform:var(--h2_typography-text-transform);--awb-caption-title-line-height:var(--h2_typography-line-height);--awb-caption-title-letter-spacing:var(--h2_typography-letter-spacing);\"><span class=\"fusion-imageframe imageframe-none imageframe-1 hover-type-none\" style=\"border-radius:12px;\"><img decoding=\"async\" width=\"980\" height=\"551\" alt=\"Fontana Pretoria, Fontana della Vergogna, Palermo, noc\u0105,\" title=\"Fontana della Vergogna - Fontanna Wstydu\" src=\"https:\/\/palazzovetrano.it\/wp-content\/uploads\/2024\/09\/palazzo-vetrano-sicilia-sizilien-urlaub-palermo-by-night-Chiesa-di-San-Cataldo.jpg\" data-orig-src=\"https:\/\/palazzovetrano.it\/wp-content\/uploads\/2024\/09\/palazzo-vetrano-sicilia-sizilien-urlaub-palermo-by-night-Chiesa-di-San-Cataldo.jpg\" class=\"lazyload img-responsive wp-image-1684\" srcset=\"data:image\/svg+xml,%3Csvg%20xmlns%3D%27http%3A%2F%2Fwww.w3.org%2F2000%2Fsvg%27%20width%3D%27980%27%20height%3D%27551%27%20viewBox%3D%270%200%20980%20551%27%3E%3Crect%20width%3D%27980%27%20height%3D%27551%27%20fill-opacity%3D%220%22%2F%3E%3C%2Fsvg%3E\" data-srcset=\"https:\/\/palazzovetrano.it\/wp-content\/uploads\/2024\/09\/palazzo-vetrano-sicilia-sizilien-urlaub-palermo-by-night-Chiesa-di-San-Cataldo-200x112.jpg 200w, https:\/\/palazzovetrano.it\/wp-content\/uploads\/2024\/09\/palazzo-vetrano-sicilia-sizilien-urlaub-palermo-by-night-Chiesa-di-San-Cataldo-400x225.jpg 400w, https:\/\/palazzovetrano.it\/wp-content\/uploads\/2024\/09\/palazzo-vetrano-sicilia-sizilien-urlaub-palermo-by-night-Chiesa-di-San-Cataldo-600x337.jpg 600w, https:\/\/palazzovetrano.it\/wp-content\/uploads\/2024\/09\/palazzo-vetrano-sicilia-sizilien-urlaub-palermo-by-night-Chiesa-di-San-Cataldo-800x450.jpg 800w, https:\/\/palazzovetrano.it\/wp-content\/uploads\/2024\/09\/palazzo-vetrano-sicilia-sizilien-urlaub-palermo-by-night-Chiesa-di-San-Cataldo.jpg 980w\" data-sizes=\"auto\" data-orig-sizes=\"(max-width: 800px) 100vw, 980px\" \/><\/span><\/div><\/div><\/div><\/div><\/div><div class=\"fusion-fullwidth fullwidth-box fusion-builder-row-2 fusion-flex-container nonhundred-percent-fullwidth non-hundred-percent-height-scrolling\" style=\"--awb-border-radius-top-left:0px;--awb-border-radius-top-right:0px;--awb-border-radius-bottom-right:0px;--awb-border-radius-bottom-left:0px;--awb-flex-wrap:wrap;\" ><div class=\"fusion-builder-row fusion-row fusion-flex-align-items-flex-start fusion-flex-content-wrap\" style=\"max-width:1248px;margin-left: calc(-4% \/ 2 );margin-right: calc(-4% \/ 2 );\"><div class=\"fusion-layout-column fusion_builder_column fusion-builder-column-1 fusion_builder_column_1_1 1_1 fusion-flex-column\" style=\"--awb-bg-blend:overlay;--awb-bg-size:cover;--awb-width-large:100%;--awb-margin-top-large:0px;--awb-spacing-right-large:1.92%;--awb-margin-bottom-large:0px;--awb-spacing-left-large:1.92%;--awb-width-medium:100%;--awb-spacing-right-medium:1.92%;--awb-spacing-left-medium:1.92%;--awb-width-small:100%;--awb-spacing-right-small:1.92%;--awb-spacing-left-small:1.92%;\"><div class=\"fusion-column-wrapper fusion-flex-justify-content-flex-start fusion-content-layout-column\"><div class=\"fusion-text fusion-text-3\"><p><!-- wp:paragraph --><\/p>\n<div class=\"et_pb_row et_pb_row_0\">\n<div class=\"et_pb_column et_pb_column_4_4 et_pb_column_0  et_pb_css_mix_blend_mode_passthrough et-last-child\">\n<div class=\"et_pb_module et_pb_text et_pb_text_0  et_pb_text_align_left et_pb_bg_layout_light\">\n<div class=\"et_pb_text_inner\">\n<p>&nbsp;<\/p>\n<p>Nasz spacer zabierze nas nie tylko do zabytk\u00f3w architektury, ale tak\u017ce do t\u0119tni\u0105cych \u017cyciem alejek historycznego rynku <strong>Vucciria<\/strong>gdzie znajduje si\u0119 serce Palermo <strong>Streetfood<\/strong>-Scena. Znany jako nocny targ w Palermo <strong>Vuccir\u00eca<\/strong> uzupe\u0142nia nasz nocny spacer i odzwierciedla r\u00f3\u017cnorodno\u015b\u0107 nocnego \u017cycia Palermo.\u00a0<\/p>\n<p>&nbsp;<\/p>\n<\/div>\n<\/div>\n<\/div>\n<\/div>\n<p><!-- \/wp:paragraph --><\/p>\n<\/div><div class=\"fusion-image-element\" style=\"--awb-caption-title-font-family:var(--h2_typography-font-family);--awb-caption-title-font-weight:var(--h2_typography-font-weight);--awb-caption-title-font-style:var(--h2_typography-font-style);--awb-caption-title-size:var(--h2_typography-font-size);--awb-caption-title-transform:var(--h2_typography-text-transform);--awb-caption-title-line-height:var(--h2_typography-line-height);--awb-caption-title-letter-spacing:var(--h2_typography-letter-spacing);\"><span class=\"fusion-imageframe imageframe-none imageframe-2 hover-type-none\" style=\"border-radius:12px;\"><img decoding=\"async\" width=\"980\" height=\"551\" alt=\"Na rynku Vucciria: bij\u0105ce serce Palermo\" title=\"Na rynku Vucciria: bij\u0105ce serce Palermo\" src=\"https:\/\/palazzovetrano.it\/wp-content\/uploads\/2024\/09\/palazzo-vetrano-sicilia-sizilien-urlaub-palermo-by-night-vucciria.jpg\" data-orig-src=\"https:\/\/palazzovetrano.it\/wp-content\/uploads\/2024\/09\/palazzo-vetrano-sicilia-sizilien-urlaub-palermo-by-night-vucciria.jpg\" class=\"lazyload img-responsive wp-image-1688\" srcset=\"data:image\/svg+xml,%3Csvg%20xmlns%3D%27http%3A%2F%2Fwww.w3.org%2F2000%2Fsvg%27%20width%3D%27980%27%20height%3D%27551%27%20viewBox%3D%270%200%20980%20551%27%3E%3Crect%20width%3D%27980%27%20height%3D%27551%27%20fill-opacity%3D%220%22%2F%3E%3C%2Fsvg%3E\" data-srcset=\"https:\/\/palazzovetrano.it\/wp-content\/uploads\/2024\/09\/palazzo-vetrano-sicilia-sizilien-urlaub-palermo-by-night-vucciria-200x112.jpg 200w, https:\/\/palazzovetrano.it\/wp-content\/uploads\/2024\/09\/palazzo-vetrano-sicilia-sizilien-urlaub-palermo-by-night-vucciria-400x225.jpg 400w, https:\/\/palazzovetrano.it\/wp-content\/uploads\/2024\/09\/palazzo-vetrano-sicilia-sizilien-urlaub-palermo-by-night-vucciria-600x337.jpg 600w, https:\/\/palazzovetrano.it\/wp-content\/uploads\/2024\/09\/palazzo-vetrano-sicilia-sizilien-urlaub-palermo-by-night-vucciria-800x450.jpg 800w, https:\/\/palazzovetrano.it\/wp-content\/uploads\/2024\/09\/palazzo-vetrano-sicilia-sizilien-urlaub-palermo-by-night-vucciria.jpg 980w\" data-sizes=\"auto\" data-orig-sizes=\"(max-width: 800px) 100vw, 980px\" \/><\/span><\/div><\/div><\/div><\/div><\/div><div class=\"fusion-fullwidth fullwidth-box fusion-builder-row-3 fusion-flex-container nonhundred-percent-fullwidth non-hundred-percent-height-scrolling\" style=\"--awb-border-radius-top-left:0px;--awb-border-radius-top-right:0px;--awb-border-radius-bottom-right:0px;--awb-border-radius-bottom-left:0px;--awb-flex-wrap:wrap;\" ><div class=\"fusion-builder-row fusion-row fusion-flex-align-items-flex-start fusion-flex-content-wrap\" style=\"max-width:1248px;margin-left: calc(-4% \/ 2 );margin-right: calc(-4% \/ 2 );\"><div class=\"fusion-layout-column fusion_builder_column fusion-builder-column-2 fusion_builder_column_1_1 1_1 fusion-flex-column\" style=\"--awb-bg-blend:overlay;--awb-bg-size:cover;--awb-width-large:100%;--awb-margin-top-large:0px;--awb-spacing-right-large:1.92%;--awb-margin-bottom-large:0px;--awb-spacing-left-large:1.92%;--awb-width-medium:100%;--awb-spacing-right-medium:1.92%;--awb-spacing-left-medium:1.92%;--awb-width-small:100%;--awb-spacing-right-small:1.92%;--awb-spacing-left-small:1.92%;\"><div class=\"fusion-column-wrapper fusion-flex-justify-content-flex-start fusion-content-layout-column\"><div class=\"fusion-text fusion-text-4\"><p><!-- wp:paragraph --><\/p>\n<div class=\"et_pb_row et_pb_row_0\">\n<div class=\"et_pb_column et_pb_column_4_4 et_pb_column_0  et_pb_css_mix_blend_mode_passthrough et-last-child\">\n<div class=\"et_pb_module et_pb_text et_pb_text_0  et_pb_text_align_left et_pb_bg_layout_light\">\n<div>\u00a0<\/div>\n<div class=\"et_pb_text_inner\">Kolejn\u0105 atrakcj\u0105 jest wizyta w <strong>Focacceria San Francesco<\/strong>kt\u00f3re s\u0142ynie nie tylko z doskona\u0142ego ulicznego jedzenia, ale tak\u017ce z odwa\u017cnej historii walki z <strong>Mafia<\/strong>. W\u0142a\u015bciciel przedstawi\u0142 si\u0119<strong> Cosa Nostra<\/strong> i tym samym napisa\u0142 inspiruj\u0105cy rozdzia\u0142 w bogatej w wydarzenia historii Palermo. <strong>Antymafia<\/strong>-historia. Tutaj masz r\u00f3wnie\u017c okazj\u0119 spr\u00f3bowa\u0107 prawdziwej sycylijskiej specjalno\u015bci: s\u0142ynnego \"<strong>Pani ca meusa<\/strong>\", obfita bu\u0142ka ze \u015bledzion\u0105 i serem - nie dla os\u00f3b o s\u0142abym sercu, ale absolutny klasyk. A przy okazji dowiesz si\u0119, czy Palermo jest niebezpieczne noc\u0105 i jaka jest obecna sytuacja bezpiecze\u0144stwa w stolicy Sycylii.<\/div>\n<div>\u00a0<\/div>\n<blockquote>\n<div>\"Temu miastu chcia\u0142bym powiedzie\u0107: ludzie odchodz\u0105, idee pozostaj\u0105. Ich napi\u0119cia moralne pozostaj\u0105 i nadal b\u0119d\u0105 chodzi\u0107 na nogach innych ludzi\".<br \/>Giovanni Falcone<\/div>\n<\/blockquote>\n<div>\u00a0<\/div>\n<div class=\"et_pb_text_inner\">Us\u0142ysz wi\u0119cej poruszaj\u0105cych historii o bohaterach, rewolucjonistach, artystach i my\u015blicielach, kt\u00f3rzy odcisn\u0119li swoje pi\u0119tno na ulicach Palermo. Poznaj fascynuj\u0105ce historie \u017cycia tych ludzi, kt\u00f3rzy swoj\u0105 odwag\u0105, kreatywno\u015bci\u0105 i zaanga\u017cowaniem znacz\u0105co wp\u0142yn\u0119li na kultur\u0119 i dziedzictwo tego wyj\u0105tkowego miasta. Od korzeni sycylijskiej to\u017csamo\u015bci po wsp\u00f3\u0142czesnych wizjoner\u00f3w, historie Palermita\u0144czyk\u00f3w s\u0105 pe\u0142ne inspiracji i odkry\u0107.<\/div>\n<\/div>\n<div>\u00a0<\/div>\n<\/div>\n<\/div>\n<p><!-- \/wp:paragraph --><\/p>\n<\/div><div class=\"fusion-image-element\" style=\"--awb-caption-title-font-family:var(--h2_typography-font-family);--awb-caption-title-font-weight:var(--h2_typography-font-weight);--awb-caption-title-font-style:var(--h2_typography-font-style);--awb-caption-title-size:var(--h2_typography-font-size);--awb-caption-title-transform:var(--h2_typography-text-transform);--awb-caption-title-line-height:var(--h2_typography-line-height);--awb-caption-title-letter-spacing:var(--h2_typography-letter-spacing);\"><span class=\"fusion-imageframe imageframe-none imageframe-3 hover-type-none\" style=\"border-radius:12px;\"><img decoding=\"async\" width=\"980\" height=\"551\" alt=\"Focacceria San Francesco: historia i smak\" title=\"palazzo-vetrano-sicilia-sycylia-wakacje-palermo-by-noc-Antica Focacceria San Francesco\" src=\"https:\/\/palazzovetrano.it\/wp-content\/uploads\/2024\/09\/palazzo-vetrano-sicilia-sizilien-urlaub-palermo-by-night-Antica-Focacceria-San-Francesco-.jpg\" data-orig-src=\"https:\/\/palazzovetrano.it\/wp-content\/uploads\/2024\/09\/palazzo-vetrano-sicilia-sizilien-urlaub-palermo-by-night-Antica-Focacceria-San-Francesco-.jpg\" class=\"lazyload img-responsive wp-image-1682\" srcset=\"data:image\/svg+xml,%3Csvg%20xmlns%3D%27http%3A%2F%2Fwww.w3.org%2F2000%2Fsvg%27%20width%3D%27980%27%20height%3D%27551%27%20viewBox%3D%270%200%20980%20551%27%3E%3Crect%20width%3D%27980%27%20height%3D%27551%27%20fill-opacity%3D%220%22%2F%3E%3C%2Fsvg%3E\" data-srcset=\"https:\/\/palazzovetrano.it\/wp-content\/uploads\/2024\/09\/palazzo-vetrano-sicilia-sizilien-urlaub-palermo-by-night-Antica-Focacceria-San-Francesco--200x112.jpg 200w, https:\/\/palazzovetrano.it\/wp-content\/uploads\/2024\/09\/palazzo-vetrano-sicilia-sizilien-urlaub-palermo-by-night-Antica-Focacceria-San-Francesco--400x225.jpg 400w, https:\/\/palazzovetrano.it\/wp-content\/uploads\/2024\/09\/palazzo-vetrano-sicilia-sizilien-urlaub-palermo-by-night-Antica-Focacceria-San-Francesco--600x337.jpg 600w, https:\/\/palazzovetrano.it\/wp-content\/uploads\/2024\/09\/palazzo-vetrano-sicilia-sizilien-urlaub-palermo-by-night-Antica-Focacceria-San-Francesco--800x450.jpg 800w, https:\/\/palazzovetrano.it\/wp-content\/uploads\/2024\/09\/palazzo-vetrano-sicilia-sizilien-urlaub-palermo-by-night-Antica-Focacceria-San-Francesco-.jpg 980w\" data-sizes=\"auto\" data-orig-sizes=\"(max-width: 800px) 100vw, 980px\" \/><\/span><\/div><\/div><\/div><\/div><\/div><div class=\"fusion-fullwidth fullwidth-box fusion-builder-row-4 fusion-flex-container nonhundred-percent-fullwidth non-hundred-percent-height-scrolling\" style=\"--awb-border-radius-top-left:0px;--awb-border-radius-top-right:0px;--awb-border-radius-bottom-right:0px;--awb-border-radius-bottom-left:0px;--awb-flex-wrap:wrap;\" ><div class=\"fusion-builder-row fusion-row fusion-flex-align-items-flex-start fusion-flex-content-wrap\" style=\"max-width:1248px;margin-left: calc(-4% \/ 2 );margin-right: calc(-4% \/ 2 );\"><div class=\"fusion-layout-column fusion_builder_column fusion-builder-column-3 fusion_builder_column_1_1 1_1 fusion-flex-column\" style=\"--awb-bg-blend:overlay;--awb-bg-size:cover;--awb-width-large:100%;--awb-margin-top-large:0px;--awb-spacing-right-large:1.92%;--awb-margin-bottom-large:0px;--awb-spacing-left-large:1.92%;--awb-width-medium:100%;--awb-spacing-right-medium:1.92%;--awb-spacing-left-medium:1.92%;--awb-width-small:100%;--awb-spacing-right-small:1.92%;--awb-spacing-left-small:1.92%;\"><div class=\"fusion-column-wrapper fusion-flex-justify-content-flex-start fusion-content-layout-column\"><div class=\"fusion-text fusion-text-5\"><p><!-- wp:paragraph --><\/p>\n<div class=\"et_pb_row et_pb_row_0\">\n<div class=\"et_pb_column et_pb_column_4_4 et_pb_column_0  et_pb_css_mix_blend_mode_passthrough et-last-child\">\n<div class=\"et_pb_module et_pb_text et_pb_text_0  et_pb_text_align_left et_pb_bg_layout_light\">\n<div class=\"et_pb_text_inner\">\n<p>&nbsp;<\/p>\n<p>Podczas spaceru po mie\u015bcie dowiesz si\u0119 r\u00f3wnie\u017c wi\u0119cej o historii legendarnego miasta. <strong>Rodzina Florio<\/strong> i upadek sycylijskiej arystokracji, tak imponuj\u0105co opisany w \"Gattopardo\". Historyczne centrum Palermo to nie tylko \u017cywe dziedzictwo kulturowe, to tak\u017ce <strong>Miejsce \u015bwiatowego dziedzictwa UNESCO<\/strong>. Jego unikalne budynki opowiadaj\u0105 o wielowiekowej historii i kulturze.<\/p>\n<h2><span class=\"ez-toc-section\" id=\"Via_Alessandro_Paternostro_Kunst_Kneipen_und_Kultur\"><\/span><strong>Via Alessandro Paternostro: sztuka, puby i kultura<\/strong><span class=\"ez-toc-section-end\"><\/span><\/h2>\n<p>Ponadto badamy t\u0119tni\u0105ce \u017cyciem <strong>Via Alessandro Paternostro<\/strong>Ulica pe\u0142na \u017cycia i historii, gdzie spotykaj\u0105 si\u0119 galerie sztuki, puby i autentyczna sycylijska kultura. Tutaj mo\u017cna poczu\u0107 t\u0119tni\u0105ce \u017cyciem t\u0119tno miasta w ka\u017cdym zau\u0142ku.<\/p>\n<p>&nbsp;<\/p>\n<\/div>\n<\/div>\n<\/div>\n<\/div>\n<div class=\"et_pb_row et_pb_row_11\">\n<div class=\"et_pb_column et_pb_column_1_2 et_pb_column_16  et_pb_css_mix_blend_mode_passthrough et-last-child\">\u00a0<\/div>\n<\/div>\n<p><!-- \/wp:paragraph --><\/p>\n<\/div><div class=\"fusion-image-element\" style=\"--awb-caption-title-font-family:var(--h2_typography-font-family);--awb-caption-title-font-weight:var(--h2_typography-font-weight);--awb-caption-title-font-style:var(--h2_typography-font-style);--awb-caption-title-size:var(--h2_typography-font-size);--awb-caption-title-transform:var(--h2_typography-text-transform);--awb-caption-title-line-height:var(--h2_typography-line-height);--awb-caption-title-letter-spacing:var(--h2_typography-letter-spacing);\"><span class=\"fusion-imageframe imageframe-none imageframe-4 hover-type-none\" style=\"border-radius:12px;\"><img decoding=\"async\" width=\"980\" height=\"551\" alt=\"Palermo, Via Alessandro Paternostro: sztuka, puby i kultura\" title=\"Palermo, Via Alessandro Paternostro: sztuka, puby i kultura\" src=\"https:\/\/palazzovetrano.it\/wp-content\/uploads\/2024\/09\/palazzo-vetrano-sicilia-sizilien-urlaub-palermo-by-night-Nachtleben-1.jpg\" data-orig-src=\"https:\/\/palazzovetrano.it\/wp-content\/uploads\/2024\/09\/palazzo-vetrano-sicilia-sizilien-urlaub-palermo-by-night-Nachtleben-1.jpg\" class=\"lazyload img-responsive wp-image-1685\" srcset=\"data:image\/svg+xml,%3Csvg%20xmlns%3D%27http%3A%2F%2Fwww.w3.org%2F2000%2Fsvg%27%20width%3D%27980%27%20height%3D%27551%27%20viewBox%3D%270%200%20980%20551%27%3E%3Crect%20width%3D%27980%27%20height%3D%27551%27%20fill-opacity%3D%220%22%2F%3E%3C%2Fsvg%3E\" data-srcset=\"https:\/\/palazzovetrano.it\/wp-content\/uploads\/2024\/09\/palazzo-vetrano-sicilia-sizilien-urlaub-palermo-by-night-Nachtleben-1-200x112.jpg 200w, https:\/\/palazzovetrano.it\/wp-content\/uploads\/2024\/09\/palazzo-vetrano-sicilia-sizilien-urlaub-palermo-by-night-Nachtleben-1-400x225.jpg 400w, https:\/\/palazzovetrano.it\/wp-content\/uploads\/2024\/09\/palazzo-vetrano-sicilia-sizilien-urlaub-palermo-by-night-Nachtleben-1-600x337.jpg 600w, https:\/\/palazzovetrano.it\/wp-content\/uploads\/2024\/09\/palazzo-vetrano-sicilia-sizilien-urlaub-palermo-by-night-Nachtleben-1-800x450.jpg 800w, https:\/\/palazzovetrano.it\/wp-content\/uploads\/2024\/09\/palazzo-vetrano-sicilia-sizilien-urlaub-palermo-by-night-Nachtleben-1.jpg 980w\" data-sizes=\"auto\" data-orig-sizes=\"(max-width: 800px) 100vw, 980px\" \/><\/span><\/div><\/div><\/div><\/div><\/div><div class=\"fusion-fullwidth fullwidth-box fusion-builder-row-5 fusion-flex-container nonhundred-percent-fullwidth non-hundred-percent-height-scrolling\" style=\"--awb-border-radius-top-left:0px;--awb-border-radius-top-right:0px;--awb-border-radius-bottom-right:0px;--awb-border-radius-bottom-left:0px;--awb-flex-wrap:wrap;\" ><div class=\"fusion-builder-row fusion-row fusion-flex-align-items-flex-start fusion-flex-content-wrap\" style=\"max-width:1248px;margin-left: calc(-4% \/ 2 );margin-right: calc(-4% \/ 2 );\"><div class=\"fusion-layout-column fusion_builder_column fusion-builder-column-4 fusion_builder_column_1_1 1_1 fusion-flex-column\" style=\"--awb-bg-blend:overlay;--awb-bg-size:cover;--awb-width-large:100%;--awb-margin-top-large:0px;--awb-spacing-right-large:1.92%;--awb-margin-bottom-large:0px;--awb-spacing-left-large:1.92%;--awb-width-medium:100%;--awb-spacing-right-medium:1.92%;--awb-spacing-left-medium:1.92%;--awb-width-small:100%;--awb-spacing-right-small:1.92%;--awb-spacing-left-small:1.92%;\"><div class=\"fusion-column-wrapper fusion-flex-justify-content-flex-start fusion-content-layout-column\"><div class=\"fusion-text fusion-text-6\"><p>&nbsp;<\/p>\n<h2><span class=\"ez-toc-section\" id=\"Piazza_Bellini_Zeitreise_durch_Normannische_Geschichte\"><\/span><strong>Piazza Bellini: Podr\u00f3\u017c w czasie przez histori\u0119 Norman\u00f3w<\/strong><span class=\"ez-toc-section-end\"><\/span><\/h2>\n<p>Na <strong>Piazza Bellini<\/strong> napotykamy wspania\u0142e norma\u0144skie ko\u015bcio\u0142y <strong>San Cataldo<\/strong> i <strong>Ko\u015bci\u00f3\u0142 Admira\u0142a<\/strong>kt\u00f3re s\u0105 <strong>Miejsce \u015bwiatowego dziedzictwa UNESCO<\/strong>-miejsce. Tutaj style norma\u0144ski, arabski i sycylijski \u0142\u0105cz\u0105 si\u0119 w architekturze i opowiadaj\u0105 o bogatej przesz\u0142o\u015bci.<\/p>\n<blockquote>\n<p>Palermo, miasto pa\u0142ac\u00f3w, ko\u015bcio\u0142\u00f3w i b\u0142yszcz\u0105cych alejek, ma barokowy wystr\u00f3j, ale gdzieniegdzie pojawiaj\u0105 si\u0119 orientalne, hiszpa\u0144skie i norma\u0144skie refleksy, kt\u00f3re zmieniaj\u0105 miasto w wielowymiarow\u0105 scen\u0119.<\/p>\n<p>Fabrizio Caramagna<\/p>\n<\/blockquote>\n<p>&nbsp;<\/p>\n<\/div><div class=\"fusion-image-element\" style=\"--awb-caption-title-font-family:var(--h2_typography-font-family);--awb-caption-title-font-weight:var(--h2_typography-font-weight);--awb-caption-title-font-style:var(--h2_typography-font-style);--awb-caption-title-size:var(--h2_typography-font-size);--awb-caption-title-transform:var(--h2_typography-text-transform);--awb-caption-title-line-height:var(--h2_typography-line-height);--awb-caption-title-letter-spacing:var(--h2_typography-letter-spacing);\"><span class=\"fusion-imageframe imageframe-none imageframe-5 hover-type-none\" style=\"border-radius:12px;\"><img decoding=\"async\" width=\"980\" height=\"551\" alt=\"Palermo, Piazza Bellini: podr\u00f3\u017c w czasie, odwiedzamy wspania\u0142e norma\u0144skie ko\u015bcio\u0142y San Cataldo i Ko\u015bci\u00f3\u0142 Admira\u0142a, wpisane na List\u0119 \u015awiatowego Dziedzictwa UNESCO.\" src=\"https:\/\/palazzovetrano.it\/wp-content\/uploads\/2024\/09\/palazzo-vetrano-sicilia-sizilien-urlaub-palermo-by-night-Chiesa-di-San-Cataldo-.jpg\" data-orig-src=\"https:\/\/palazzovetrano.it\/wp-content\/uploads\/2024\/09\/palazzo-vetrano-sicilia-sizilien-urlaub-palermo-by-night-Chiesa-di-San-Cataldo-.jpg\" class=\"lazyload img-responsive wp-image-1683\" srcset=\"data:image\/svg+xml,%3Csvg%20xmlns%3D%27http%3A%2F%2Fwww.w3.org%2F2000%2Fsvg%27%20width%3D%27980%27%20height%3D%27551%27%20viewBox%3D%270%200%20980%20551%27%3E%3Crect%20width%3D%27980%27%20height%3D%27551%27%20fill-opacity%3D%220%22%2F%3E%3C%2Fsvg%3E\" data-srcset=\"https:\/\/palazzovetrano.it\/wp-content\/uploads\/2024\/09\/palazzo-vetrano-sicilia-sizilien-urlaub-palermo-by-night-Chiesa-di-San-Cataldo--200x112.jpg 200w, https:\/\/palazzovetrano.it\/wp-content\/uploads\/2024\/09\/palazzo-vetrano-sicilia-sizilien-urlaub-palermo-by-night-Chiesa-di-San-Cataldo--400x225.jpg 400w, https:\/\/palazzovetrano.it\/wp-content\/uploads\/2024\/09\/palazzo-vetrano-sicilia-sizilien-urlaub-palermo-by-night-Chiesa-di-San-Cataldo--600x337.jpg 600w, https:\/\/palazzovetrano.it\/wp-content\/uploads\/2024\/09\/palazzo-vetrano-sicilia-sizilien-urlaub-palermo-by-night-Chiesa-di-San-Cataldo--800x450.jpg 800w, https:\/\/palazzovetrano.it\/wp-content\/uploads\/2024\/09\/palazzo-vetrano-sicilia-sizilien-urlaub-palermo-by-night-Chiesa-di-San-Cataldo-.jpg 980w\" data-sizes=\"auto\" data-orig-sizes=\"(max-width: 800px) 100vw, 980px\" \/><\/span><\/div><\/div><\/div><\/div><\/div><div class=\"fusion-fullwidth fullwidth-box fusion-builder-row-6 fusion-flex-container nonhundred-percent-fullwidth non-hundred-percent-height-scrolling\" style=\"--awb-border-radius-top-left:0px;--awb-border-radius-top-right:0px;--awb-border-radius-bottom-right:0px;--awb-border-radius-bottom-left:0px;--awb-flex-wrap:wrap;\" ><div class=\"fusion-builder-row fusion-row fusion-flex-align-items-flex-start fusion-flex-content-wrap\" style=\"max-width:1248px;margin-left: calc(-4% \/ 2 );margin-right: calc(-4% \/ 2 );\"><div class=\"fusion-layout-column fusion_builder_column fusion-builder-column-5 fusion_builder_column_1_1 1_1 fusion-flex-column\" style=\"--awb-bg-blend:overlay;--awb-bg-size:cover;--awb-width-large:100%;--awb-margin-top-large:0px;--awb-spacing-right-large:1.92%;--awb-margin-bottom-large:0px;--awb-spacing-left-large:1.92%;--awb-width-medium:100%;--awb-spacing-right-medium:1.92%;--awb-spacing-left-medium:1.92%;--awb-width-small:100%;--awb-spacing-right-small:1.92%;--awb-spacing-left-small:1.92%;\"><div class=\"fusion-column-wrapper fusion-flex-justify-content-flex-start fusion-content-layout-column\"><div class=\"fusion-text fusion-text-7\"><div class=\"et_pb_row et_pb_row_0\">\n<div class=\"et_pb_column et_pb_column_4_4 et_pb_column_0  et_pb_css_mix_blend_mode_passthrough et-last-child\">\n<div class=\"et_pb_module et_pb_text et_pb_text_0  et_pb_text_align_left et_pb_bg_layout_light\">\n<div class=\"et_pb_text_inner\">\n<p>&nbsp;<\/p>\n<h2><span class=\"ez-toc-section\" id=\"Quattro_Canti_Barockes_Palermo_im_Zentrum\"><\/span><strong>Quattro Canti: Barokowe Palermo w centrum miasta<\/strong><span class=\"ez-toc-section-end\"><\/span><\/h2>\n<p>Wycieczka jest kontynuowana do jednego z najbardziej znanych miejsc w mie\u015bcie: <strong>Quattro Canti<\/strong>. To imponuj\u0105ce barokowe skrzy\u017cowanie jest uwa\u017cane za serce Palermo i stanowi idealn\u0105 baz\u0119 wypadow\u0105 do odkrywania innych ukrytych skarb\u00f3w. <strong>Interesuj\u0105ce miejsca<\/strong> starego miasta.<\/p>\n<p>&nbsp;<\/p>\n<\/div>\n<\/div>\n<\/div>\n<\/div>\n<p><!-- \/wp:paragraph --><\/p>\n<\/div><div class=\"fusion-image-element\" style=\"--awb-caption-title-font-family:var(--h2_typography-font-family);--awb-caption-title-font-weight:var(--h2_typography-font-weight);--awb-caption-title-font-style:var(--h2_typography-font-style);--awb-caption-title-size:var(--h2_typography-font-size);--awb-caption-title-transform:var(--h2_typography-text-transform);--awb-caption-title-line-height:var(--h2_typography-line-height);--awb-caption-title-letter-spacing:var(--h2_typography-letter-spacing);\"><span class=\"fusion-imageframe imageframe-none imageframe-6 hover-type-none\" style=\"border-radius:12px;\"><img decoding=\"async\" width=\"980\" height=\"551\" alt=\"Quattro Canti: Barokowe Palermo w centrum miasta\" title=\"Quattro Canti: Barokowe Palermo w centrum miasta\" src=\"https:\/\/palazzovetrano.it\/wp-content\/uploads\/2024\/09\/palazzo-vetrano-sicilia-sizilien-urlaub-palermo-by-night-Quattro-Canti-.jpg\" data-orig-src=\"https:\/\/palazzovetrano.it\/wp-content\/uploads\/2024\/09\/palazzo-vetrano-sicilia-sizilien-urlaub-palermo-by-night-Quattro-Canti-.jpg\" class=\"lazyload img-responsive wp-image-1687\" srcset=\"data:image\/svg+xml,%3Csvg%20xmlns%3D%27http%3A%2F%2Fwww.w3.org%2F2000%2Fsvg%27%20width%3D%27980%27%20height%3D%27551%27%20viewBox%3D%270%200%20980%20551%27%3E%3Crect%20width%3D%27980%27%20height%3D%27551%27%20fill-opacity%3D%220%22%2F%3E%3C%2Fsvg%3E\" data-srcset=\"https:\/\/palazzovetrano.it\/wp-content\/uploads\/2024\/09\/palazzo-vetrano-sicilia-sizilien-urlaub-palermo-by-night-Quattro-Canti--200x112.jpg 200w, https:\/\/palazzovetrano.it\/wp-content\/uploads\/2024\/09\/palazzo-vetrano-sicilia-sizilien-urlaub-palermo-by-night-Quattro-Canti--400x225.jpg 400w, https:\/\/palazzovetrano.it\/wp-content\/uploads\/2024\/09\/palazzo-vetrano-sicilia-sizilien-urlaub-palermo-by-night-Quattro-Canti--600x337.jpg 600w, https:\/\/palazzovetrano.it\/wp-content\/uploads\/2024\/09\/palazzo-vetrano-sicilia-sizilien-urlaub-palermo-by-night-Quattro-Canti--800x450.jpg 800w, https:\/\/palazzovetrano.it\/wp-content\/uploads\/2024\/09\/palazzo-vetrano-sicilia-sizilien-urlaub-palermo-by-night-Quattro-Canti-.jpg 980w\" data-sizes=\"auto\" data-orig-sizes=\"(max-width: 800px) 100vw, 980px\" \/><\/span><\/div><\/div><\/div><\/div><\/div><div class=\"fusion-fullwidth fullwidth-box fusion-builder-row-7 fusion-flex-container nonhundred-percent-fullwidth non-hundred-percent-height-scrolling\" style=\"--awb-border-radius-top-left:0px;--awb-border-radius-top-right:0px;--awb-border-radius-bottom-right:0px;--awb-border-radius-bottom-left:0px;--awb-flex-wrap:wrap;\" ><div class=\"fusion-builder-row fusion-row fusion-flex-align-items-flex-start fusion-flex-content-wrap\" style=\"max-width:1248px;margin-left: calc(-4% \/ 2 );margin-right: calc(-4% \/ 2 );\"><div class=\"fusion-layout-column fusion_builder_column fusion-builder-column-6 fusion_builder_column_1_1 1_1 fusion-flex-column\" style=\"--awb-bg-blend:overlay;--awb-bg-size:cover;--awb-width-large:100%;--awb-margin-top-large:0px;--awb-spacing-right-large:1.92%;--awb-margin-bottom-large:0px;--awb-spacing-left-large:1.92%;--awb-width-medium:100%;--awb-spacing-right-medium:1.92%;--awb-spacing-left-medium:1.92%;--awb-width-small:100%;--awb-spacing-right-small:1.92%;--awb-spacing-left-small:1.92%;\"><div class=\"fusion-column-wrapper fusion-flex-justify-content-flex-start fusion-content-layout-column\"><div class=\"fusion-text fusion-text-8\"><div class=\"et_pb_row et_pb_row_0\">\n<div class=\"et_pb_column et_pb_column_4_4 et_pb_column_0  et_pb_css_mix_blend_mode_passthrough et-last-child\">\n<div class=\"et_pb_module et_pb_text et_pb_text_0  et_pb_text_align_left et_pb_bg_layout_light\">\n<div class=\"et_pb_text_inner\">\n<p>&nbsp;<\/p>\n<h2><span class=\"ez-toc-section\" id=\"Palermos_Nachtleben\"><\/span>\u017bycie nocne w Palermo<span class=\"ez-toc-section-end\"><\/span><\/h2>\n<p>Gdy zapada noc, miasto budzi si\u0119 do nowego \u017cycia. Pod ciep\u0142ym \u015bwiat\u0142em starych latarni gazowych <strong>\u017bycie nocne<\/strong> i historycznym t\u0142em, tworz\u0105c niepowtarzaln\u0105 atmosfer\u0119. Kontrast mi\u0119dzy cichymi alejkami i t\u0119tni\u0105cymi \u017cyciem placami jest szczeg\u00f3lnie widoczny podczas tej wycieczki - to w\u0142a\u015bnie te kontrasty sprawiaj\u0105, \u017ce Palermo jest tak niepowtarzalne.<\/p>\n<p>&nbsp;<\/p>\n<\/div>\n<\/div>\n<\/div>\n<\/div>\n<p><!-- \/wp:paragraph --><\/p>\n<\/div><div class=\"fusion-image-element\" style=\"--awb-caption-title-font-family:var(--h2_typography-font-family);--awb-caption-title-font-weight:var(--h2_typography-font-weight);--awb-caption-title-font-style:var(--h2_typography-font-style);--awb-caption-title-size:var(--h2_typography-font-size);--awb-caption-title-transform:var(--h2_typography-text-transform);--awb-caption-title-line-height:var(--h2_typography-line-height);--awb-caption-title-letter-spacing:var(--h2_typography-letter-spacing);\"><span class=\"fusion-imageframe imageframe-none imageframe-7 hover-type-none\" style=\"border-radius:12px;\"><img decoding=\"async\" width=\"980\" height=\"551\" alt=\"\u017bycie nocne w Palermo\" title=\"Poznaj Palermo noc\u0105\" src=\"https:\/\/palazzovetrano.it\/wp-content\/uploads\/2024\/09\/palazzo-vetrano-sicilia-sizilien-urlaub-palermo-by-night-Nachtspaziergang-1.jpg\" data-orig-src=\"https:\/\/palazzovetrano.it\/wp-content\/uploads\/2024\/09\/palazzo-vetrano-sicilia-sizilien-urlaub-palermo-by-night-Nachtspaziergang-1.jpg\" class=\"lazyload img-responsive wp-image-1686\" srcset=\"data:image\/svg+xml,%3Csvg%20xmlns%3D%27http%3A%2F%2Fwww.w3.org%2F2000%2Fsvg%27%20width%3D%27980%27%20height%3D%27551%27%20viewBox%3D%270%200%20980%20551%27%3E%3Crect%20width%3D%27980%27%20height%3D%27551%27%20fill-opacity%3D%220%22%2F%3E%3C%2Fsvg%3E\" data-srcset=\"https:\/\/palazzovetrano.it\/wp-content\/uploads\/2024\/09\/palazzo-vetrano-sicilia-sizilien-urlaub-palermo-by-night-Nachtspaziergang-1-200x112.jpg 200w, https:\/\/palazzovetrano.it\/wp-content\/uploads\/2024\/09\/palazzo-vetrano-sicilia-sizilien-urlaub-palermo-by-night-Nachtspaziergang-1-400x225.jpg 400w, https:\/\/palazzovetrano.it\/wp-content\/uploads\/2024\/09\/palazzo-vetrano-sicilia-sizilien-urlaub-palermo-by-night-Nachtspaziergang-1-600x337.jpg 600w, https:\/\/palazzovetrano.it\/wp-content\/uploads\/2024\/09\/palazzo-vetrano-sicilia-sizilien-urlaub-palermo-by-night-Nachtspaziergang-1-800x450.jpg 800w, https:\/\/palazzovetrano.it\/wp-content\/uploads\/2024\/09\/palazzo-vetrano-sicilia-sizilien-urlaub-palermo-by-night-Nachtspaziergang-1.jpg 980w\" data-sizes=\"auto\" data-orig-sizes=\"(max-width: 800px) 100vw, 980px\" \/><\/span><\/div><\/div><\/div><\/div><\/div><div class=\"fusion-fullwidth fullwidth-box fusion-builder-row-8 fusion-flex-container nonhundred-percent-fullwidth non-hundred-percent-height-scrolling\" style=\"--awb-border-radius-top-left:0px;--awb-border-radius-top-right:0px;--awb-border-radius-bottom-right:0px;--awb-border-radius-bottom-left:0px;--awb-flex-wrap:wrap;\" ><div class=\"fusion-builder-row fusion-row fusion-flex-align-items-flex-start fusion-flex-content-wrap\" style=\"max-width:1248px;margin-left: calc(-4% \/ 2 );margin-right: calc(-4% \/ 2 );\"><div class=\"fusion-layout-column fusion_builder_column fusion-builder-column-7 fusion_builder_column_1_1 1_1 fusion-flex-column\" style=\"--awb-bg-blend:overlay;--awb-bg-size:cover;--awb-width-large:100%;--awb-margin-top-large:0px;--awb-spacing-right-large:1.92%;--awb-margin-bottom-large:0px;--awb-spacing-left-large:1.92%;--awb-width-medium:100%;--awb-spacing-right-medium:1.92%;--awb-spacing-left-medium:1.92%;--awb-width-small:100%;--awb-spacing-right-small:1.92%;--awb-spacing-left-small:1.92%;\"><div class=\"fusion-column-wrapper fusion-flex-justify-content-flex-start fusion-content-layout-column\"><div class=\"fusion-text fusion-text-9\"><h2><span class=\"ez-toc-section\" id=\"Palermo-Tipps\"><\/span><strong>Wskaz\u00f3wki dotycz\u0105ce Palermo<\/strong><span class=\"ez-toc-section-end\"><\/span><\/h2>\n<p>Spacer trwa oko\u0142o 3 godzin i prowadzi przez rozleg\u0142e centrum starego miasta. Wygodne buty s\u0105 konieczno\u015bci\u0105! Specjalna wskaz\u00f3wka: skorzystaj z okazji, aby zje\u015b\u0107 obiad w jednej z pobliskich restauracji przed wycieczk\u0105, poniewa\u017c pyszne <strong>Streetfood<\/strong> nie zast\u0119puje kolacji.<\/p>\n<p>&nbsp;<\/p>\n<p>Masz ochot\u0119 pozna\u0107 Palermo noc\u0105? W takim razie wy\u015blij nam e-mail - z niecierpliwo\u015bci\u0105 czekamy, aby towarzyszy\u0107 Ci w tej wyj\u0105tkowej odkrywczej podr\u00f3\u017cy!<\/p>\n<blockquote>\n<p>\"Palermo jest wystawne i nieprzyzwoite. Palermo jest jak New Delhi, ze wspania\u0142ymi pa\u0142acami maharad\u017c\u00f3w i torturowanymi cia\u0142ami wyrzutk\u00f3w na skraju bulwar\u00f3w\".<\/p>\n<p>Pippo Fava<\/p>\n<\/blockquote>\n<\/div><div class=\"fusion-text fusion-text-10\"><p>Na koniec pozwolili\u015bmy wypowiedzie\u0107 si\u0119 naszym go\u015bciom. Poniewa\u017c referencje m\u00f3wi\u0105 g\u0142o\u015bniej ni\u017c s\u0142owa:<\/p>\n<\/div><\/div><\/div><\/div><\/div><\/p>","protected":false},"excerpt":{"rendered":"","protected":false},"author":1,"featured_media":1755,"comment_status":"open","ping_status":"open","sticky":false,"template":"","format":"standard","meta":{"inline_featured_image":false,"footnotes":""},"categories":[18],"tags":[],"class_list":["post-1679","post","type-post","status-publish","format-standard","has-post-thumbnail","hentry","category-reiseplanung"],"_links":{"self":[{"href":"https:\/\/palazzovetrano.it\/pl\/wp-json\/wp\/v2\/posts\/1679","targetHints":{"allow":["GET"]}}],"collection":[{"href":"https:\/\/palazzovetrano.it\/pl\/wp-json\/wp\/v2\/posts"}],"about":[{"href":"https:\/\/palazzovetrano.it\/pl\/wp-json\/wp\/v2\/types\/post"}],"author":[{"embeddable":true,"href":"https:\/\/palazzovetrano.it\/pl\/wp-json\/wp\/v2\/users\/1"}],"replies":[{"embeddable":true,"href":"https:\/\/palazzovetrano.it\/pl\/wp-json\/wp\/v2\/comments?post=1679"}],"version-history":[{"count":50,"href":"https:\/\/palazzovetrano.it\/pl\/wp-json\/wp\/v2\/posts\/1679\/revisions"}],"predecessor-version":[{"id":2103,"href":"https:\/\/palazzovetrano.it\/pl\/wp-json\/wp\/v2\/posts\/1679\/revisions\/2103"}],"wp:featuredmedia":[{"embeddable":true,"href":"https:\/\/palazzovetrano.it\/pl\/wp-json\/wp\/v2\/media\/1755"}],"wp:attachment":[{"href":"https:\/\/palazzovetrano.it\/pl\/wp-json\/wp\/v2\/media?parent=1679"}],"wp:term":[{"taxonomy":"category","embeddable":true,"href":"https:\/\/palazzovetrano.it\/pl\/wp-json\/wp\/v2\/categories?post=1679"},{"taxonomy":"post_tag","embeddable":true,"href":"https:\/\/palazzovetrano.it\/pl\/wp-json\/wp\/v2\/tags?post=1679"}],"curies":[{"name":"wp","href":"https:\/\/api.w.org\/{rel}","templated":true}]}}