{"id":1,"date":"2023-06-19T13:43:33","date_gmt":"2023-06-19T13:43:33","guid":{"rendered":"https:\/\/palazzovetrano.it\/?p=1"},"modified":"2024-10-18T20:21:23","modified_gmt":"2024-10-18T20:21:23","slug":"nachhaltig-reisen-nachhaltige-ferienwohnung-in-palermo-altstadt","status":"publish","type":"post","link":"https:\/\/palazzovetrano.it\/pl\/data-trpgettextoriginalnachhaltig-reisen-nachhaltige-ferienwohnung-in-palermo-altstadt\/","title":{"rendered":"Zr\u00f3wnowa\u017cone podr\u00f3\u017ce - Zr\u00f3wnowa\u017cone mieszkanie wakacyjne na starym mie\u015bcie w Palermo"},"content":{"rendered":"<p><div class=\"fusion-fullwidth fullwidth-box fusion-builder-row-1 fusion-flex-container nonhundred-percent-fullwidth non-hundred-percent-height-scrolling\" style=\"--awb-border-radius-top-left:0px;--awb-border-radius-top-right:0px;--awb-border-radius-bottom-right:0px;--awb-border-radius-bottom-left:0px;--awb-flex-wrap:wrap;\" ><div class=\"fusion-builder-row fusion-row fusion-flex-align-items-flex-start fusion-flex-content-wrap\" style=\"max-width:1248px;margin-left: calc(-4% \/ 2 );margin-right: calc(-4% \/ 2 );\"><div class=\"fusion-layout-column fusion_builder_column fusion-builder-column-0 fusion_builder_column_1_1 1_1 fusion-flex-column\" style=\"--awb-bg-blend:overlay;--awb-bg-size:cover;--awb-width-large:100%;--awb-margin-top-large:0px;--awb-spacing-right-large:1.92%;--awb-margin-bottom-large:0px;--awb-spacing-left-large:1.92%;--awb-width-medium:100%;--awb-spacing-right-medium:1.92%;--awb-spacing-left-medium:1.92%;--awb-width-small:100%;--awb-spacing-right-small:1.92%;--awb-spacing-left-small:1.92%;\"><div class=\"fusion-column-wrapper fusion-flex-justify-content-flex-start fusion-content-layout-column\"><div class=\"fusion-text fusion-text-1\"><\/p>\n<div class=\"et_pb_row et_pb_row_0\">\n<div class=\"et_pb_column et_pb_column_4_4 et_pb_column_0  et_pb_css_mix_blend_mode_passthrough et-last-child\">\n<div class=\"et_pb_module et_pb_text et_pb_text_0  et_pb_text_align_left et_pb_bg_layout_light\">\n<div class=\"et_pb_text_inner\">\n<p>Czy Ty r\u00f3wnie\u017c chcia\u0142by\u015b zminimalizowa\u0107 sw\u00f3j \u015blad ekologiczny podczas podr\u00f3\u017cy? Jak mo\u017cemy Ci pom\u00f3c?<\/p>\n<p>Postrzegamy to jako nasz\u0105 wsp\u00f3ln\u0105 inicjatyw\u0119 maj\u0105c\u0105 na celu zmniejszenie wp\u0142ywu na \u015brodowisko, ochron\u0119 zasob\u00f3w naturalnych i promowanie spo\u0142ecznie odpowiedzialnych zachowa\u0144 bez zb\u0119dnego kaznodziejstwa. Celowo powstrzymujemy si\u0119 od wytykania palcami.<\/p>\n<p>Jednak integracja kwestii ekologicznych, ekonomicznych i spo\u0142ecznych w domu wakacyjnym nie jest \u0142atwa. Sycylia, a w szczeg\u00f3lno\u015bci Palermo, nie s\u0105 pionierami w zr\u00f3wnowa\u017conym my\u015bleniu i dzia\u0142aniu.<\/p>\n<p>Unikanie plastiku i segregacja odpad\u00f3w wydaj\u0105 si\u0119 by\u0107 tutaj obcymi s\u0142owami. Niemniej jednak istniej\u0105 pozytywne zmiany, takie jak pierwsze przystanki autobusowe wyposa\u017cone w stacje \u0142adowania. W\u0142ochy, a w szczeg\u00f3lno\u015bci Sycylia, s\u0105 r\u00f3wnie\u017c uwa\u017cane za pioniera na rynku magazynowania, podobnie jak Niemcy, je\u015bli chodzi o odnawialne \u017ar\u00f3d\u0142a energii.<\/p>\n<p>Jest wiele do zrobienia i nie zniech\u0119ci nas to do wniesienia naszego skromnego wk\u0142adu. S\u0142owo \"skromny\" zosta\u0142o wybrane celowo, poniewa\u017c wci\u0105\u017c widzimy siebie na pocz\u0105tku. Jeste\u015bmy zobowi\u0105zani do zrobienia tego w ramach naszych mo\u017cliwo\u015bci, zgodnie z mottem:<\/p>\n<\/div>\n<\/div>\n<\/div>\n<\/div>\n<div class=\"et_pb_row et_pb_row_1\">\n<div class=\"et_pb_column et_pb_column_4_4 et_pb_column_1  et_pb_css_mix_blend_mode_passthrough et-last-child\">\n<div class=\"et_pb_module et_pb_text et_pb_text_1  et_pb_text_align_left et_pb_bg_layout_light\">\n<div class=\"et_pb_text_inner\">\n<blockquote>\n<p><strong><em>\"To, co robimy dzisiaj, decyduje o tym, jak \u015bwiat b\u0119dzie wygl\u0105da\u0142 jutro\".<br \/><\/em><\/strong><strong><em>- Maria baronowa Ebner von Eschenbach<\/em><\/strong><\/p>\n<\/blockquote>\n<\/div>\n<\/div>\n<\/div>\n<\/div>\n<div class=\"et_pb_row et_pb_row_2\">\n<div class=\"et_pb_column et_pb_column_1_2 et_pb_column_2  et_pb_css_mix_blend_mode_passthrough\">\n<div class=\"et_pb_module et_pb_image et_pb_image_0\">\u00a0<\/div>\n<\/div>\n<\/div>\n<div class=\"et_pb_row et_pb_row_11\">\n<div class=\"et_pb_column et_pb_column_1_2 et_pb_column_16  et_pb_css_mix_blend_mode_passthrough et-last-child\">\u00a0<\/div>\n<\/div>\n<\/div><\/div><\/div><\/div><\/div><div class=\"fusion-fullwidth fullwidth-box fusion-builder-row-2 fusion-flex-container has-pattern-background has-mask-background nonhundred-percent-fullwidth non-hundred-percent-height-scrolling\" style=\"--awb-border-radius-top-left:0px;--awb-border-radius-top-right:0px;--awb-border-radius-bottom-right:0px;--awb-border-radius-bottom-left:0px;--awb-flex-wrap:wrap;\" ><div class=\"fusion-builder-row fusion-row fusion-flex-align-items-flex-start fusion-flex-content-wrap\" style=\"max-width:1248px;margin-left: calc(-4% \/ 2 );margin-right: calc(-4% \/ 2 );\"><div class=\"fusion-layout-column fusion_builder_column fusion-builder-column-1 fusion_builder_column_1_2 1_2 fusion-flex-column\" style=\"--awb-bg-size:cover;--awb-width-large:50%;--awb-margin-top-large:0px;--awb-spacing-right-large:3.84%;--awb-margin-bottom-large:20px;--awb-spacing-left-large:3.84%;--awb-width-medium:50%;--awb-order-medium:0;--awb-spacing-right-medium:3.84%;--awb-spacing-left-medium:3.84%;--awb-width-small:100%;--awb-order-small:0;--awb-spacing-right-small:1.92%;--awb-spacing-left-small:1.92%;\"><div class=\"fusion-column-wrapper fusion-column-has-shadow fusion-flex-justify-content-flex-start fusion-content-layout-column\"><div class=\"fusion-image-element\" style=\"--awb-caption-title-font-family:var(--h2_typography-font-family);--awb-caption-title-font-weight:var(--h2_typography-font-weight);--awb-caption-title-font-style:var(--h2_typography-font-style);--awb-caption-title-size:var(--h2_typography-font-size);--awb-caption-title-transform:var(--h2_typography-text-transform);--awb-caption-title-line-height:var(--h2_typography-line-height);--awb-caption-title-letter-spacing:var(--h2_typography-letter-spacing);\"><span class=\"fusion-imageframe imageframe-none imageframe-1 hover-type-none\" style=\"border-radius:12px;\"><img decoding=\"async\" width=\"1024\" height=\"682\" alt=\"Palazzo Vetrano: Zr\u00f3wnowa\u017cone mieszkanie wakacyjne Palermo, tutaj system solarny, fotowoltaiczny z magazynowaniem energii elektrycznej\" title=\"Palermo zr\u00f3wnowa\u017cony rozw\u00f3j, zr\u00f3wnowa\u017cone podr\u00f3\u017ce, zr\u00f3wnowa\u017cone wakacje mieszkanie Palermo stare miasto, Palermo sostenibilit\u00e0, viaggio sostenibile, vacanza sostenibile appartamento Palermo centro storico, eco BnB\" src=\"https:\/\/palazzovetrano.it\/wp-content\/uploads\/2024\/03\/00003Palermo-Nachhaltigkeit-Nachhaltig-Reisen-nachhaltige-Ferienwohnung-Palermo-Altstadt-Palermo-sostenibilita-viaggio-sostenibile-vacanza-sostenibile-appartamento-Palermo-centro-storico-eco-BnB.jpg\" data-orig-src=\"https:\/\/palazzovetrano.it\/wp-content\/uploads\/2024\/03\/00003Palermo-Nachhaltigkeit-Nachhaltig-Reisen-nachhaltige-Ferienwohnung-Palermo-Altstadt-Palermo-sostenibilita-viaggio-sostenibile-vacanza-sostenibile-appartamento-Palermo-centro-storico-eco-BnB.jpg\" class=\"lazyload img-responsive wp-image-1598\" srcset=\"data:image\/svg+xml,%3Csvg%20xmlns%3D%27http%3A%2F%2Fwww.w3.org%2F2000%2Fsvg%27%20width%3D%271024%27%20height%3D%27682%27%20viewBox%3D%270%200%201024%20682%27%3E%3Crect%20width%3D%271024%27%20height%3D%27682%27%20fill-opacity%3D%220%22%2F%3E%3C%2Fsvg%3E\" data-srcset=\"https:\/\/palazzovetrano.it\/wp-content\/uploads\/2024\/03\/00003Palermo-Nachhaltigkeit-Nachhaltig-Reisen-nachhaltige-Ferienwohnung-Palermo-Altstadt-Palermo-sostenibilita-viaggio-sostenibile-vacanza-sostenibile-appartamento-Palermo-centro-storico-eco-BnB-200x133.jpg 200w, https:\/\/palazzovetrano.it\/wp-content\/uploads\/2024\/03\/00003Palermo-Nachhaltigkeit-Nachhaltig-Reisen-nachhaltige-Ferienwohnung-Palermo-Altstadt-Palermo-sostenibilita-viaggio-sostenibile-vacanza-sostenibile-appartamento-Palermo-centro-storico-eco-BnB-400x266.jpg 400w, https:\/\/palazzovetrano.it\/wp-content\/uploads\/2024\/03\/00003Palermo-Nachhaltigkeit-Nachhaltig-Reisen-nachhaltige-Ferienwohnung-Palermo-Altstadt-Palermo-sostenibilita-viaggio-sostenibile-vacanza-sostenibile-appartamento-Palermo-centro-storico-eco-BnB-600x400.jpg 600w, https:\/\/palazzovetrano.it\/wp-content\/uploads\/2024\/03\/00003Palermo-Nachhaltigkeit-Nachhaltig-Reisen-nachhaltige-Ferienwohnung-Palermo-Altstadt-Palermo-sostenibilita-viaggio-sostenibile-vacanza-sostenibile-appartamento-Palermo-centro-storico-eco-BnB-800x533.jpg 800w, https:\/\/palazzovetrano.it\/wp-content\/uploads\/2024\/03\/00003Palermo-Nachhaltigkeit-Nachhaltig-Reisen-nachhaltige-Ferienwohnung-Palermo-Altstadt-Palermo-sostenibilita-viaggio-sostenibile-vacanza-sostenibile-appartamento-Palermo-centro-storico-eco-BnB.jpg 1024w\" data-sizes=\"auto\" data-orig-sizes=\"(max-width: 800px) 100vw, 600px\" \/><\/span><\/div><\/div><\/div><div class=\"fusion-layout-column fusion_builder_column fusion-builder-column-2 fusion_builder_column_1_2 1_2 fusion-flex-column\" style=\"--awb-bg-size:cover;--awb-width-large:50%;--awb-margin-top-large:0px;--awb-spacing-right-large:3.84%;--awb-margin-bottom-large:20px;--awb-spacing-left-large:3.84%;--awb-width-medium:50%;--awb-order-medium:0;--awb-spacing-right-medium:3.84%;--awb-spacing-left-medium:3.84%;--awb-width-small:100%;--awb-order-small:0;--awb-spacing-right-small:1.92%;--awb-spacing-left-small:1.92%;\"><div class=\"fusion-column-wrapper fusion-column-has-shadow fusion-flex-justify-content-flex-start fusion-content-layout-column\"><div class=\"fusion-image-element\" style=\"--awb-caption-title-font-family:var(--h2_typography-font-family);--awb-caption-title-font-weight:var(--h2_typography-font-weight);--awb-caption-title-font-style:var(--h2_typography-font-style);--awb-caption-title-size:var(--h2_typography-font-size);--awb-caption-title-transform:var(--h2_typography-text-transform);--awb-caption-title-line-height:var(--h2_typography-line-height);--awb-caption-title-letter-spacing:var(--h2_typography-letter-spacing);\"><span class=\"fusion-imageframe imageframe-none imageframe-2 hover-type-none\" style=\"border-radius:12px;\"><img decoding=\"async\" width=\"1024\" height=\"683\" alt=\"Zr\u00f3wnowa\u017cone podr\u00f3\u017ce, zr\u00f3wnowa\u017cone mieszkanie wakacyjne na starym mie\u015bcie w Palermo, Palazzo Vetrano, system solarny\" title=\"Palermo zr\u00f3wnowa\u017cony rozw\u00f3j, zr\u00f3wnowa\u017cone podr\u00f3\u017ce, zr\u00f3wnowa\u017cone wakacje mieszkanie Palermo stare miasto, Palermo sostenibilit\u00e0, viaggio sostenibile, vacanza sostenibile appartamento Palermo centro storico, eco BnB\" src=\"https:\/\/palazzovetrano.it\/wp-content\/uploads\/2024\/03\/00006Palermo-Nachhaltigkeit-Nachhaltig-Reisen-nachhaltige-Ferienwohnung-Palermo-Altstadt-Palermo-sostenibilita-viaggio-sostenibile-vacanza-sostenibile-appartamento-Palermo-centro-storico-eco-BnB.jpg\" data-orig-src=\"https:\/\/palazzovetrano.it\/wp-content\/uploads\/2024\/03\/00006Palermo-Nachhaltigkeit-Nachhaltig-Reisen-nachhaltige-Ferienwohnung-Palermo-Altstadt-Palermo-sostenibilita-viaggio-sostenibile-vacanza-sostenibile-appartamento-Palermo-centro-storico-eco-BnB.jpg\" class=\"lazyload img-responsive wp-image-1601\" srcset=\"data:image\/svg+xml,%3Csvg%20xmlns%3D%27http%3A%2F%2Fwww.w3.org%2F2000%2Fsvg%27%20width%3D%271024%27%20height%3D%27683%27%20viewBox%3D%270%200%201024%20683%27%3E%3Crect%20width%3D%271024%27%20height%3D%27683%27%20fill-opacity%3D%220%22%2F%3E%3C%2Fsvg%3E\" data-srcset=\"https:\/\/palazzovetrano.it\/wp-content\/uploads\/2024\/03\/00006Palermo-Nachhaltigkeit-Nachhaltig-Reisen-nachhaltige-Ferienwohnung-Palermo-Altstadt-Palermo-sostenibilita-viaggio-sostenibile-vacanza-sostenibile-appartamento-Palermo-centro-storico-eco-BnB-200x133.jpg 200w, https:\/\/palazzovetrano.it\/wp-content\/uploads\/2024\/03\/00006Palermo-Nachhaltigkeit-Nachhaltig-Reisen-nachhaltige-Ferienwohnung-Palermo-Altstadt-Palermo-sostenibilita-viaggio-sostenibile-vacanza-sostenibile-appartamento-Palermo-centro-storico-eco-BnB-400x267.jpg 400w, https:\/\/palazzovetrano.it\/wp-content\/uploads\/2024\/03\/00006Palermo-Nachhaltigkeit-Nachhaltig-Reisen-nachhaltige-Ferienwohnung-Palermo-Altstadt-Palermo-sostenibilita-viaggio-sostenibile-vacanza-sostenibile-appartamento-Palermo-centro-storico-eco-BnB-600x400.jpg 600w, https:\/\/palazzovetrano.it\/wp-content\/uploads\/2024\/03\/00006Palermo-Nachhaltigkeit-Nachhaltig-Reisen-nachhaltige-Ferienwohnung-Palermo-Altstadt-Palermo-sostenibilita-viaggio-sostenibile-vacanza-sostenibile-appartamento-Palermo-centro-storico-eco-BnB-800x534.jpg 800w, https:\/\/palazzovetrano.it\/wp-content\/uploads\/2024\/03\/00006Palermo-Nachhaltigkeit-Nachhaltig-Reisen-nachhaltige-Ferienwohnung-Palermo-Altstadt-Palermo-sostenibilita-viaggio-sostenibile-vacanza-sostenibile-appartamento-Palermo-centro-storico-eco-BnB.jpg 1024w\" data-sizes=\"auto\" data-orig-sizes=\"(max-width: 800px) 100vw, 600px\" \/><\/span><\/div><\/div><\/div><\/div><\/div><div class=\"fusion-fullwidth fullwidth-box fusion-builder-row-3 fusion-flex-container nonhundred-percent-fullwidth non-hundred-percent-height-scrolling\" style=\"--awb-border-radius-top-left:0px;--awb-border-radius-top-right:0px;--awb-border-radius-bottom-right:0px;--awb-border-radius-bottom-left:0px;--awb-flex-wrap:wrap;\" ><div class=\"fusion-builder-row fusion-row fusion-flex-align-items-flex-start fusion-flex-content-wrap\" style=\"max-width:1248px;margin-left: calc(-4% \/ 2 );margin-right: calc(-4% \/ 2 );\"><div class=\"fusion-layout-column fusion_builder_column fusion-builder-column-3 fusion_builder_column_1_1 1_1 fusion-flex-column\" style=\"--awb-bg-blend:overlay;--awb-bg-size:cover;--awb-width-large:100%;--awb-margin-top-large:0px;--awb-spacing-right-large:1.92%;--awb-margin-bottom-large:0px;--awb-spacing-left-large:1.92%;--awb-width-medium:100%;--awb-spacing-right-medium:1.92%;--awb-spacing-left-medium:1.92%;--awb-width-small:100%;--awb-spacing-right-small:1.92%;--awb-spacing-left-small:1.92%;\"><div class=\"fusion-column-wrapper fusion-flex-justify-content-flex-start fusion-content-layout-column\"><div class=\"fusion-text fusion-text-2\"><\/p>\n<div class=\"et_pb_row et_pb_row_0\">\n<div class=\"et_pb_column et_pb_column_4_4 et_pb_column_0  et_pb_css_mix_blend_mode_passthrough et-last-child\">\n<div class=\"et_pb_module et_pb_text et_pb_text_0  et_pb_text_align_left et_pb_bg_layout_light\">\n<div class=\"et_pb_text_inner\">\u00a0<\/div>\n<\/div>\n<\/div>\n<\/div>\n<div class=\"et_pb_row et_pb_row_3\">\n<div class=\"et_pb_column et_pb_column_4_4 et_pb_column_4  et_pb_css_mix_blend_mode_passthrough et-last-child\">\n<div class=\"et_pb_module et_pb_text et_pb_text_2  et_pb_text_align_left et_pb_bg_layout_light\">\n<div class=\"et_pb_text_inner\">\n<p>Jaki jest nasz \u015blad ekologiczny? Jaki jest nasz \u015blad ekologiczny?<\/p>\n<div id=\"ez-toc-container\" class=\"ez-toc-v2_0_11 counter-hierarchy counter-decimal ez-toc-grey\">\n<div class=\"ez-toc-title-container\">\n<p class=\"ez-toc-title\">Zawarto\u015b\u0107<\/p>\n<\/div>\n<nav>\n<ul class=\"ez-toc-list ez-toc-list-level-1\">\n<li class=\"ez-toc-page-1 ez-toc-heading-level-2\"><a class=\"ez-toc-link ez-toc-heading-1\" title=\"Oto katalog naszych dotychczasowych dzia\u0142a\u0144:\" href=\"https:\/\/www.planbwagen.de\/ccc-camper-cleanup-campaign\/palazzo-vetrano-unser-nachhaltigkeitskonzept-nachhaltig-reisen\/#Hier_ein_Katalog_unserer_bisherigen_Massnahmen\" data-et-has-event-already=\"true\" target=\"_blank\" rel=\"noopener\">Oto katalog naszych dotychczasowych dzia\u0142a\u0144:<\/a>\n<ul class=\"ez-toc-list-level-3\">\n<li class=\"ez-toc-heading-level-3\"><a class=\"ez-toc-link ez-toc-heading-2\" title=\"Wytwarzanie i magazynowanie energii s\u0142onecznej\" href=\"https:\/\/www.planbwagen.de\/ccc-camper-cleanup-campaign\/palazzo-vetrano-unser-nachhaltigkeitskonzept-nachhaltig-reisen\/#Solare_Stromerzeugung_und_speicherung\" data-et-has-event-already=\"true\" target=\"_blank\" rel=\"noopener\">Wytwarzanie i magazynowanie energii s\u0142onecznej<\/a><\/li>\n<li class=\"ez-toc-page-1 ez-toc-heading-level-3\"><a class=\"ez-toc-link ez-toc-heading-3\" title=\"Ogrzewanie - Suszenie - Ch\u0142odzenie\" href=\"https:\/\/www.planbwagen.de\/ccc-camper-cleanup-campaign\/palazzo-vetrano-unser-nachhaltigkeitskonzept-nachhaltig-reisen\/#Heizen_%E2%80%93_Trocknen_%E2%80%93_Kuehlen\" data-et-has-event-already=\"true\" target=\"_blank\" rel=\"noopener\">Ogrzewanie - Suszenie - Ch\u0142odzenie<\/a><\/li>\n<li class=\"ez-toc-page-1 ez-toc-heading-level-3\"><a class=\"ez-toc-link ez-toc-heading-4\" title=\"Elektryczno\u015b\u0107 i \u015bwiat\u0142o\" href=\"https:\/\/www.planbwagen.de\/ccc-camper-cleanup-campaign\/palazzo-vetrano-unser-nachhaltigkeitskonzept-nachhaltig-reisen\/#Strom_Licht\" data-et-has-event-already=\"true\" target=\"_blank\" rel=\"noopener\">Elektryczno\u015b\u0107 i \u015bwiat\u0142o<\/a><\/li>\n<li class=\"ez-toc-page-1 ez-toc-heading-level-3\"><a class=\"ez-toc-link ez-toc-heading-5\" title=\"Woda pitna\" href=\"https:\/\/www.planbwagen.de\/ccc-camper-cleanup-campaign\/palazzo-vetrano-unser-nachhaltigkeitskonzept-nachhaltig-reisen\/#Trinkwasser\" data-et-has-event-already=\"true\" target=\"_blank\" rel=\"noopener\">Woda pitna<\/a><\/li>\n<li class=\"ez-toc-page-1 ez-toc-heading-level-3\"><a class=\"ez-toc-link ez-toc-heading-6\" title=\"Tworzywo sztuczne\" href=\"https:\/\/www.planbwagen.de\/ccc-camper-cleanup-campaign\/palazzo-vetrano-unser-nachhaltigkeitskonzept-nachhaltig-reisen\/#Plastik\" data-et-has-event-already=\"true\" target=\"_blank\" rel=\"noopener\">Tworzywo sztuczne<\/a><\/li>\n<li class=\"ez-toc-page-1 ez-toc-heading-level-3\"><a class=\"ez-toc-link ez-toc-heading-7\" title=\"Umeblowanie\" href=\"https:\/\/www.planbwagen.de\/ccc-camper-cleanup-campaign\/palazzo-vetrano-unser-nachhaltigkeitskonzept-nachhaltig-reisen\/#Einrichtung\" data-et-has-event-already=\"true\" target=\"_blank\" rel=\"noopener\">Umeblowanie<\/a><\/li>\n<li class=\"ez-toc-page-1 ez-toc-heading-level-3\"><a class=\"ez-toc-link ez-toc-heading-8\" title=\"Podr\u00f3\u017c\" href=\"https:\/\/www.planbwagen.de\/ccc-camper-cleanup-campaign\/palazzo-vetrano-unser-nachhaltigkeitskonzept-nachhaltig-reisen\/#Anreise\" data-et-has-event-already=\"true\" target=\"_blank\" rel=\"noopener\">Podr\u00f3\u017c<\/a><\/li>\n<li class=\"ez-toc-page-1 ez-toc-heading-level-3\"><a class=\"ez-toc-link ez-toc-heading-9\" title=\"Odpowiedzialno\u015b\u0107 osobista\" href=\"https:\/\/www.planbwagen.de\/ccc-camper-cleanup-campaign\/palazzo-vetrano-unser-nachhaltigkeitskonzept-nachhaltig-reisen\/#Eigenverantwortung\" data-et-has-event-already=\"true\" target=\"_blank\" rel=\"noopener\">Odpowiedzialno\u015b\u0107 osobista<\/a><\/li>\n<li class=\"ez-toc-page-1 ez-toc-heading-level-3\"><a class=\"ez-toc-link ez-toc-heading-10\" title=\"\u017bywno\u015b\u0107 i sprawy spo\u0142eczne\" href=\"https:\/\/www.planbwagen.de\/ccc-camper-cleanup-campaign\/palazzo-vetrano-unser-nachhaltigkeitskonzept-nachhaltig-reisen\/#Essen_Soziales\" data-et-has-event-already=\"true\" target=\"_blank\" rel=\"noopener\">\u017bywno\u015b\u0107 i sprawy spo\u0142eczne<\/a><\/li>\n<li class=\"ez-toc-page-1 ez-toc-heading-level-3\"><a class=\"ez-toc-link ez-toc-heading-11\" title=\"CleanUp\" href=\"https:\/\/www.planbwagen.de\/ccc-camper-cleanup-campaign\/palazzo-vetrano-unser-nachhaltigkeitskonzept-nachhaltig-reisen\/#CleanUp\" data-et-has-event-already=\"true\" target=\"_blank\" rel=\"noopener\">CleanUp<\/a><\/li>\n<li class=\"ez-toc-page-1 ez-toc-heading-level-3\"><a class=\"ez-toc-link ez-toc-heading-12\" title=\"Wnioski\" href=\"https:\/\/www.planbwagen.de\/ccc-camper-cleanup-campaign\/palazzo-vetrano-unser-nachhaltigkeitskonzept-nachhaltig-reisen\/#Fazit\" data-et-has-event-already=\"true\" target=\"_blank\" rel=\"noopener\">Wnioski<\/a><\/li>\n<\/ul>\n<\/li>\n<\/ul>\n<\/nav>\n<\/div>\n<h2 class=\"fusion-responsive-typography-calculated\" style=\"--fontsize: 33; line-height: 1.3;\" data-fontsize=\"33\" data-lineheight=\"42.9px\"><span class=\"ez-toc-section\" id=\"Massnahmenkatalog\"><\/span><span id=\"Hier_ein_Katalog_unserer_bisherigen_Massnahmen\" class=\"ez-toc-section\"><\/span>Katalog \u015brodk\u00f3w:<span class=\"ez-toc-section-end\"><\/span><\/h2>\n<p>Oto niekt\u00f3re z dzia\u0142a\u0144, kt\u00f3re ju\u017c wdro\u017cyli\u015bmy:<\/p>\n<p><span style=\"color: var(--h3_typography-color); font-family: var(--h3_typography-font-family); font-size: var(--h3_typography-font-size); font-style: var(--h3_typography-font-style,normal); font-weight: var(--h3_typography-font-weight); letter-spacing: var(--h3_typography-letter-spacing); text-transform: var(--h3_typography-text-transform); text-align: var(--awb-content-alignment); background-color: var(--awb-bg-color-hover);\">Wytwarzanie i magazynowanie energii s\u0142onecznej<\/span><\/p>\n<p><span style=\"color: var(--awb-text-color); font-family: var(--awb-text-font-family); font-size: var(--awb-font-size); font-style: var(--awb-text-font-style); font-weight: var(--awb-text-font-weight); letter-spacing: var(--awb-letter-spacing); text-align: var(--awb-content-alignment); text-transform: var(--awb-text-transform); background-color: var(--awb-bg-color-hover);\">Energia s\u0142oneczna Sycylii odgrywa wa\u017cn\u0105 rol\u0119 w naszej koncepcji zr\u00f3wnowa\u017conego rozwoju. Przy \u015brednim nas\u0142onecznieniu wynosz\u0105cym 7,4 godziny dziennie, wykorzystujemy ten zas\u00f3b nie tylko dla naszego dobrego samopoczucia i r\u00f3wnowagi witaminy D, ale przede wszystkim z korzy\u015bci\u0105 dla naszego \u015brodowiska. Nasze systemy wytwarzania i magazynowania energii s\u0142onecznej pozwalaj\u0105 nam generowa\u0107 czyst\u0105 energi\u0119 i efektywnie j\u0105 wykorzystywa\u0107.<\/span><\/p>\n<\/div>\n<\/div>\n<\/div>\n<\/div>\n<\/div><\/div><\/div><\/div><\/div><div class=\"fusion-fullwidth fullwidth-box fusion-builder-row-4 fusion-flex-container nonhundred-percent-fullwidth non-hundred-percent-height-scrolling\" style=\"--awb-border-radius-top-left:0px;--awb-border-radius-top-right:0px;--awb-border-radius-bottom-right:0px;--awb-border-radius-bottom-left:0px;--awb-flex-wrap:wrap;\" ><div class=\"fusion-builder-row fusion-row fusion-flex-align-items-flex-start fusion-flex-content-wrap\" style=\"max-width:1248px;margin-left: calc(-4% \/ 2 );margin-right: calc(-4% \/ 2 );\"><div class=\"fusion-layout-column fusion_builder_column fusion-builder-column-4 fusion_builder_column_1_1 1_1 fusion-flex-column\" style=\"--awb-bg-blend:overlay;--awb-bg-size:cover;--awb-width-large:100%;--awb-margin-top-large:0px;--awb-spacing-right-large:1.92%;--awb-margin-bottom-large:0px;--awb-spacing-left-large:1.92%;--awb-width-medium:100%;--awb-spacing-right-medium:1.92%;--awb-spacing-left-medium:1.92%;--awb-width-small:100%;--awb-spacing-right-small:1.92%;--awb-spacing-left-small:1.92%;\"><div class=\"fusion-column-wrapper fusion-flex-justify-content-flex-start fusion-content-layout-column\"><div class=\"fusion-text fusion-text-3\"><\/p>\n<div class=\"et_pb_row et_pb_row_0\">\n<div class=\"et_pb_column et_pb_column_4_4 et_pb_column_0  et_pb_css_mix_blend_mode_passthrough et-last-child\">\n<div class=\"et_pb_module et_pb_text et_pb_text_0  et_pb_text_align_left et_pb_bg_layout_light\">\n<div class=\"et_pb_text_inner\">\n<p><span style=\"background-color: var(--awb-bg-color-hover); color: var(--h3_typography-color); font-family: var(--h3_typography-font-family); font-size: var(--h3_typography-font-size); font-style: var(--h3_typography-font-style,normal); font-weight: var(--h3_typography-font-weight); letter-spacing: var(--h3_typography-letter-spacing); text-align: var(--awb-content-alignment); text-transform: var(--h3_typography-text-transform);\">Ogrzewanie - Suszenie - Ch\u0142odzenie<\/span><\/p>\n<\/div>\n<\/div>\n<\/div>\n<\/div>\n<div class=\"et_pb_row et_pb_row_3\">\n<div class=\"et_pb_column et_pb_column_4_4 et_pb_column_4  et_pb_css_mix_blend_mode_passthrough et-last-child\">\n<div class=\"et_pb_module et_pb_text et_pb_text_2  et_pb_text_align_left et_pb_bg_layout_light\">\n<div class=\"et_pb_text_inner\">\n<p>Zr\u00f3wnowa\u017cona energia odgrywa kluczow\u0105 rol\u0119 w naszym podej\u015bciu. Pompa ciep\u0142a w naszym energooszcz\u0119dnym systemie klimatyzacji typu split nie tylko wykorzystuje naturalne ciep\u0142o z powietrza, ale tak\u017ce dzia\u0142a jako g\u0142\u00f3wne \u017ar\u00f3d\u0142o ciep\u0142a. W po\u0142\u0105czeniu z systemem fotowoltaicznym o mocy 8 kWp i magazynem energii elektrycznej o pojemno\u015bci 16,2 kWh, mieszkanie wakacyjne nie emituje CO2. Nadwy\u017cka energii jest dostarczana do sieci elektrycznej.<\/p>\n<p>Ponadto mieszkanie wakacyjne jest wyposa\u017cone w kocio\u0142 kondensacyjny Bosch najnowszej generacji, kt\u00f3ry s\u0142u\u017cy jedynie jako dodatkowe \u017ar\u00f3d\u0142o ciep\u0142a i jako system awaryjny. Gwarantuje to, \u017ce mieszkanie jest ogrzewane w spos\u00f3b przyjazny dla \u015brodowiska i wydajny.<\/p>\n<blockquote>\n<p>\"B\u0105d\u017a zmian\u0105, kt\u00f3r\u0105 chcesz zobaczy\u0107 na tym \u015bwiecie\". - Mahatma Gandhi<\/p>\n<\/blockquote>\n<h3 class=\"fusion-responsive-typography-calculated\" style=\"--fontsize: 28; line-height: 1.3;\" data-fontsize=\"28\" data-lineheight=\"36.4px\"><span class=\"ez-toc-section\" id=\"Strom_Licht\"><\/span><span id=\"Strom_Licht\" class=\"ez-toc-section\"><\/span>Elektryczno\u015b\u0107 i \u015bwiat\u0142o<span class=\"ez-toc-section-end\"><\/span><\/h3>\n<p>Wybieraj\u0105c o\u015bwietlenie, po\u0142o\u017cyli\u015bmy szczeg\u00f3lny nacisk na odwzorowanie kolor\u00f3w, funkcje \u015bciemniania do ciep\u0142ego i efektywno\u015b\u0107 energetyczn\u0105. \u015awiat\u0142a LED gwarantuj\u0105 d\u0142ugotrwa\u0142e i zr\u00f3wnowa\u017cone u\u017cytkowanie.<\/p>\n<p>Opr\u00f3cz projektu o\u015bwietlenia, w centrum naszych wysi\u0142k\u00f3w znalaz\u0142o si\u0119 r\u00f3wnie\u017c unikanie niepotrzebnego zu\u017cycia energii elektrycznej. Wszystkie urz\u0105dzenia gospodarstwa domowego zosta\u0142y starannie dobrane zgodnie z kryteriami efektywno\u015bci energetycznej. Ponadto centralny prze\u0142\u0105cznik umo\u017cliwia wy\u0142\u0105czenie wszystkich \u017ar\u00f3de\u0142 zasilania (z wyj\u0105tkiem lod\u00f3wki) po opuszczeniu mieszkania. Po prostu eko. - Logiczne, prawda?<\/p>\n<\/div>\n<\/div>\n<\/div>\n<\/div>\n<div class=\"et_pb_row et_pb_row_11\">\n<div class=\"et_pb_column et_pb_column_1_2 et_pb_column_16  et_pb_css_mix_blend_mode_passthrough et-last-child\">\u00a0<\/div>\n<\/div>\n<\/div><\/div><\/div><\/div><\/div><div class=\"fusion-fullwidth fullwidth-box fusion-builder-row-5 fusion-flex-container has-pattern-background has-mask-background nonhundred-percent-fullwidth non-hundred-percent-height-scrolling\" style=\"--awb-border-radius-top-left:0px;--awb-border-radius-top-right:0px;--awb-border-radius-bottom-right:0px;--awb-border-radius-bottom-left:0px;--awb-flex-wrap:wrap;\" ><div class=\"fusion-builder-row fusion-row fusion-flex-align-items-flex-start fusion-flex-content-wrap\" style=\"max-width:1248px;margin-left: calc(-4% \/ 2 );margin-right: calc(-4% \/ 2 );\"><div class=\"fusion-layout-column fusion_builder_column fusion-builder-column-5 fusion_builder_column_1_2 1_2 fusion-flex-column\" style=\"--awb-bg-size:cover;--awb-width-large:50%;--awb-margin-top-large:0px;--awb-spacing-right-large:3.84%;--awb-margin-bottom-large:20px;--awb-spacing-left-large:3.84%;--awb-width-medium:50%;--awb-order-medium:0;--awb-spacing-right-medium:3.84%;--awb-spacing-left-medium:3.84%;--awb-width-small:100%;--awb-order-small:0;--awb-spacing-right-small:1.92%;--awb-spacing-left-small:1.92%;\"><div class=\"fusion-column-wrapper fusion-column-has-shadow fusion-flex-justify-content-flex-start fusion-content-layout-column\"><div class=\"fusion-image-element\" style=\"--awb-caption-title-font-family:var(--h2_typography-font-family);--awb-caption-title-font-weight:var(--h2_typography-font-weight);--awb-caption-title-font-style:var(--h2_typography-font-style);--awb-caption-title-size:var(--h2_typography-font-size);--awb-caption-title-transform:var(--h2_typography-text-transform);--awb-caption-title-line-height:var(--h2_typography-line-height);--awb-caption-title-letter-spacing:var(--h2_typography-letter-spacing);\"><span class=\"fusion-imageframe imageframe-none imageframe-3 hover-type-none\" style=\"border-radius:12px;\"><img decoding=\"async\" width=\"1024\" height=\"576\" alt=\"Zr\u00f3wnowa\u017cone podr\u00f3\u017cowanie: Wy\u0142\u0105cznik zasilania, pomaga unikn\u0105\u0107 niepotrzebnego zu\u017cycia energii w mieszkaniu wakacyjnym.\" src=\"https:\/\/palazzovetrano.it\/wp-content\/uploads\/2023\/10\/IMG_6854-scaled.jpg\" data-orig-src=\"https:\/\/palazzovetrano.it\/wp-content\/uploads\/2023\/10\/IMG_6854-1024x576.jpg\" class=\"lazyload img-responsive wp-image-1211\" srcset=\"data:image\/svg+xml,%3Csvg%20xmlns%3D%27http%3A%2F%2Fwww.w3.org%2F2000%2Fsvg%27%20width%3D%272560%27%20height%3D%271440%27%20viewBox%3D%270%200%202560%201440%27%3E%3Crect%20width%3D%272560%27%20height%3D%271440%27%20fill-opacity%3D%220%22%2F%3E%3C%2Fsvg%3E\" data-srcset=\"https:\/\/palazzovetrano.it\/wp-content\/uploads\/2023\/10\/IMG_6854-200x113.jpg 200w, https:\/\/palazzovetrano.it\/wp-content\/uploads\/2023\/10\/IMG_6854-400x225.jpg 400w, https:\/\/palazzovetrano.it\/wp-content\/uploads\/2023\/10\/IMG_6854-600x338.jpg 600w, https:\/\/palazzovetrano.it\/wp-content\/uploads\/2023\/10\/IMG_6854-800x450.jpg 800w, https:\/\/palazzovetrano.it\/wp-content\/uploads\/2023\/10\/IMG_6854-1200x675.jpg 1200w\" data-sizes=\"auto\" data-orig-sizes=\"(max-width: 800px) 100vw, 600px\" \/><\/span><\/div><\/div><\/div><div class=\"fusion-layout-column fusion_builder_column fusion-builder-column-6 fusion_builder_column_1_2 1_2 fusion-flex-column\" style=\"--awb-bg-size:cover;--awb-width-large:50%;--awb-margin-top-large:0px;--awb-spacing-right-large:3.84%;--awb-margin-bottom-large:20px;--awb-spacing-left-large:3.84%;--awb-width-medium:50%;--awb-order-medium:0;--awb-spacing-right-medium:3.84%;--awb-spacing-left-medium:3.84%;--awb-width-small:100%;--awb-order-small:0;--awb-spacing-right-small:1.92%;--awb-spacing-left-small:1.92%;\"><div class=\"fusion-column-wrapper fusion-column-has-shadow fusion-flex-justify-content-flex-start fusion-content-layout-column\"><div class=\"fusion-image-element\" style=\"--awb-caption-title-font-family:var(--h2_typography-font-family);--awb-caption-title-font-weight:var(--h2_typography-font-weight);--awb-caption-title-font-style:var(--h2_typography-font-style);--awb-caption-title-size:var(--h2_typography-font-size);--awb-caption-title-transform:var(--h2_typography-text-transform);--awb-caption-title-line-height:var(--h2_typography-line-height);--awb-caption-title-letter-spacing:var(--h2_typography-letter-spacing);\"><span class=\"fusion-imageframe imageframe-none imageframe-4 hover-type-none\" style=\"border-radius:12px;\"><img decoding=\"async\" width=\"1024\" height=\"576\" alt=\"Zr\u00f3wnowa\u017cone podr\u00f3\u017cowanie oznacza r\u00f3wnie\u017c unikanie odpad\u00f3w. Bez plastiku dzi\u0119ki czystej wodzie pitnej.\" title=\"I\" src=\"data:image\/svg+xml,%3Csvg%20xmlns%3D%27http%3A%2F%2Fwww.w3.org%2F2000%2Fsvg%27%20width%3D%272560%27%20height%3D%271440%27%20viewBox%3D%270%200%202560%201440%27%3E%3Crect%20width%3D%272560%27%20height%3D%271440%27%20fill-opacity%3D%220%22%2F%3E%3C%2Fsvg%3E\" data-orig-src=\"https:\/\/palazzovetrano.it\/wp-content\/uploads\/2023\/10\/IMG_6838-1-1024x576.jpg\" class=\"lazyload img-responsive wp-image-1460\"\/><\/span><\/div><\/div><\/div><\/div><\/div><div class=\"fusion-fullwidth fullwidth-box fusion-builder-row-6 fusion-flex-container nonhundred-percent-fullwidth non-hundred-percent-height-scrolling\" style=\"--awb-border-radius-top-left:0px;--awb-border-radius-top-right:0px;--awb-border-radius-bottom-right:0px;--awb-border-radius-bottom-left:0px;--awb-flex-wrap:wrap;\" ><div class=\"fusion-builder-row fusion-row fusion-flex-align-items-flex-start fusion-flex-content-wrap\" style=\"max-width:1248px;margin-left: calc(-4% \/ 2 );margin-right: calc(-4% \/ 2 );\"><div class=\"fusion-layout-column fusion_builder_column fusion-builder-column-7 fusion_builder_column_1_1 1_1 fusion-flex-column\" style=\"--awb-bg-blend:overlay;--awb-bg-size:cover;--awb-width-large:100%;--awb-margin-top-large:0px;--awb-spacing-right-large:1.92%;--awb-margin-bottom-large:0px;--awb-spacing-left-large:1.92%;--awb-width-medium:100%;--awb-spacing-right-medium:1.92%;--awb-spacing-left-medium:1.92%;--awb-width-small:100%;--awb-spacing-right-small:1.92%;--awb-spacing-left-small:1.92%;\"><div class=\"fusion-column-wrapper fusion-flex-justify-content-flex-start fusion-content-layout-column\"><div class=\"fusion-text fusion-text-4\"><\/p>\n<div class=\"et_pb_row et_pb_row_0\">\n<div class=\"et_pb_column et_pb_column_4_4 et_pb_column_0  et_pb_css_mix_blend_mode_passthrough et-last-child\">\n<div class=\"et_pb_module et_pb_text et_pb_text_0  et_pb_text_align_left et_pb_bg_layout_light\">\n<div class=\"et_pb_text_inner\">\n<p><span style=\"color: var(--h3_typography-color); font-family: var(--h3_typography-font-family); font-size: var(--h3_typography-font-size); font-style: var(--h3_typography-font-style,normal); font-weight: var(--h3_typography-font-weight); letter-spacing: var(--h3_typography-letter-spacing); text-transform: var(--h3_typography-text-transform); text-align: var(--awb-content-alignment); background-color: var(--awb-bg-color-hover);\">Woda pitna<\/span><\/p>\n<\/div>\n<\/div>\n<\/div>\n<\/div>\n<div class=\"et_pb_row et_pb_row_3\">\n<div class=\"et_pb_column et_pb_column_4_4 et_pb_column_4  et_pb_css_mix_blend_mode_passthrough et-last-child\">\n<div class=\"et_pb_module et_pb_text et_pb_text_2  et_pb_text_align_left et_pb_bg_layout_light\">\n<div class=\"et_pb_text_inner\">\n<p>Nasza woda z kranu jest nie tylko regularnie testowana zgodnie z dyrektywami UE, ale tak\u017ce charakteryzuje si\u0119 wyj\u0105tkowo dobrym smakiem. Dlatego u\u017cywamy jej jako wody pitnej i oszcz\u0119dzamy sobie i naszym go\u015bciom niepotrzebnego noszenia butelek z wod\u0105. W tym przypadku odniesienie do warto\u015bci wody pitnej i zalecenie oszcz\u0119dzania wody jest zb\u0119dne, prawda? PS: Nie zapomnij zabra\u0107 ze sob\u0105 butelki z wod\u0105!<\/p>\n<blockquote>\n<p>\"Najczystsz\u0105 form\u0105 szale\u0144stwa jest pozostawienie wszystkiego tak, jak jest i jednocze\u015bnie nadzieja, \u017ce co\u015b si\u0119 zmieni.\" - Albert Einstein<\/p>\n<\/blockquote>\n<h3 class=\"fusion-responsive-typography-calculated\" style=\"--fontsize: 28; line-height: 1.3;\" data-fontsize=\"28\" data-lineheight=\"36.4px\"><span class=\"ez-toc-section\" id=\"Plastikfrei\"><\/span><span id=\"Plastik\" class=\"ez-toc-section\"><\/span>Bez plastiku<span class=\"ez-toc-section-end\"><\/span><\/h3>\n<p>Unikanie plastikowych odpad\u00f3w jest ju\u017c wyzwaniem w codziennym \u017cyciu w domu, a na wakacjach mo\u017ce to by\u0107 podw\u00f3jnie trudne. Aby da\u0107 ci mo\u017cliwo\u015b\u0107 unikni\u0119cia plastikowych odpad\u00f3w r\u00f3wnie\u017c podczas wakacji, podj\u0119li\u015bmy ju\u017c \u015brodki ostro\u017cno\u015bci.<\/p>\n<p>W miar\u0119 mo\u017cliwo\u015bci celowo unikamy u\u017cywania plastikowych naczy\u0144 i sztu\u0107c\u00f3w. Ale decyduj\u0105cy krok jest tu\u017c za naszym progiem - na Mercato Ballar\u00f2, tradycyjnym targu znanym z regionalnego asortymentu sezonowych owoc\u00f3w, warzyw, ryb i zr\u00f3wnowa\u017conego mi\u0119sa.<\/p>\n<p>Kilka nieopakowanych sklep\u00f3w znajduje si\u0119 w odleg\u0142o\u015bci spaceru, a nasi go\u015bcie mog\u0105 znale\u017a\u0107 dok\u0142adne lokalizacje na cyfrowej mapie miasta. Szklane pojemniki do przechowywania oraz kosz i torba na zakupy s\u0105 wliczone w cen\u0119 naszego mieszkania wakacyjnego Palazzo Vetrano.<\/p>\n<\/div>\n<\/div>\n<\/div>\n<\/div>\n<div class=\"et_pb_row et_pb_row_11\">\n<div class=\"et_pb_column et_pb_column_1_2 et_pb_column_16  et_pb_css_mix_blend_mode_passthrough et-last-child\">\u00a0<\/div>\n<\/div>\n<\/div><\/div><\/div><\/div><\/div><div class=\"fusion-fullwidth fullwidth-box fusion-builder-row-7 fusion-flex-container has-pattern-background has-mask-background nonhundred-percent-fullwidth non-hundred-percent-height-scrolling\" style=\"--awb-border-radius-top-left:0px;--awb-border-radius-top-right:0px;--awb-border-radius-bottom-right:0px;--awb-border-radius-bottom-left:0px;--awb-flex-wrap:wrap;\" ><div class=\"fusion-builder-row fusion-row fusion-flex-align-items-flex-start fusion-flex-content-wrap\" style=\"max-width:1248px;margin-left: calc(-4% \/ 2 );margin-right: calc(-4% \/ 2 );\"><div class=\"fusion-layout-column fusion_builder_column fusion-builder-column-8 fusion_builder_column_1_2 1_2 fusion-flex-column\" style=\"--awb-bg-size:cover;--awb-width-large:50%;--awb-margin-top-large:0px;--awb-spacing-right-large:3.84%;--awb-margin-bottom-large:20px;--awb-spacing-left-large:3.84%;--awb-width-medium:50%;--awb-order-medium:0;--awb-spacing-right-medium:3.84%;--awb-spacing-left-medium:3.84%;--awb-width-small:100%;--awb-order-small:0;--awb-spacing-right-small:1.92%;--awb-spacing-left-small:1.92%;\"><div class=\"fusion-column-wrapper fusion-column-has-shadow fusion-flex-justify-content-flex-start fusion-content-layout-column\"><div class=\"fusion-image-element\" style=\"--awb-caption-title-font-family:var(--h2_typography-font-family);--awb-caption-title-font-weight:var(--h2_typography-font-weight);--awb-caption-title-font-style:var(--h2_typography-font-style);--awb-caption-title-size:var(--h2_typography-font-size);--awb-caption-title-transform:var(--h2_typography-text-transform);--awb-caption-title-line-height:var(--h2_typography-line-height);--awb-caption-title-letter-spacing:var(--h2_typography-letter-spacing);\"><span class=\"fusion-imageframe imageframe-none imageframe-5 hover-type-none\" style=\"border-radius:12px;\"><img decoding=\"async\" width=\"1024\" height=\"682\" alt=\"Zr\u00f3wnowa\u017cone mieszkanie wakacyjne w Palermo: Palazzo Vetrano - szk\u0142o, porcelana, wielokrotnego u\u017cytku zamiast jednorazowego u\u017cytku i plastiku\" title=\"Palermo zr\u00f3wnowa\u017cony rozw\u00f3j, zr\u00f3wnowa\u017cone podr\u00f3\u017ce, zr\u00f3wnowa\u017cone wakacje mieszkanie Palermo stare miasto, Palermo sostenibilit\u00e0, viaggio sostenibile, vacanza sostenibile appartamento Palermo centro storico, eco BnB\" src=\"https:\/\/palazzovetrano.it\/wp-content\/uploads\/2024\/03\/00010Palermo-Nachhaltigkeit-Nachhaltig-Reisen-nachhaltige-Ferienwohnung-Palermo-Altstadt-Palermo-sostenibilita-viaggio-sostenibile-vacanza-sostenibile-appartamento-Palermo-centro-storico-eco-BnB.jpg\" data-orig-src=\"https:\/\/palazzovetrano.it\/wp-content\/uploads\/2024\/03\/00010Palermo-Nachhaltigkeit-Nachhaltig-Reisen-nachhaltige-Ferienwohnung-Palermo-Altstadt-Palermo-sostenibilita-viaggio-sostenibile-vacanza-sostenibile-appartamento-Palermo-centro-storico-eco-BnB.jpg\" class=\"lazyload img-responsive wp-image-1605\" srcset=\"data:image\/svg+xml,%3Csvg%20xmlns%3D%27http%3A%2F%2Fwww.w3.org%2F2000%2Fsvg%27%20width%3D%271024%27%20height%3D%27682%27%20viewBox%3D%270%200%201024%20682%27%3E%3Crect%20width%3D%271024%27%20height%3D%27682%27%20fill-opacity%3D%220%22%2F%3E%3C%2Fsvg%3E\" data-srcset=\"https:\/\/palazzovetrano.it\/wp-content\/uploads\/2024\/03\/00010Palermo-Nachhaltigkeit-Nachhaltig-Reisen-nachhaltige-Ferienwohnung-Palermo-Altstadt-Palermo-sostenibilita-viaggio-sostenibile-vacanza-sostenibile-appartamento-Palermo-centro-storico-eco-BnB-200x133.jpg 200w, https:\/\/palazzovetrano.it\/wp-content\/uploads\/2024\/03\/00010Palermo-Nachhaltigkeit-Nachhaltig-Reisen-nachhaltige-Ferienwohnung-Palermo-Altstadt-Palermo-sostenibilita-viaggio-sostenibile-vacanza-sostenibile-appartamento-Palermo-centro-storico-eco-BnB-400x266.jpg 400w, https:\/\/palazzovetrano.it\/wp-content\/uploads\/2024\/03\/00010Palermo-Nachhaltigkeit-Nachhaltig-Reisen-nachhaltige-Ferienwohnung-Palermo-Altstadt-Palermo-sostenibilita-viaggio-sostenibile-vacanza-sostenibile-appartamento-Palermo-centro-storico-eco-BnB-600x400.jpg 600w, https:\/\/palazzovetrano.it\/wp-content\/uploads\/2024\/03\/00010Palermo-Nachhaltigkeit-Nachhaltig-Reisen-nachhaltige-Ferienwohnung-Palermo-Altstadt-Palermo-sostenibilita-viaggio-sostenibile-vacanza-sostenibile-appartamento-Palermo-centro-storico-eco-BnB-800x533.jpg 800w, https:\/\/palazzovetrano.it\/wp-content\/uploads\/2024\/03\/00010Palermo-Nachhaltigkeit-Nachhaltig-Reisen-nachhaltige-Ferienwohnung-Palermo-Altstadt-Palermo-sostenibilita-viaggio-sostenibile-vacanza-sostenibile-appartamento-Palermo-centro-storico-eco-BnB.jpg 1024w\" data-sizes=\"auto\" data-orig-sizes=\"(max-width: 800px) 100vw, 600px\" \/><\/span><\/div><\/div><\/div><div class=\"fusion-layout-column fusion_builder_column fusion-builder-column-9 fusion_builder_column_1_2 1_2 fusion-flex-column\" style=\"--awb-bg-size:cover;--awb-width-large:50%;--awb-margin-top-large:0px;--awb-spacing-right-large:3.84%;--awb-margin-bottom-large:20px;--awb-spacing-left-large:3.84%;--awb-width-medium:50%;--awb-order-medium:0;--awb-spacing-right-medium:3.84%;--awb-spacing-left-medium:3.84%;--awb-width-small:100%;--awb-order-small:0;--awb-spacing-right-small:1.92%;--awb-spacing-left-small:1.92%;\"><div class=\"fusion-column-wrapper fusion-column-has-shadow fusion-flex-justify-content-flex-start fusion-content-layout-column\"><div class=\"fusion-image-element\" style=\"--awb-caption-title-font-family:var(--h2_typography-font-family);--awb-caption-title-font-weight:var(--h2_typography-font-weight);--awb-caption-title-font-style:var(--h2_typography-font-style);--awb-caption-title-size:var(--h2_typography-font-size);--awb-caption-title-transform:var(--h2_typography-text-transform);--awb-caption-title-line-height:var(--h2_typography-line-height);--awb-caption-title-letter-spacing:var(--h2_typography-letter-spacing);\"><span class=\"fusion-imageframe imageframe-none imageframe-6 hover-type-none\" style=\"border-radius:12px;\"><img decoding=\"async\" width=\"1024\" height=\"682\" alt=\"Zr\u00f3wnowa\u017cona podr\u00f3\u017c do Palermo: wszystko zale\u017cy od opakowania. Mieszkanie wakacyjne Palazzo Vetrano oferuje przyjazne dla \u015brodowiska pojemniki.\" title=\"Palermo zr\u00f3wnowa\u017cony rozw\u00f3j, zr\u00f3wnowa\u017cone podr\u00f3\u017ce, zr\u00f3wnowa\u017cone wakacje mieszkanie Palermo stare miasto, Palermo sostenibilit\u00e0, viaggio sostenibile, vacanza sostenibile appartamento Palermo centro storico, eco BnB\" src=\"https:\/\/palazzovetrano.it\/wp-content\/uploads\/2024\/03\/00009Palermo-Nachhaltigkeit-Nachhaltig-Reisen-nachhaltige-Ferienwohnung-Palermo-Altstadt-Palermo-sostenibilita-viaggio-sostenibile-vacanza-sostenibile-appartamento-Palermo-centro-storico-eco-BnB.jpg\" data-orig-src=\"https:\/\/palazzovetrano.it\/wp-content\/uploads\/2024\/03\/00009Palermo-Nachhaltigkeit-Nachhaltig-Reisen-nachhaltige-Ferienwohnung-Palermo-Altstadt-Palermo-sostenibilita-viaggio-sostenibile-vacanza-sostenibile-appartamento-Palermo-centro-storico-eco-BnB.jpg\" class=\"lazyload img-responsive wp-image-1604\" srcset=\"data:image\/svg+xml,%3Csvg%20xmlns%3D%27http%3A%2F%2Fwww.w3.org%2F2000%2Fsvg%27%20width%3D%271024%27%20height%3D%27682%27%20viewBox%3D%270%200%201024%20682%27%3E%3Crect%20width%3D%271024%27%20height%3D%27682%27%20fill-opacity%3D%220%22%2F%3E%3C%2Fsvg%3E\" data-srcset=\"https:\/\/palazzovetrano.it\/wp-content\/uploads\/2024\/03\/00009Palermo-Nachhaltigkeit-Nachhaltig-Reisen-nachhaltige-Ferienwohnung-Palermo-Altstadt-Palermo-sostenibilita-viaggio-sostenibile-vacanza-sostenibile-appartamento-Palermo-centro-storico-eco-BnB-200x133.jpg 200w, https:\/\/palazzovetrano.it\/wp-content\/uploads\/2024\/03\/00009Palermo-Nachhaltigkeit-Nachhaltig-Reisen-nachhaltige-Ferienwohnung-Palermo-Altstadt-Palermo-sostenibilita-viaggio-sostenibile-vacanza-sostenibile-appartamento-Palermo-centro-storico-eco-BnB-400x266.jpg 400w, https:\/\/palazzovetrano.it\/wp-content\/uploads\/2024\/03\/00009Palermo-Nachhaltigkeit-Nachhaltig-Reisen-nachhaltige-Ferienwohnung-Palermo-Altstadt-Palermo-sostenibilita-viaggio-sostenibile-vacanza-sostenibile-appartamento-Palermo-centro-storico-eco-BnB-600x400.jpg 600w, https:\/\/palazzovetrano.it\/wp-content\/uploads\/2024\/03\/00009Palermo-Nachhaltigkeit-Nachhaltig-Reisen-nachhaltige-Ferienwohnung-Palermo-Altstadt-Palermo-sostenibilita-viaggio-sostenibile-vacanza-sostenibile-appartamento-Palermo-centro-storico-eco-BnB-800x533.jpg 800w, https:\/\/palazzovetrano.it\/wp-content\/uploads\/2024\/03\/00009Palermo-Nachhaltigkeit-Nachhaltig-Reisen-nachhaltige-Ferienwohnung-Palermo-Altstadt-Palermo-sostenibilita-viaggio-sostenibile-vacanza-sostenibile-appartamento-Palermo-centro-storico-eco-BnB.jpg 1024w\" data-sizes=\"auto\" data-orig-sizes=\"(max-width: 800px) 100vw, 600px\" \/><\/span><\/div><\/div><\/div><\/div><\/div><div class=\"fusion-fullwidth fullwidth-box fusion-builder-row-8 fusion-flex-container nonhundred-percent-fullwidth non-hundred-percent-height-scrolling\" style=\"--awb-border-radius-top-left:0px;--awb-border-radius-top-right:0px;--awb-border-radius-bottom-right:0px;--awb-border-radius-bottom-left:0px;--awb-flex-wrap:wrap;\" ><div class=\"fusion-builder-row fusion-row fusion-flex-align-items-flex-start fusion-flex-content-wrap\" style=\"max-width:1248px;margin-left: calc(-4% \/ 2 );margin-right: calc(-4% \/ 2 );\"><div class=\"fusion-layout-column fusion_builder_column fusion-builder-column-10 fusion_builder_column_1_1 1_1 fusion-flex-column\" style=\"--awb-bg-blend:overlay;--awb-bg-size:cover;--awb-width-large:100%;--awb-margin-top-large:0px;--awb-spacing-right-large:1.92%;--awb-margin-bottom-large:0px;--awb-spacing-left-large:1.92%;--awb-width-medium:100%;--awb-spacing-right-medium:1.92%;--awb-spacing-left-medium:1.92%;--awb-width-small:100%;--awb-spacing-right-small:1.92%;--awb-spacing-left-small:1.92%;\"><div class=\"fusion-column-wrapper fusion-flex-justify-content-flex-start fusion-content-layout-column\"><div class=\"fusion-text fusion-text-5\"><\/p>\n<div class=\"et_pb_row et_pb_row_0\">\n<div class=\"et_pb_column et_pb_column_4_4 et_pb_column_0  et_pb_css_mix_blend_mode_passthrough et-last-child\">\n<div class=\"et_pb_module et_pb_text et_pb_text_0  et_pb_text_align_left et_pb_bg_layout_light\">\n<div class=\"et_pb_text_inner\">\n<p><span style=\"background-color: var(--awb-bg-color-hover); color: var(--h3_typography-color); font-family: var(--h3_typography-font-family); font-size: var(--h3_typography-font-size); font-style: var(--h3_typography-font-style,normal); font-weight: var(--h3_typography-font-weight); letter-spacing: var(--h3_typography-letter-spacing); text-align: var(--awb-content-alignment); text-transform: var(--h3_typography-text-transform);\">Zr\u00f3wnowa\u017cone meble<\/span><\/p>\n<\/div>\n<\/div>\n<\/div>\n<\/div>\n<div class=\"et_pb_row et_pb_row_5\">\n<div class=\"et_pb_column et_pb_column_4_4 et_pb_column_7  et_pb_css_mix_blend_mode_passthrough et-last-child\">\n<div class=\"et_pb_module et_pb_text et_pb_text_3  et_pb_text_align_left et_pb_bg_layout_light\">\n<div class=\"et_pb_text_inner\">\n<p>Mi\u0119dzy pokoleniami. <span style=\"color: var(--awb-text-color); font-family: var(--awb-text-font-family); font-size: var(--awb-font-size); font-style: var(--awb-text-font-style); font-weight: var(--awb-text-font-weight); letter-spacing: var(--awb-letter-spacing); text-align: var(--awb-content-alignment); text-transform: var(--awb-text-transform); background-color: var(--awb-bg-color-hover);\">Dobry projekt jest z natury zr\u00f3wnowa\u017cony, poniewa\u017c to, co jest przekazywane dalej, nie musi by\u0107 poddawane recyklingowi.<\/span><\/p>\n<p>Wybieraj\u0105c nasze meble vintage, k\u0142adli\u015bmy nacisk na zr\u00f3wnowa\u017cony rozw\u00f3j i d\u0142ugowieczno\u015b\u0107, a tak\u017ce estetyk\u0119 i jako\u015b\u0107. Wi\u0119kszo\u015b\u0107 naszych mebli pochodzi z Palermo i okolic i wzbogaci\u0142a ju\u017c szcz\u0119\u015bcie innych. Nasze mosi\u0119\u017cne \u0142\u00f3\u017cko mo\u017cna bez w\u0105tpienia uzna\u0107 za wielopokoleniowe. Je\u015bli uda nam si\u0119 sprawi\u0107, \u017ce meble te b\u0119d\u0105 cieszy\u0107 kolejne pokolenia, b\u0119dzie to kolejny krok w kierunku zr\u00f3wnowa\u017conego rozwoju.<\/p>\n<p>Oczywi\u015bcie mamy te\u017c kilka mebli z IKEA. Ich klienci r\u00f3wnie\u017c powinni czu\u0107 si\u0119 komfortowo w naszym mieszkaniu. Mamy nadziej\u0119, \u017ce wybrali\u015bmy odpowiednie zr\u00f3wnowa\u017cone produkty.<\/p>\n<\/div>\n<\/div>\n<\/div>\n<\/div>\n<\/div><\/div><\/div><\/div><\/div><div class=\"fusion-fullwidth fullwidth-box fusion-builder-row-9 fusion-flex-container has-pattern-background has-mask-background nonhundred-percent-fullwidth non-hundred-percent-height-scrolling\" style=\"--awb-border-radius-top-left:0px;--awb-border-radius-top-right:0px;--awb-border-radius-bottom-right:0px;--awb-border-radius-bottom-left:0px;--awb-flex-wrap:wrap;\" ><div class=\"fusion-builder-row fusion-row fusion-flex-align-items-flex-start fusion-flex-content-wrap\" style=\"max-width:1248px;margin-left: calc(-4% \/ 2 );margin-right: calc(-4% \/ 2 );\"><div class=\"fusion-layout-column fusion_builder_column fusion-builder-column-11 fusion_builder_column_1_2 1_2 fusion-flex-column\" style=\"--awb-bg-size:cover;--awb-width-large:50%;--awb-margin-top-large:0px;--awb-spacing-right-large:3.84%;--awb-margin-bottom-large:20px;--awb-spacing-left-large:3.84%;--awb-width-medium:50%;--awb-order-medium:0;--awb-spacing-right-medium:3.84%;--awb-spacing-left-medium:3.84%;--awb-width-small:100%;--awb-order-small:0;--awb-spacing-right-small:1.92%;--awb-spacing-left-small:1.92%;\"><div class=\"fusion-column-wrapper fusion-column-has-shadow fusion-flex-justify-content-flex-start fusion-content-layout-column\"><div class=\"fusion-image-element\" style=\"--awb-caption-title-font-family:var(--h2_typography-font-family);--awb-caption-title-font-weight:var(--h2_typography-font-weight);--awb-caption-title-font-style:var(--h2_typography-font-style);--awb-caption-title-size:var(--h2_typography-font-size);--awb-caption-title-transform:var(--h2_typography-text-transform);--awb-caption-title-line-height:var(--h2_typography-line-height);--awb-caption-title-letter-spacing:var(--h2_typography-letter-spacing);\"><span class=\"fusion-imageframe imageframe-none imageframe-7 hover-type-none\" style=\"border-radius:12px;\"><img decoding=\"async\" width=\"1024\" height=\"683\" alt=\"Zr\u00f3wnowa\u017cone mieszkanie wakacyjne, eko bnb, na starym mie\u015bcie w Palermo, Palazzo Vetrano, zr\u00f3wnowa\u017cone meble od pokole\u0144. Ponadczasowe meble s\u0105 zr\u00f3wnowa\u017cone same w sobie. Poniewa\u017c to, co jest przekazywane dalej, nie musi by\u0107 w pierwszej kolejno\u015bci poddawane recyklingowi. \/ Appartamento per vacanze sostenibile, eco bnb, nel centro storico di Palermo, Palazzo Vetrano, arredamento sostenibile per generazioni. Mobilno\u015b\u0107 bez ogranicze\u0144 czasowych jest bez w\u0105tpienia bezpieczna dla \u015brodowiska. Poniewa\u017c to, co jest przemieszczane, nie musi by\u0107 powtarzane.\" title=\"Palermo zr\u00f3wnowa\u017cony rozw\u00f3j, zr\u00f3wnowa\u017cone podr\u00f3\u017ce, zr\u00f3wnowa\u017cone wakacje mieszkanie Palermo stare miasto, Palermo sostenibilit\u00e0, viaggio sostenibile, vacanza sostenibile appartamento Palermo centro storico, eco BnB\" src=\"https:\/\/palazzovetrano.it\/wp-content\/uploads\/2024\/03\/00001Palermo-Nachhaltigkeit-Nachhaltig-Reisen-nachhaltige-Ferienwohnung-Palermo-Altstadt-Palermo-sostenibilita-viaggio-sostenibile-vacanza-sostenibile-appartamento-Palermo-centro-storico-eco-BnB.jpg\" data-orig-src=\"https:\/\/palazzovetrano.it\/wp-content\/uploads\/2024\/03\/00001Palermo-Nachhaltigkeit-Nachhaltig-Reisen-nachhaltige-Ferienwohnung-Palermo-Altstadt-Palermo-sostenibilita-viaggio-sostenibile-vacanza-sostenibile-appartamento-Palermo-centro-storico-eco-BnB.jpg\" class=\"lazyload img-responsive wp-image-1596\" srcset=\"data:image\/svg+xml,%3Csvg%20xmlns%3D%27http%3A%2F%2Fwww.w3.org%2F2000%2Fsvg%27%20width%3D%271024%27%20height%3D%27683%27%20viewBox%3D%270%200%201024%20683%27%3E%3Crect%20width%3D%271024%27%20height%3D%27683%27%20fill-opacity%3D%220%22%2F%3E%3C%2Fsvg%3E\" data-srcset=\"https:\/\/palazzovetrano.it\/wp-content\/uploads\/2024\/03\/00001Palermo-Nachhaltigkeit-Nachhaltig-Reisen-nachhaltige-Ferienwohnung-Palermo-Altstadt-Palermo-sostenibilita-viaggio-sostenibile-vacanza-sostenibile-appartamento-Palermo-centro-storico-eco-BnB-200x133.jpg 200w, https:\/\/palazzovetrano.it\/wp-content\/uploads\/2024\/03\/00001Palermo-Nachhaltigkeit-Nachhaltig-Reisen-nachhaltige-Ferienwohnung-Palermo-Altstadt-Palermo-sostenibilita-viaggio-sostenibile-vacanza-sostenibile-appartamento-Palermo-centro-storico-eco-BnB-400x267.jpg 400w, https:\/\/palazzovetrano.it\/wp-content\/uploads\/2024\/03\/00001Palermo-Nachhaltigkeit-Nachhaltig-Reisen-nachhaltige-Ferienwohnung-Palermo-Altstadt-Palermo-sostenibilita-viaggio-sostenibile-vacanza-sostenibile-appartamento-Palermo-centro-storico-eco-BnB-600x400.jpg 600w, https:\/\/palazzovetrano.it\/wp-content\/uploads\/2024\/03\/00001Palermo-Nachhaltigkeit-Nachhaltig-Reisen-nachhaltige-Ferienwohnung-Palermo-Altstadt-Palermo-sostenibilita-viaggio-sostenibile-vacanza-sostenibile-appartamento-Palermo-centro-storico-eco-BnB-800x534.jpg 800w, https:\/\/palazzovetrano.it\/wp-content\/uploads\/2024\/03\/00001Palermo-Nachhaltigkeit-Nachhaltig-Reisen-nachhaltige-Ferienwohnung-Palermo-Altstadt-Palermo-sostenibilita-viaggio-sostenibile-vacanza-sostenibile-appartamento-Palermo-centro-storico-eco-BnB.jpg 1024w\" data-sizes=\"auto\" data-orig-sizes=\"(max-width: 800px) 100vw, 600px\" \/><\/span><\/div><\/div><\/div><div class=\"fusion-layout-column fusion_builder_column fusion-builder-column-12 fusion_builder_column_1_2 1_2 fusion-flex-column\" style=\"--awb-bg-size:cover;--awb-width-large:50%;--awb-margin-top-large:0px;--awb-spacing-right-large:3.84%;--awb-margin-bottom-large:20px;--awb-spacing-left-large:3.84%;--awb-width-medium:50%;--awb-order-medium:0;--awb-spacing-right-medium:3.84%;--awb-spacing-left-medium:3.84%;--awb-width-small:100%;--awb-order-small:0;--awb-spacing-right-small:1.92%;--awb-spacing-left-small:1.92%;\"><div class=\"fusion-column-wrapper fusion-column-has-shadow fusion-flex-justify-content-flex-start fusion-content-layout-column\"><div class=\"fusion-image-element\" style=\"--awb-caption-title-font-family:var(--h2_typography-font-family);--awb-caption-title-font-weight:var(--h2_typography-font-weight);--awb-caption-title-font-style:var(--h2_typography-font-style);--awb-caption-title-size:var(--h2_typography-font-size);--awb-caption-title-transform:var(--h2_typography-text-transform);--awb-caption-title-line-height:var(--h2_typography-line-height);--awb-caption-title-letter-spacing:var(--h2_typography-letter-spacing);\"><span class=\"fusion-imageframe imageframe-none imageframe-8 hover-type-none\" style=\"border-radius:12px;\"><img decoding=\"async\" width=\"1024\" height=\"683\" alt=\"Zr\u00f3wnowa\u017cone mieszkanie wakacyjne, eko bnb, na starym mie\u015bcie w Palermo, Palazzo Vetrano, zr\u00f3wnowa\u017cone meble od pokole\u0144. Ponadczasowe meble s\u0105 zr\u00f3wnowa\u017cone same w sobie. Poniewa\u017c to, co jest przekazywane dalej, nie musi by\u0107 w pierwszej kolejno\u015bci poddawane recyklingowi.\" title=\"Palermo zr\u00f3wnowa\u017cony rozw\u00f3j, zr\u00f3wnowa\u017cone podr\u00f3\u017ce, zr\u00f3wnowa\u017cone wakacje mieszkanie Palermo stare miasto, Palermo sostenibilit\u00e0, viaggio sostenibile, vacanza sostenibile appartamento Palermo centro storico, eco BnB\" src=\"https:\/\/palazzovetrano.it\/wp-content\/uploads\/2024\/03\/00002Palermo-Nachhaltigkeit-Nachhaltig-Reisen-nachhaltige-Ferienwohnung-Palermo-Altstadt-Palermo-sostenibilita-viaggio-sostenibile-vacanza-sostenibile-appartamento-Palermo-centro-storico-eco-BnB.jpg\" data-orig-src=\"https:\/\/palazzovetrano.it\/wp-content\/uploads\/2024\/03\/00002Palermo-Nachhaltigkeit-Nachhaltig-Reisen-nachhaltige-Ferienwohnung-Palermo-Altstadt-Palermo-sostenibilita-viaggio-sostenibile-vacanza-sostenibile-appartamento-Palermo-centro-storico-eco-BnB.jpg\" class=\"lazyload img-responsive wp-image-1597\" srcset=\"data:image\/svg+xml,%3Csvg%20xmlns%3D%27http%3A%2F%2Fwww.w3.org%2F2000%2Fsvg%27%20width%3D%271024%27%20height%3D%27683%27%20viewBox%3D%270%200%201024%20683%27%3E%3Crect%20width%3D%271024%27%20height%3D%27683%27%20fill-opacity%3D%220%22%2F%3E%3C%2Fsvg%3E\" data-srcset=\"https:\/\/palazzovetrano.it\/wp-content\/uploads\/2024\/03\/00002Palermo-Nachhaltigkeit-Nachhaltig-Reisen-nachhaltige-Ferienwohnung-Palermo-Altstadt-Palermo-sostenibilita-viaggio-sostenibile-vacanza-sostenibile-appartamento-Palermo-centro-storico-eco-BnB-200x133.jpg 200w, https:\/\/palazzovetrano.it\/wp-content\/uploads\/2024\/03\/00002Palermo-Nachhaltigkeit-Nachhaltig-Reisen-nachhaltige-Ferienwohnung-Palermo-Altstadt-Palermo-sostenibilita-viaggio-sostenibile-vacanza-sostenibile-appartamento-Palermo-centro-storico-eco-BnB-400x267.jpg 400w, https:\/\/palazzovetrano.it\/wp-content\/uploads\/2024\/03\/00002Palermo-Nachhaltigkeit-Nachhaltig-Reisen-nachhaltige-Ferienwohnung-Palermo-Altstadt-Palermo-sostenibilita-viaggio-sostenibile-vacanza-sostenibile-appartamento-Palermo-centro-storico-eco-BnB-600x400.jpg 600w, https:\/\/palazzovetrano.it\/wp-content\/uploads\/2024\/03\/00002Palermo-Nachhaltigkeit-Nachhaltig-Reisen-nachhaltige-Ferienwohnung-Palermo-Altstadt-Palermo-sostenibilita-viaggio-sostenibile-vacanza-sostenibile-appartamento-Palermo-centro-storico-eco-BnB-800x534.jpg 800w, https:\/\/palazzovetrano.it\/wp-content\/uploads\/2024\/03\/00002Palermo-Nachhaltigkeit-Nachhaltig-Reisen-nachhaltige-Ferienwohnung-Palermo-Altstadt-Palermo-sostenibilita-viaggio-sostenibile-vacanza-sostenibile-appartamento-Palermo-centro-storico-eco-BnB.jpg 1024w\" data-sizes=\"auto\" data-orig-sizes=\"(max-width: 800px) 100vw, 600px\" \/><\/span><\/div><\/div><\/div><\/div><\/div><div class=\"fusion-fullwidth fullwidth-box fusion-builder-row-10 fusion-flex-container nonhundred-percent-fullwidth non-hundred-percent-height-scrolling\" style=\"--awb-border-radius-top-left:0px;--awb-border-radius-top-right:0px;--awb-border-radius-bottom-right:0px;--awb-border-radius-bottom-left:0px;--awb-flex-wrap:wrap;\" ><div class=\"fusion-builder-row fusion-row fusion-flex-align-items-flex-start fusion-flex-content-wrap\" style=\"max-width:1248px;margin-left: calc(-4% \/ 2 );margin-right: calc(-4% \/ 2 );\"><div class=\"fusion-layout-column fusion_builder_column fusion-builder-column-13 fusion_builder_column_1_1 1_1 fusion-flex-column\" style=\"--awb-bg-blend:overlay;--awb-bg-size:cover;--awb-width-large:100%;--awb-margin-top-large:0px;--awb-spacing-right-large:1.92%;--awb-margin-bottom-large:0px;--awb-spacing-left-large:1.92%;--awb-width-medium:100%;--awb-spacing-right-medium:1.92%;--awb-spacing-left-medium:1.92%;--awb-width-small:100%;--awb-spacing-right-small:1.92%;--awb-spacing-left-small:1.92%;\"><div class=\"fusion-column-wrapper fusion-flex-justify-content-flex-start fusion-content-layout-column\"><div class=\"fusion-text fusion-text-6\"><\/p>\n<div class=\"et_pb_row et_pb_row_0\">\n<div class=\"et_pb_column et_pb_column_4_4 et_pb_column_0  et_pb_css_mix_blend_mode_passthrough et-last-child\">\n<div class=\"et_pb_module et_pb_text et_pb_text_0  et_pb_text_align_left et_pb_bg_layout_light\">\n<div class=\"et_pb_text_inner\">\n<p><span style=\"background-color: var(--awb-bg-color-hover); color: var(--awb-text-color); font-family: var(--awb-text-font-family); font-style: var(--awb-text-font-style); font-weight: var(--awb-text-font-weight); letter-spacing: var(--awb-letter-spacing); text-align: var(--awb-content-alignment); text-transform: var(--awb-text-transform);\">Materia\u0142y budowlane<\/span><\/p>\n<\/div>\n<\/div>\n<\/div>\n<\/div>\n<div class=\"et_pb_row et_pb_row_7\">\n<div class=\"et_pb_column et_pb_column_4_4 et_pb_column_10  et_pb_css_mix_blend_mode_passthrough et-last-child\">\n<div class=\"et_pb_module et_pb_text et_pb_text_4  et_pb_text_align_left et_pb_bg_layout_light\">\n<div class=\"et_pb_text_inner\">\n<p>Drzwi, okna i wszystkie konstrukcje sufitowe zosta\u0142y wykonane z drewna, odnawialnego materia\u0142u budowlanego. Drewno s\u0142u\u017cy jako przyk\u0142ad funkcjonuj\u0105cego naturalnego cyklu. Las magazynuje i filtruje wod\u0119 deszczow\u0105, produkuje tlen i wi\u0105\u017ce zanieczyszczenia powietrza. Pomaga r\u00f3wnie\u017c chroni\u0107 przed globalnym ociepleniem poprzez magazynowanie dwutlenku w\u0119gla, wspiera r\u00f3\u017cnorodno\u015b\u0107 biologiczn\u0105 jako siedlisko i dostarcza cennego drewna. Wykorzystanie drewna jako materia\u0142u budowlanego zmniejsza emisj\u0119 gaz\u00f3w cieplarnianych CO2 i wi\u0105\u017ce je w trwa\u0142ych produktach, takich jak budynki, przez d\u0142ugi czas.<\/p>\n<p>Szyby termoizolacyjne naszych drewnianych okien zapewniaj\u0105 skuteczn\u0105 ochron\u0119 przed zimnem i ciep\u0142em. Byli\u015bmy pod szczeg\u00f3lnym wra\u017ceniem faktu, \u017ce nasz wykonawca budowlany ju\u017c wcze\u015bniej starannie rozwa\u017cy\u0142 zr\u00f3wnowa\u017cony wyb\u00f3r materia\u0142\u00f3w budowlanych. Szczerze m\u00f3wi\u0105c, nie spodziewaliby\u015bmy si\u0119 tak wzorowego podej\u015bcia na Sycylii.<\/p>\n<h3 class=\"fusion-responsive-typography-calculated\" style=\"--fontsize: 28; line-height: 1.3;\" data-fontsize=\"28\" data-lineheight=\"36.4px\"><span class=\"ez-toc-section\" id=\"Klimafreundliche_Anreise\"><\/span><span id=\"Anreise\" class=\"ez-toc-section\"><\/span>Podr\u00f3\u017c przyjazna dla klimatu<span class=\"ez-toc-section-end\"><\/span><\/h3>\n<p><span style=\"color: var(--awb-text-color); font-family: var(--awb-text-font-family); font-size: var(--awb-font-size); font-style: var(--awb-text-font-style); font-weight: var(--awb-text-font-weight); letter-spacing: var(--awb-letter-spacing); text-align: var(--awb-content-alignment); text-transform: var(--awb-text-transform); background-color: var(--awb-bg-color-hover);\">Najbardziej przyjaznym dla \u015brodowiska sposobem podr\u00f3\u017cowania na Sycyli\u0119 jest oczywi\u015bcie pieszo lub rowerem. Alternatywnie mo\u017cna r\u00f3wnie\u017c podr\u00f3\u017cowa\u0107 samochodem lub poci\u0105giem. Chocia\u017c samoch\u00f3d jest o godzin\u0119 szybszy na przyk\u0142ad na trasie z Frankfurtu do portu promowego w Genui, pojawia si\u0119 pytanie, kt\u00f3ry wyb\u00f3r jest bardziej relaksuj\u0105cy. Zw\u0142aszcza je\u015bli we\u017amie si\u0119 pod uwag\u0119, \u017ce wej\u015bcie na prom w porcie w Palermo jest bezcenne.<\/span><\/p>\n<p>Dla tych, kt\u00f3rzy nie maj\u0105 czasu, podr\u00f3\u017c samolotem bez wstydu zwi\u0105zanego z lataniem jest nadal opcj\u0105. Wi\u0119kszo\u015b\u0107 linii lotniczych oferuje obecnie rekompensat\u0119 za emisj\u0119 CO2. Jednak organizacje non-profit, takie jak atmosfair, s\u0105 prawdopodobnie lepsz\u0105 alternatyw\u0105. Obliczaj\u0105 one wp\u0142yw na klimat lotu dla dw\u00f3ch os\u00f3b z Kolonii do Palermo, w obie strony, na 1200 kg CO2. Odpowiada to prawie 22% cz\u0119sto cytowanego lotu na Bali. Kwota rekompensaty z tego tytu\u0142u wynosi 28 euro. Tutaj mo\u017cna nie tylko obliczy\u0107 emisj\u0119 CO2 podczas lotu, ale tak\u017ce bezpo\u015brednio i \u0142atwo wspiera\u0107 \u015bwiatowe programy rekompensat.<\/p>\n<p>Z lotniska w Palermo mo\u017cna dojecha\u0107 poci\u0105giem bezpo\u015brednio do stacji Palermo Centrale, a stamt\u0105d do centrum miasta.<\/p>\n<\/div>\n<\/div>\n<\/div>\n<\/div>\n<\/div><div class=\"fusion-text fusion-text-7\"><p>&nbsp;<\/p>\n<\/div><\/div><\/div><\/div><\/div><div class=\"fusion-fullwidth fullwidth-box fusion-builder-row-11 fusion-flex-container has-pattern-background has-mask-background nonhundred-percent-fullwidth non-hundred-percent-height-scrolling\" style=\"--awb-border-radius-top-left:0px;--awb-border-radius-top-right:0px;--awb-border-radius-bottom-right:0px;--awb-border-radius-bottom-left:0px;--awb-flex-wrap:wrap;\" ><div class=\"fusion-builder-row fusion-row fusion-flex-align-items-flex-start fusion-flex-content-wrap\" style=\"max-width:1248px;margin-left: calc(-4% \/ 2 );margin-right: calc(-4% \/ 2 );\"><div class=\"fusion-layout-column fusion_builder_column fusion-builder-column-14 fusion_builder_column_1_2 1_2 fusion-flex-column\" style=\"--awb-bg-size:cover;--awb-width-large:50%;--awb-margin-top-large:0px;--awb-spacing-right-large:3.84%;--awb-margin-bottom-large:20px;--awb-spacing-left-large:3.84%;--awb-width-medium:50%;--awb-order-medium:0;--awb-spacing-right-medium:3.84%;--awb-spacing-left-medium:3.84%;--awb-width-small:100%;--awb-order-small:0;--awb-spacing-right-small:1.92%;--awb-spacing-left-small:1.92%;\"><div class=\"fusion-column-wrapper fusion-column-has-shadow fusion-flex-justify-content-flex-start fusion-content-layout-column\"><div class=\"fusion-image-element\" style=\"--awb-caption-title-font-family:var(--h2_typography-font-family);--awb-caption-title-font-weight:var(--h2_typography-font-weight);--awb-caption-title-font-style:var(--h2_typography-font-style);--awb-caption-title-size:var(--h2_typography-font-size);--awb-caption-title-transform:var(--h2_typography-text-transform);--awb-caption-title-line-height:var(--h2_typography-line-height);--awb-caption-title-letter-spacing:var(--h2_typography-letter-spacing);\"><span class=\"fusion-imageframe imageframe-none imageframe-9 hover-type-none\" style=\"border-radius:12px;\"><img decoding=\"async\" width=\"980\" height=\"551\" alt=\"Zr\u00f3wnowa\u017cone podr\u00f3\u017cowanie zaczyna si\u0119 od wyboru \u015brodka transportu. W naszym zr\u00f3wnowa\u017conym mieszkaniu wakacyjnym Palazzo Vetrano na starym mie\u015bcie w Palermo udzielamy wskaz\u00f3wek dotycz\u0105cych neutralnego dla klimatu przyjazdu.\" title=\"Palermo zr\u00f3wnowa\u017cony rozw\u00f3j, zr\u00f3wnowa\u017cone podr\u00f3\u017ce, zr\u00f3wnowa\u017cone wakacje mieszkanie Palermo stare miasto, Palermo sostenibilit\u00e0, viaggio sostenibile, vacanza sostenibile appartamento Palermo centro storico, eco BnB\" src=\"https:\/\/palazzovetrano.it\/wp-content\/uploads\/2024\/03\/00007Palermo-Nachhaltigkeit-Nachhaltig-Reisen-nachhaltige-Ferienwohnung-Palermo-Altstadt-Palermo-sostenibilita-viaggio-sostenibile-vacanza-sostenibile-appartamento-Palermo-centro-storico-eco-BnB.jpg\" data-orig-src=\"https:\/\/palazzovetrano.it\/wp-content\/uploads\/2024\/03\/00007Palermo-Nachhaltigkeit-Nachhaltig-Reisen-nachhaltige-Ferienwohnung-Palermo-Altstadt-Palermo-sostenibilita-viaggio-sostenibile-vacanza-sostenibile-appartamento-Palermo-centro-storico-eco-BnB.jpg\" class=\"lazyload img-responsive wp-image-1602\" srcset=\"data:image\/svg+xml,%3Csvg%20xmlns%3D%27http%3A%2F%2Fwww.w3.org%2F2000%2Fsvg%27%20width%3D%27980%27%20height%3D%27551%27%20viewBox%3D%270%200%20980%20551%27%3E%3Crect%20width%3D%27980%27%20height%3D%27551%27%20fill-opacity%3D%220%22%2F%3E%3C%2Fsvg%3E\" data-srcset=\"https:\/\/palazzovetrano.it\/wp-content\/uploads\/2024\/03\/00007Palermo-Nachhaltigkeit-Nachhaltig-Reisen-nachhaltige-Ferienwohnung-Palermo-Altstadt-Palermo-sostenibilita-viaggio-sostenibile-vacanza-sostenibile-appartamento-Palermo-centro-storico-eco-BnB-200x112.jpg 200w, https:\/\/palazzovetrano.it\/wp-content\/uploads\/2024\/03\/00007Palermo-Nachhaltigkeit-Nachhaltig-Reisen-nachhaltige-Ferienwohnung-Palermo-Altstadt-Palermo-sostenibilita-viaggio-sostenibile-vacanza-sostenibile-appartamento-Palermo-centro-storico-eco-BnB-400x225.jpg 400w, https:\/\/palazzovetrano.it\/wp-content\/uploads\/2024\/03\/00007Palermo-Nachhaltigkeit-Nachhaltig-Reisen-nachhaltige-Ferienwohnung-Palermo-Altstadt-Palermo-sostenibilita-viaggio-sostenibile-vacanza-sostenibile-appartamento-Palermo-centro-storico-eco-BnB-600x337.jpg 600w, https:\/\/palazzovetrano.it\/wp-content\/uploads\/2024\/03\/00007Palermo-Nachhaltigkeit-Nachhaltig-Reisen-nachhaltige-Ferienwohnung-Palermo-Altstadt-Palermo-sostenibilita-viaggio-sostenibile-vacanza-sostenibile-appartamento-Palermo-centro-storico-eco-BnB-800x450.jpg 800w, https:\/\/palazzovetrano.it\/wp-content\/uploads\/2024\/03\/00007Palermo-Nachhaltigkeit-Nachhaltig-Reisen-nachhaltige-Ferienwohnung-Palermo-Altstadt-Palermo-sostenibilita-viaggio-sostenibile-vacanza-sostenibile-appartamento-Palermo-centro-storico-eco-BnB.jpg 980w\" data-sizes=\"auto\" data-orig-sizes=\"(max-width: 800px) 100vw, 600px\" \/><\/span><\/div><\/div><\/div><div class=\"fusion-layout-column fusion_builder_column fusion-builder-column-15 fusion_builder_column_1_2 1_2 fusion-flex-column\" style=\"--awb-bg-size:cover;--awb-width-large:50%;--awb-margin-top-large:0px;--awb-spacing-right-large:3.84%;--awb-margin-bottom-large:20px;--awb-spacing-left-large:3.84%;--awb-width-medium:50%;--awb-order-medium:0;--awb-spacing-right-medium:3.84%;--awb-spacing-left-medium:3.84%;--awb-width-small:100%;--awb-order-small:0;--awb-spacing-right-small:1.92%;--awb-spacing-left-small:1.92%;\"><div class=\"fusion-column-wrapper fusion-column-has-shadow fusion-flex-justify-content-flex-start fusion-content-layout-column\"><div class=\"fusion-image-element\" style=\"--awb-caption-title-font-family:var(--h2_typography-font-family);--awb-caption-title-font-weight:var(--h2_typography-font-weight);--awb-caption-title-font-style:var(--h2_typography-font-style);--awb-caption-title-size:var(--h2_typography-font-size);--awb-caption-title-transform:var(--h2_typography-text-transform);--awb-caption-title-line-height:var(--h2_typography-line-height);--awb-caption-title-letter-spacing:var(--h2_typography-letter-spacing);\"><span class=\"fusion-imageframe imageframe-none imageframe-10 hover-type-none\" style=\"border-radius:12px;\"><img decoding=\"async\" width=\"980\" height=\"551\" alt=\"Dworzec g\u0142\u00f3wny w Palermo: st\u0105d ju\u017c tylko kilka krok\u00f3w do zr\u00f3wnowa\u017conego mieszkania wakacyjnego w samym sercu starego miasta w Palermo\" title=\"Palermo zr\u00f3wnowa\u017cony rozw\u00f3j, zr\u00f3wnowa\u017cone podr\u00f3\u017ce, zr\u00f3wnowa\u017cone wakacje mieszkanie Palermo stare miasto, Palermo sostenibilit\u00e0, viaggio sostenibile, vacanza sostenibile appartamento Palermo centro storico, eco BnB\" src=\"https:\/\/palazzovetrano.it\/wp-content\/uploads\/2024\/03\/00008Palermo-Nachhaltigkeit-Nachhaltig-Reisen-nachhaltige-Ferienwohnung-Palermo-Altstadt-Palermo-sostenibilita-viaggio-sostenibile-vacanza-sostenibile-appartamento-Palermo-centro-storico-eco-BnB.jpg\" data-orig-src=\"https:\/\/palazzovetrano.it\/wp-content\/uploads\/2024\/03\/00008Palermo-Nachhaltigkeit-Nachhaltig-Reisen-nachhaltige-Ferienwohnung-Palermo-Altstadt-Palermo-sostenibilita-viaggio-sostenibile-vacanza-sostenibile-appartamento-Palermo-centro-storico-eco-BnB.jpg\" class=\"lazyload img-responsive wp-image-1603\" srcset=\"data:image\/svg+xml,%3Csvg%20xmlns%3D%27http%3A%2F%2Fwww.w3.org%2F2000%2Fsvg%27%20width%3D%27980%27%20height%3D%27551%27%20viewBox%3D%270%200%20980%20551%27%3E%3Crect%20width%3D%27980%27%20height%3D%27551%27%20fill-opacity%3D%220%22%2F%3E%3C%2Fsvg%3E\" data-srcset=\"https:\/\/palazzovetrano.it\/wp-content\/uploads\/2024\/03\/00008Palermo-Nachhaltigkeit-Nachhaltig-Reisen-nachhaltige-Ferienwohnung-Palermo-Altstadt-Palermo-sostenibilita-viaggio-sostenibile-vacanza-sostenibile-appartamento-Palermo-centro-storico-eco-BnB-200x112.jpg 200w, https:\/\/palazzovetrano.it\/wp-content\/uploads\/2024\/03\/00008Palermo-Nachhaltigkeit-Nachhaltig-Reisen-nachhaltige-Ferienwohnung-Palermo-Altstadt-Palermo-sostenibilita-viaggio-sostenibile-vacanza-sostenibile-appartamento-Palermo-centro-storico-eco-BnB-400x225.jpg 400w, https:\/\/palazzovetrano.it\/wp-content\/uploads\/2024\/03\/00008Palermo-Nachhaltigkeit-Nachhaltig-Reisen-nachhaltige-Ferienwohnung-Palermo-Altstadt-Palermo-sostenibilita-viaggio-sostenibile-vacanza-sostenibile-appartamento-Palermo-centro-storico-eco-BnB-600x337.jpg 600w, https:\/\/palazzovetrano.it\/wp-content\/uploads\/2024\/03\/00008Palermo-Nachhaltigkeit-Nachhaltig-Reisen-nachhaltige-Ferienwohnung-Palermo-Altstadt-Palermo-sostenibilita-viaggio-sostenibile-vacanza-sostenibile-appartamento-Palermo-centro-storico-eco-BnB-800x450.jpg 800w, https:\/\/palazzovetrano.it\/wp-content\/uploads\/2024\/03\/00008Palermo-Nachhaltigkeit-Nachhaltig-Reisen-nachhaltige-Ferienwohnung-Palermo-Altstadt-Palermo-sostenibilita-viaggio-sostenibile-vacanza-sostenibile-appartamento-Palermo-centro-storico-eco-BnB.jpg 980w\" data-sizes=\"auto\" data-orig-sizes=\"(max-width: 800px) 100vw, 600px\" \/><\/span><\/div><\/div><\/div><\/div><\/div><div class=\"fusion-fullwidth fullwidth-box fusion-builder-row-12 fusion-flex-container nonhundred-percent-fullwidth non-hundred-percent-height-scrolling\" style=\"--awb-border-radius-top-left:0px;--awb-border-radius-top-right:0px;--awb-border-radius-bottom-right:0px;--awb-border-radius-bottom-left:0px;--awb-flex-wrap:wrap;\" ><div class=\"fusion-builder-row fusion-row fusion-flex-align-items-flex-start fusion-flex-content-wrap\" style=\"max-width:1248px;margin-left: calc(-4% \/ 2 );margin-right: calc(-4% \/ 2 );\"><div class=\"fusion-layout-column fusion_builder_column fusion-builder-column-16 fusion_builder_column_1_1 1_1 fusion-flex-column\" style=\"--awb-bg-blend:overlay;--awb-bg-size:cover;--awb-width-large:100%;--awb-margin-top-large:0px;--awb-spacing-right-large:1.92%;--awb-margin-bottom-large:0px;--awb-spacing-left-large:1.92%;--awb-width-medium:100%;--awb-spacing-right-medium:1.92%;--awb-spacing-left-medium:1.92%;--awb-width-small:100%;--awb-spacing-right-small:1.92%;--awb-spacing-left-small:1.92%;\"><div class=\"fusion-column-wrapper fusion-flex-justify-content-flex-start fusion-content-layout-column\"><div class=\"fusion-text fusion-text-8\"><\/p>\n<div class=\"et_pb_row et_pb_row_0\">\n<div class=\"et_pb_column et_pb_column_4_4 et_pb_column_0  et_pb_css_mix_blend_mode_passthrough et-last-child\">\n<div class=\"et_pb_module et_pb_text et_pb_text_0  et_pb_text_align_left et_pb_bg_layout_light\">\n<div class=\"et_pb_text_inner\">\n<blockquote>\n<p>\"Nasza planeta jest naszym domem, naszym jedynym domem. Gdzie mamy si\u0119 uda\u0107, je\u015bli j\u0105 zniszczymy?\" - Dalajlama<\/p>\n<\/blockquote>\n<\/div>\n<\/div>\n<\/div>\n<\/div>\n<div class=\"et_pb_row et_pb_row_3\">\n<div class=\"et_pb_column et_pb_column_4_4 et_pb_column_4  et_pb_css_mix_blend_mode_passthrough et-last-child\">\n<div class=\"et_pb_module et_pb_text et_pb_text_2  et_pb_text_align_left et_pb_bg_layout_light\">\n<div class=\"et_pb_text_inner\">\n<p><span style=\"background-color: var(--awb-bg-color-hover); color: var(--awb-text-color); font-family: var(--awb-text-font-family); font-size: var(--awb-font-size); font-style: var(--awb-text-font-style); font-weight: var(--awb-text-font-weight); letter-spacing: var(--awb-letter-spacing); text-align: var(--awb-content-alignment); text-transform: var(--awb-text-transform);\">\u015arodki transportu na miejscu<\/span><\/p>\n<\/div>\n<\/div>\n<\/div>\n<\/div>\n<div class=\"et_pb_row et_pb_row_9\">\n<div class=\"et_pb_column et_pb_column_4_4 et_pb_column_13  et_pb_css_mix_blend_mode_passthrough et-last-child\">\n<div class=\"et_pb_module et_pb_text et_pb_text_5  et_pb_text_align_left et_pb_bg_layout_light\">\n<div class=\"et_pb_text_inner\">\n<p>Stare miasto w Palermo to \u015bwietne miejsce do poruszania si\u0119 pieszo. Dla wszystkich mi\u0142o\u015bnik\u00f3w rower\u00f3w na cyfrowej mapie miasta wymienili\u015bmy dogodne opcje wynajmu w odleg\u0142o\u015bci kr\u00f3tkiego spaceru. Wycieczki l\u0105dowe mo\u017cna \u0142atwo zorganizowa\u0107 autobusem, poci\u0105giem lub promem, oszcz\u0119dzaj\u0105c konieczno\u015b\u0107 wynajmowania samochodu. To ekonomiczne i ekologiczne rozwi\u0105zanie.<\/p>\n<h3 class=\"\" style=\"--fontsize: 28; line-height: 1.3;\" data-fontsize=\"28\" data-lineheight=\"36.4px\"><span class=\"ez-toc-section\" id=\"Eigenverantwortung\"><\/span><span id=\"Eigenverantwortung\" class=\"ez-toc-section\"><\/span>Odpowiedzialno\u015b\u0107 osobista<span class=\"ez-toc-section-end\"><\/span><\/h3>\n<p>Napisali\u015bmy ju\u017c w\u0142asny post o naszym osobistym \u015bladzie w\u0119glowym na naszym blogu planBwagen i kontynuujemy nasze wysi\u0142ki, mimo \u017ce daleko nam do doskona\u0142o\u015bci. Jak ju\u017c wspomniano, nie skupiamy si\u0119 na wskazywaniu palcem innych, ale raczej na promowaniu wsp\u00f3lnych wysi\u0142k\u00f3w na rzecz zr\u00f3wnowa\u017conego rozwoju.<\/p>\n<h3 class=\"\" style=\"--fontsize: 28; line-height: 1.3;\" data-fontsize=\"28\" data-lineheight=\"36.4px\"><span class=\"ez-toc-section\" id=\"Essen_Soziales\"><\/span><span id=\"Essen_Soziales\" class=\"ez-toc-section\"><\/span>\u017bywno\u015b\u0107 i sprawy spo\u0142eczne<span class=\"ez-toc-section-end\"><\/span><\/h3>\n<p>W Moltivolti, naszej ulubionej restauracji, mo\u017cesz nie tylko zje\u015b\u0107 wykwintny posi\u0142ek, ale tak\u017ce wesprze\u0107 ich zaanga\u017cowanie spo\u0142eczne w Ballar\u00f2. Zesp\u00f3\u0142 Moltivolti postrzega jedzenie jako narz\u0119dzie dialogu mi\u0119dzy r\u00f3\u017cnymi lud\u017ami i kulturami.<\/p>\n<\/div>\n<\/div>\n<\/div>\n<\/div>\n<div class=\"et_pb_row et_pb_row_11\">\u00a0<\/div><\/p>\n<\/div><\/div><\/div><\/div><\/div><div class=\"fusion-fullwidth fullwidth-box fusion-builder-row-13 fusion-flex-container has-pattern-background has-mask-background nonhundred-percent-fullwidth non-hundred-percent-height-scrolling\" style=\"--awb-border-radius-top-left:0px;--awb-border-radius-top-right:0px;--awb-border-radius-bottom-right:0px;--awb-border-radius-bottom-left:0px;--awb-flex-wrap:wrap;\" ><div class=\"fusion-builder-row fusion-row fusion-flex-align-items-flex-start fusion-flex-content-wrap\" style=\"max-width:1248px;margin-left: calc(-4% \/ 2 );margin-right: calc(-4% \/ 2 );\"><div class=\"fusion-layout-column fusion_builder_column fusion-builder-column-17 fusion_builder_column_1_1 1_1 fusion-flex-column\" style=\"--awb-bg-size:cover;--awb-width-large:100%;--awb-margin-top-large:0px;--awb-spacing-right-large:1.92%;--awb-margin-bottom-large:20px;--awb-spacing-left-large:1.92%;--awb-width-medium:100%;--awb-order-medium:0;--awb-spacing-right-medium:1.92%;--awb-spacing-left-medium:1.92%;--awb-width-small:100%;--awb-order-small:0;--awb-spacing-right-small:1.92%;--awb-spacing-left-small:1.92%;\"><div class=\"fusion-column-wrapper fusion-column-has-shadow fusion-flex-justify-content-flex-start fusion-content-layout-column\"><div class=\"fusion-image-element\" style=\"--awb-caption-title-font-family:var(--h2_typography-font-family);--awb-caption-title-font-weight:var(--h2_typography-font-weight);--awb-caption-title-font-style:var(--h2_typography-font-style);--awb-caption-title-size:var(--h2_typography-font-size);--awb-caption-title-transform:var(--h2_typography-text-transform);--awb-caption-title-line-height:var(--h2_typography-line-height);--awb-caption-title-letter-spacing:var(--h2_typography-letter-spacing);\"><span class=\"fusion-imageframe imageframe-none imageframe-11 hover-type-none\" style=\"border-radius:12px;\"><img decoding=\"async\" width=\"1024\" height=\"473\" alt=\"Zr\u00f3wnowa\u017cone mieszkanie wakacyjne Palermo\" src=\"https:\/\/palazzovetrano.it\/wp-content\/uploads\/2024\/03\/1097c7e9-250c-4d3c-866f-7861023621cf.jpeg\" data-orig-src=\"https:\/\/palazzovetrano.it\/wp-content\/uploads\/2024\/03\/1097c7e9-250c-4d3c-866f-7861023621cf-1024x473.jpeg\" class=\"lazyload img-responsive wp-image-1668\" srcset=\"data:image\/svg+xml,%3Csvg%20xmlns%3D%27http%3A%2F%2Fwww.w3.org%2F2000%2Fsvg%27%20width%3D%271599%27%20height%3D%27738%27%20viewBox%3D%270%200%201599%20738%27%3E%3Crect%20width%3D%271599%27%20height%3D%27738%27%20fill-opacity%3D%220%22%2F%3E%3C%2Fsvg%3E\" data-srcset=\"https:\/\/palazzovetrano.it\/wp-content\/uploads\/2024\/03\/1097c7e9-250c-4d3c-866f-7861023621cf-200x92.jpeg 200w, https:\/\/palazzovetrano.it\/wp-content\/uploads\/2024\/03\/1097c7e9-250c-4d3c-866f-7861023621cf-400x185.jpeg 400w, https:\/\/palazzovetrano.it\/wp-content\/uploads\/2024\/03\/1097c7e9-250c-4d3c-866f-7861023621cf-600x277.jpeg 600w, https:\/\/palazzovetrano.it\/wp-content\/uploads\/2024\/03\/1097c7e9-250c-4d3c-866f-7861023621cf-800x369.jpeg 800w, https:\/\/palazzovetrano.it\/wp-content\/uploads\/2024\/03\/1097c7e9-250c-4d3c-866f-7861023621cf-1200x554.jpeg 1200w, https:\/\/palazzovetrano.it\/wp-content\/uploads\/2024\/03\/1097c7e9-250c-4d3c-866f-7861023621cf.jpeg 1599w\" data-sizes=\"auto\" data-orig-sizes=\"(max-width: 800px) 100vw, 1200px\" \/><\/span><\/div><\/div><\/div><\/div><\/div><div class=\"fusion-fullwidth fullwidth-box fusion-builder-row-14 fusion-flex-container nonhundred-percent-fullwidth non-hundred-percent-height-scrolling\" style=\"--awb-border-radius-top-left:0px;--awb-border-radius-top-right:0px;--awb-border-radius-bottom-right:0px;--awb-border-radius-bottom-left:0px;--awb-flex-wrap:wrap;\" ><div class=\"fusion-builder-row fusion-row fusion-flex-align-items-flex-start fusion-flex-content-wrap\" style=\"max-width:1248px;margin-left: calc(-4% \/ 2 );margin-right: calc(-4% \/ 2 );\"><div class=\"fusion-layout-column fusion_builder_column fusion-builder-column-18 fusion_builder_column_1_1 1_1 fusion-flex-column\" style=\"--awb-bg-blend:overlay;--awb-bg-size:cover;--awb-width-large:100%;--awb-margin-top-large:0px;--awb-spacing-right-large:1.92%;--awb-margin-bottom-large:0px;--awb-spacing-left-large:1.92%;--awb-width-medium:100%;--awb-spacing-right-medium:1.92%;--awb-spacing-left-medium:1.92%;--awb-width-small:100%;--awb-spacing-right-small:1.92%;--awb-spacing-left-small:1.92%;\"><div class=\"fusion-column-wrapper fusion-flex-justify-content-flex-start fusion-content-layout-column\"><div class=\"fusion-text fusion-text-9\"><\/p>\n<div class=\"et_pb_row et_pb_row_0\">\n<div class=\"et_pb_column et_pb_column_4_4 et_pb_column_0  et_pb_css_mix_blend_mode_passthrough et-last-child\">\n<div class=\"et_pb_module et_pb_text et_pb_text_0  et_pb_text_align_left et_pb_bg_layout_light\">\n<div class=\"et_pb_text_inner\">\n<p><span style=\"color: var(--h3_typography-color); font-family: var(--h3_typography-font-family); font-size: var(--h3_typography-font-size); font-style: var(--h3_typography-font-style,normal); font-weight: var(--h3_typography-font-weight); letter-spacing: var(--h3_typography-letter-spacing); text-transform: var(--h3_typography-text-transform); text-align: var(--awb-content-alignment); background-color: var(--awb-bg-color);\">CleanUp<\/span><\/p>\n<\/div>\n<\/div>\n<\/div>\n<\/div>\n<div class=\"et_pb_row et_pb_row_9\">\n<div class=\"et_pb_column et_pb_column_4_4 et_pb_column_13  et_pb_css_mix_blend_mode_passthrough et-last-child\">\n<div class=\"et_pb_module et_pb_text et_pb_text_5  et_pb_text_align_left et_pb_bg_layout_light\">\n<div class=\"et_pb_text_inner\">\n<p>Tutaj dzielimy si\u0119 informacjami na temat naszego osobistego zaanga\u017cowania podczas podr\u00f3\u017cy, poniewa\u017c kwestia odpad\u00f3w z tworzyw sztucznych jest dzi\u015b wszechobecnym wyzwaniem. Zanieczyszczenie ocean\u00f3w i pla\u017c jest powszechnym problemem, a odpady z l\u0105du przedostaj\u0105 si\u0119 do morza drogami wodnymi i kanalizacj\u0105. Wa\u017cne jest, aby zdawa\u0107 sobie spraw\u0119, \u017ce ka\u017cde dzia\u0142anie ma swoje konsekwencje, a ka\u017cdy pozostawiony \u015bmie\u0107 szkodzi \u015brodowisku. Pod\u0105\u017caj za naszym przyk\u0142adem i upewnij si\u0119, \u017ce zawsze zabierasz ze sob\u0105 wi\u0119cej \u015bmieci ni\u017c przynosisz.<\/p>\n<blockquote>\n<p>\"\u0141atwo jest m\u00f3wi\u0107 wielkie rzeczy, ale najwa\u017cniejsze jest to, czy posprz\u0105tasz ba\u0142agan, czy nie\". - <span style=\"color: var(--awb-text-color); font-family: var(--awb-text-font-family); font-size: var(--awb-font-size); font-style: var(--awb-text-font-style); font-weight: var(--awb-text-font-weight); letter-spacing: var(--awb-letter-spacing); text-align: var(--awb-content-alignment); text-transform: var(--awb-text-transform); background-color: var(--awb-bg-color-hover);\">Haruki Murakami, Norweski las<\/span><\/p>\n<\/blockquote>\n<h3 class=\"fusion-responsive-typography-calculated\" style=\"--fontsize: 28; line-height: 1.3;\" data-fontsize=\"28\" data-lineheight=\"36.4px\"><span class=\"ez-toc-section\" id=\"Fazit\"><\/span><span id=\"Fazit\" class=\"ez-toc-section\"><\/span>Wnioski:<span class=\"ez-toc-section-end\"><\/span><\/h3>\n<p>Zr\u00f3wnowa\u017cony rozw\u00f3j jako podstawa przysz\u0142o\u015bci wartej \u017cycia<\/p>\n<p>Nie jeste\u015bmy doskonali. Ale licz\u0105 si\u0119 ma\u0142e kroki. Dlatego cieszymy si\u0119, \u017ce mo\u017cemy wnie\u015b\u0107 sw\u00f3j wk\u0142ad razem z Tob\u0105. Od ka\u017cdego z nas zale\u017cy, czy zr\u00f3wnowa\u017cone zachowania stan\u0105 si\u0119 podstaw\u0105 naszego \u017cycia, a tym samym przyczyni\u0105 si\u0119 do przysz\u0142o\u015bci, w kt\u00f3rej warto \u017cy\u0107. Zr\u00f3bmy to razem. Dzi\u0119kujemy!<\/p>\n<\/div>\n<\/div>\n<\/div>\n<\/div>\n<div class=\"et_pb_row et_pb_row_10\">\n<div class=\"et_pb_column et_pb_column_4_4 et_pb_column_14  et_pb_css_mix_blend_mode_passthrough et-last-child\">\n<div class=\"et_pb_module et_pb_text et_pb_text_6  et_pb_text_align_left et_pb_bg_layout_light\">\n<div class=\"et_pb_text_inner\">\n<blockquote>\n<p>Zr\u00f3wnowa\u017cony rozw\u00f3j to wytrwa\u0142o\u015b\u0107, a nie perfekcja.<\/p>\n<\/blockquote>\n<\/div>\n<\/div>\n<\/div>\n<\/div>\n<div class=\"et_pb_row et_pb_row_11\">\n<div class=\"et_pb_column et_pb_column_1_2 et_pb_column_16  et_pb_css_mix_blend_mode_passthrough et-last-child\">\u00a0<\/div>\n<\/div>\n<\/div><\/div><\/div><\/div><\/div><div class=\"fusion-fullwidth fullwidth-box fusion-builder-row-15 fusion-flex-container has-pattern-background has-mask-background nonhundred-percent-fullwidth non-hundred-percent-height-scrolling\" style=\"--awb-border-radius-top-left:0px;--awb-border-radius-top-right:0px;--awb-border-radius-bottom-right:0px;--awb-border-radius-bottom-left:0px;--awb-flex-wrap:wrap;\" ><div class=\"fusion-builder-row fusion-row fusion-flex-align-items-flex-start fusion-flex-content-wrap\" style=\"max-width:1248px;margin-left: calc(-4% \/ 2 );margin-right: calc(-4% \/ 2 );\"><div class=\"fusion-layout-column fusion_builder_column fusion-builder-column-19 fusion_builder_column_1_2 1_2 fusion-flex-column\" style=\"--awb-bg-size:cover;--awb-width-large:50%;--awb-margin-top-large:0px;--awb-spacing-right-large:3.84%;--awb-margin-bottom-large:20px;--awb-spacing-left-large:3.84%;--awb-width-medium:50%;--awb-order-medium:0;--awb-spacing-right-medium:3.84%;--awb-spacing-left-medium:3.84%;--awb-width-small:100%;--awb-order-small:0;--awb-spacing-right-small:1.92%;--awb-spacing-left-small:1.92%;\"><div class=\"fusion-column-wrapper fusion-column-has-shadow fusion-flex-justify-content-flex-start fusion-content-layout-column\"><div class=\"fusion-image-element\" style=\"--awb-caption-title-font-family:var(--h2_typography-font-family);--awb-caption-title-font-weight:var(--h2_typography-font-weight);--awb-caption-title-font-style:var(--h2_typography-font-style);--awb-caption-title-size:var(--h2_typography-font-size);--awb-caption-title-transform:var(--h2_typography-text-transform);--awb-caption-title-line-height:var(--h2_typography-line-height);--awb-caption-title-letter-spacing:var(--h2_typography-letter-spacing);\"><span class=\"fusion-imageframe imageframe-none imageframe-12 hover-type-none\" style=\"border-radius:12px;\"><img decoding=\"async\" width=\"980\" height=\"551\" alt=\"Zr\u00f3wnowa\u017cony rozw\u00f3j w sektorze prywatnym, Casa Pieve\" title=\"Palermo zr\u00f3wnowa\u017cony rozw\u00f3j, zr\u00f3wnowa\u017cone podr\u00f3\u017ce, zr\u00f3wnowa\u017cone wakacje mieszkanie Palermo stare miasto, Palermo sostenibilit\u00e0, viaggio sostenibile, vacanza sostenibile appartamento Palermo centro storico, eco BnB\" src=\"https:\/\/palazzovetrano.it\/wp-content\/uploads\/2024\/03\/00005Palermo-Nachhaltigkeit-Nachhaltig-Reisen-nachhaltige-Ferienwohnung-Palermo-Altstadt-Palermo-sostenibilita-viaggio-sostenibile-vacanza-sostenibile-appartamento-Palermo-centro-storico-eco-BnB.jpg\" data-orig-src=\"https:\/\/palazzovetrano.it\/wp-content\/uploads\/2024\/03\/00005Palermo-Nachhaltigkeit-Nachhaltig-Reisen-nachhaltige-Ferienwohnung-Palermo-Altstadt-Palermo-sostenibilita-viaggio-sostenibile-vacanza-sostenibile-appartamento-Palermo-centro-storico-eco-BnB.jpg\" class=\"lazyload img-responsive wp-image-1600\" srcset=\"data:image\/svg+xml,%3Csvg%20xmlns%3D%27http%3A%2F%2Fwww.w3.org%2F2000%2Fsvg%27%20width%3D%27980%27%20height%3D%27551%27%20viewBox%3D%270%200%20980%20551%27%3E%3Crect%20width%3D%27980%27%20height%3D%27551%27%20fill-opacity%3D%220%22%2F%3E%3C%2Fsvg%3E\" data-srcset=\"https:\/\/palazzovetrano.it\/wp-content\/uploads\/2024\/03\/00005Palermo-Nachhaltigkeit-Nachhaltig-Reisen-nachhaltige-Ferienwohnung-Palermo-Altstadt-Palermo-sostenibilita-viaggio-sostenibile-vacanza-sostenibile-appartamento-Palermo-centro-storico-eco-BnB-200x112.jpg 200w, https:\/\/palazzovetrano.it\/wp-content\/uploads\/2024\/03\/00005Palermo-Nachhaltigkeit-Nachhaltig-Reisen-nachhaltige-Ferienwohnung-Palermo-Altstadt-Palermo-sostenibilita-viaggio-sostenibile-vacanza-sostenibile-appartamento-Palermo-centro-storico-eco-BnB-400x225.jpg 400w, https:\/\/palazzovetrano.it\/wp-content\/uploads\/2024\/03\/00005Palermo-Nachhaltigkeit-Nachhaltig-Reisen-nachhaltige-Ferienwohnung-Palermo-Altstadt-Palermo-sostenibilita-viaggio-sostenibile-vacanza-sostenibile-appartamento-Palermo-centro-storico-eco-BnB-600x337.jpg 600w, https:\/\/palazzovetrano.it\/wp-content\/uploads\/2024\/03\/00005Palermo-Nachhaltigkeit-Nachhaltig-Reisen-nachhaltige-Ferienwohnung-Palermo-Altstadt-Palermo-sostenibilita-viaggio-sostenibile-vacanza-sostenibile-appartamento-Palermo-centro-storico-eco-BnB-800x450.jpg 800w, https:\/\/palazzovetrano.it\/wp-content\/uploads\/2024\/03\/00005Palermo-Nachhaltigkeit-Nachhaltig-Reisen-nachhaltige-Ferienwohnung-Palermo-Altstadt-Palermo-sostenibilita-viaggio-sostenibile-vacanza-sostenibile-appartamento-Palermo-centro-storico-eco-BnB.jpg 980w\" data-sizes=\"auto\" data-orig-sizes=\"(max-width: 800px) 100vw, 600px\" \/><\/span><\/div><\/div><\/div><div class=\"fusion-layout-column fusion_builder_column fusion-builder-column-20 fusion_builder_column_1_2 1_2 fusion-flex-column\" style=\"--awb-bg-size:cover;--awb-width-large:50%;--awb-margin-top-large:0px;--awb-spacing-right-large:3.84%;--awb-margin-bottom-large:20px;--awb-spacing-left-large:3.84%;--awb-width-medium:50%;--awb-order-medium:0;--awb-spacing-right-medium:3.84%;--awb-spacing-left-medium:3.84%;--awb-width-small:100%;--awb-order-small:0;--awb-spacing-right-small:1.92%;--awb-spacing-left-small:1.92%;\"><div class=\"fusion-column-wrapper fusion-column-has-shadow fusion-flex-justify-content-flex-start fusion-content-layout-column\"><div class=\"fusion-image-element\" style=\"--awb-caption-title-font-family:var(--h2_typography-font-family);--awb-caption-title-font-weight:var(--h2_typography-font-weight);--awb-caption-title-font-style:var(--h2_typography-font-style);--awb-caption-title-size:var(--h2_typography-font-size);--awb-caption-title-transform:var(--h2_typography-text-transform);--awb-caption-title-line-height:var(--h2_typography-line-height);--awb-caption-title-letter-spacing:var(--h2_typography-letter-spacing);\"><span class=\"fusion-imageframe imageframe-none imageframe-13 hover-type-none\" style=\"border-radius:12px;\"><img decoding=\"async\" width=\"980\" height=\"551\" alt=\"Zr\u00f3wnowa\u017cony rozw\u00f3j jest nagradzany.\" title=\"Palermo zr\u00f3wnowa\u017cony rozw\u00f3j, zr\u00f3wnowa\u017cone podr\u00f3\u017ce, zr\u00f3wnowa\u017cone wakacje mieszkanie Palermo stare miasto, Palermo sostenibilit\u00e0, viaggio sostenibile, vacanza sostenibile appartamento Palermo centro storico, eco BnB\" src=\"https:\/\/palazzovetrano.it\/wp-content\/uploads\/2024\/03\/00004Palermo-Nachhaltigkeit-Nachhaltig-Reisen-nachhaltige-Ferienwohnung-Palermo-Altstadt-Palermo-sostenibilita-viaggio-sostenibile-vacanza-sostenibile-appartamento-Palermo-centro-storico-eco-BnB.jpg\" data-orig-src=\"https:\/\/palazzovetrano.it\/wp-content\/uploads\/2024\/03\/00004Palermo-Nachhaltigkeit-Nachhaltig-Reisen-nachhaltige-Ferienwohnung-Palermo-Altstadt-Palermo-sostenibilita-viaggio-sostenibile-vacanza-sostenibile-appartamento-Palermo-centro-storico-eco-BnB.jpg\" class=\"lazyload img-responsive wp-image-1599\" srcset=\"data:image\/svg+xml,%3Csvg%20xmlns%3D%27http%3A%2F%2Fwww.w3.org%2F2000%2Fsvg%27%20width%3D%27980%27%20height%3D%27551%27%20viewBox%3D%270%200%20980%20551%27%3E%3Crect%20width%3D%27980%27%20height%3D%27551%27%20fill-opacity%3D%220%22%2F%3E%3C%2Fsvg%3E\" data-srcset=\"https:\/\/palazzovetrano.it\/wp-content\/uploads\/2024\/03\/00004Palermo-Nachhaltigkeit-Nachhaltig-Reisen-nachhaltige-Ferienwohnung-Palermo-Altstadt-Palermo-sostenibilita-viaggio-sostenibile-vacanza-sostenibile-appartamento-Palermo-centro-storico-eco-BnB-200x112.jpg 200w, https:\/\/palazzovetrano.it\/wp-content\/uploads\/2024\/03\/00004Palermo-Nachhaltigkeit-Nachhaltig-Reisen-nachhaltige-Ferienwohnung-Palermo-Altstadt-Palermo-sostenibilita-viaggio-sostenibile-vacanza-sostenibile-appartamento-Palermo-centro-storico-eco-BnB-400x225.jpg 400w, https:\/\/palazzovetrano.it\/wp-content\/uploads\/2024\/03\/00004Palermo-Nachhaltigkeit-Nachhaltig-Reisen-nachhaltige-Ferienwohnung-Palermo-Altstadt-Palermo-sostenibilita-viaggio-sostenibile-vacanza-sostenibile-appartamento-Palermo-centro-storico-eco-BnB-600x337.jpg 600w, https:\/\/palazzovetrano.it\/wp-content\/uploads\/2024\/03\/00004Palermo-Nachhaltigkeit-Nachhaltig-Reisen-nachhaltige-Ferienwohnung-Palermo-Altstadt-Palermo-sostenibilita-viaggio-sostenibile-vacanza-sostenibile-appartamento-Palermo-centro-storico-eco-BnB-800x450.jpg 800w, https:\/\/palazzovetrano.it\/wp-content\/uploads\/2024\/03\/00004Palermo-Nachhaltigkeit-Nachhaltig-Reisen-nachhaltige-Ferienwohnung-Palermo-Altstadt-Palermo-sostenibilita-viaggio-sostenibile-vacanza-sostenibile-appartamento-Palermo-centro-storico-eco-BnB.jpg 980w\" data-sizes=\"auto\" data-orig-sizes=\"(max-width: 800px) 100vw, 600px\" \/><\/span><\/div><\/div><\/div><\/div><\/div><div class=\"fusion-fullwidth fullwidth-box fusion-builder-row-16 fusion-flex-container has-pattern-background has-mask-background nonhundred-percent-fullwidth non-hundred-percent-height-scrolling\" style=\"--awb-border-radius-top-left:0px;--awb-border-radius-top-right:0px;--awb-border-radius-bottom-right:0px;--awb-border-radius-bottom-left:0px;--awb-flex-wrap:wrap;\" ><div class=\"fusion-builder-row fusion-row fusion-flex-align-items-flex-start fusion-flex-content-wrap\" style=\"max-width:1248px;margin-left: calc(-4% \/ 2 );margin-right: calc(-4% \/ 2 );\"><div class=\"fusion-layout-column fusion_builder_column fusion-builder-column-21 fusion_builder_column_1_1 1_1 fusion-flex-column\" style=\"--awb-bg-size:cover;--awb-width-large:100%;--awb-margin-top-large:0px;--awb-spacing-right-large:1.92%;--awb-margin-bottom-large:20px;--awb-spacing-left-large:1.92%;--awb-width-medium:100%;--awb-order-medium:0;--awb-spacing-right-medium:1.92%;--awb-spacing-left-medium:1.92%;--awb-width-small:100%;--awb-order-small:0;--awb-spacing-right-small:1.92%;--awb-spacing-left-small:1.92%;\"><div class=\"fusion-column-wrapper fusion-column-has-shadow fusion-flex-justify-content-flex-start fusion-content-layout-column\"><div class=\"fusion-text fusion-text-10\"><blockquote>\n<p>\"Plany ochrony powietrza i wody, dzikiej przyrody i natury to tak\u017ce plany ochrony ludzi\". - Stewart Udall<\/p>\n<\/blockquote>\n<\/div><div class=\"fusion-text fusion-text-11\"><h2><span class=\"ez-toc-section\" id=\"Entdecke_Palermo_und_Sizilien_auf_spannende_Weise\"><\/span>Odkryj Palermo i Sycyli\u0119 w ekscytuj\u0105cy spos\u00f3b!<span class=\"ez-toc-section-end\"><\/span><\/h2>\n<p>Do\u015bwiadcz pulsuj\u0105cego <strong>\u017bycie nocne w Palermo<\/strong> i zainspiruj si\u0119 r\u00f3\u017cnorodno\u015bci\u0105 i historiami miasta. ? <a href=\"https:\/\/palazzovetrano.it\/pl\/palermo-noca\/\" rel=\"noopener\">Palermo noc\u0105<\/a>.<br \/>T\u0119sknisz za s\u0142o\u0144cem i chcesz uciec od ponurej pogody? <strong>Zimuj\u0105 na po\u0142udniu<\/strong> i cieszy\u0107 si\u0119 ciep\u0142ymi temperaturami Sycylii. \u2600\ufe0f <a href=\"https:\/\/palazzovetrano.it\/pl\/data-trpgettextoriginalueberwintern-im-sueden-sonne-satt-statt-grau\/\" rel=\"noopener\">Dowiedz si\u0119 wi\u0119cej<\/a>.<\/p>\n<p>Nasz <strong>Palazzo Vetrano<\/strong> jest dumne z tego, \u017ce jest przyjazne dla os\u00f3b LGBTQIA+ - miejsce, kt\u00f3re celebruje r\u00f3\u017cnorodno\u015b\u0107 i integracj\u0119. ?\ufe0f\u200d? <a href=\"https:\/\/palazzovetrano.it\/pl\/data-trpgettextoriginallgbtqia-welcome-human\/\" rel=\"noopener\">Dowiedz si\u0119 wi\u0119cej tutaj<\/a>.<br \/>Zrobi\u0107 <strong>Wycieczka 360<\/strong> przez Palazzo Vetrano i odkryj urocz\u0105 atmosfer\u0119 naszego zakwaterowania. ? <a href=\"https:\/\/wolowo.de\/7603303\" rel=\"noopener\" target=\"_blank\">Poznaj teraz<\/a>.<br \/>U\u017cyj <strong>cyfrowa mapa miasta<\/strong> Palermo, aby zobaczy\u0107 wszystkie zabytki na pierwszy rzut oka. ?\ufe0f <a href=\"https:\/\/www.google.com\/maps\/d\/viewer?mid=1gqUtEjQZ1As15WmGma1B5SPht9OYs1c&amp;ll=38.11275899228089%2C13.361124234401087&amp;z=18\" rel=\"noopener\" target=\"_blank\">Zobacz map\u0119 miasta<\/a>.<\/p>\n<p>Zapoznaj si\u0119 z nasz\u0105 ofert\u0105 <strong>blog podr\u00f3\u017cniczy planBwagen<\/strong> aby uzyska\u0107 przydatne wskaz\u00f3wki dotycz\u0105ce podr\u00f3\u017cy na Sycyli\u0119. ? <a href=\"https:\/\/www.planbwagen.de\/sizilien\/\" rel=\"noopener\" target=\"_blank\">Do bloga<\/a><br \/>Zanurz si\u0119 z nami <strong>Lista odtwarzania YouTube<\/strong> wizualnie w pi\u0119kno Sycylii. ? <a href=\"https:\/\/www.youtube.com\/playlist?list=PLniDamWTf1-WUaFF85DujHIAN38M9zJON\" rel=\"noopener\" target=\"_blank\">Do listy odtwarzania<\/a><\/p>\n<\/div><\/div><\/div><\/div><\/div><\/p>","protected":false},"excerpt":{"rendered":"","protected":false},"author":1,"featured_media":1653,"comment_status":"open","ping_status":"open","sticky":false,"template":"","format":"standard","meta":{"inline_featured_image":false,"footnotes":""},"categories":[17],"tags":[],"class_list":["post-1","post","type-post","status-publish","format-standard","has-post-thumbnail","hentry","category-nachhaltigkeit"],"_links":{"self":[{"href":"https:\/\/palazzovetrano.it\/pl\/wp-json\/wp\/v2\/posts\/1","targetHints":{"allow":["GET"]}}],"collection":[{"href":"https:\/\/palazzovetrano.it\/pl\/wp-json\/wp\/v2\/posts"}],"about":[{"href":"https:\/\/palazzovetrano.it\/pl\/wp-json\/wp\/v2\/types\/post"}],"author":[{"embeddable":true,"href":"https:\/\/palazzovetrano.it\/pl\/wp-json\/wp\/v2\/users\/1"}],"replies":[{"embeddable":true,"href":"https:\/\/palazzovetrano.it\/pl\/wp-json\/wp\/v2\/comments?post=1"}],"version-history":[{"count":52,"href":"https:\/\/palazzovetrano.it\/pl\/wp-json\/wp\/v2\/posts\/1\/revisions"}],"predecessor-version":[{"id":1903,"href":"https:\/\/palazzovetrano.it\/pl\/wp-json\/wp\/v2\/posts\/1\/revisions\/1903"}],"wp:featuredmedia":[{"embeddable":true,"href":"https:\/\/palazzovetrano.it\/pl\/wp-json\/wp\/v2\/media\/1653"}],"wp:attachment":[{"href":"https:\/\/palazzovetrano.it\/pl\/wp-json\/wp\/v2\/media?parent=1"}],"wp:term":[{"taxonomy":"category","embeddable":true,"href":"https:\/\/palazzovetrano.it\/pl\/wp-json\/wp\/v2\/categories?post=1"},{"taxonomy":"post_tag","embeddable":true,"href":"https:\/\/palazzovetrano.it\/pl\/wp-json\/wp\/v2\/tags?post=1"}],"curies":[{"name":"wp","href":"https:\/\/api.w.org\/{rel}","templated":true}]}}