{"id":1,"date":"2023-06-19T13:43:33","date_gmt":"2023-06-19T13:43:33","guid":{"rendered":"https:\/\/palazzovetrano.it\/?p=1"},"modified":"2024-10-18T20:21:23","modified_gmt":"2024-10-18T20:21:23","slug":"nachhaltig-reisen-nachhaltige-ferienwohnung-in-palermo-altstadt","status":"publish","type":"post","link":"https:\/\/palazzovetrano.it\/nl\/binnenkort\/","title":{"rendered":"Duurzaam reizen - Duurzame vakantiewoning in de oude stad van Palermo"},"content":{"rendered":"<p><div class=\"fusion-fullwidth fullwidth-box fusion-builder-row-1 fusion-flex-container nonhundred-percent-fullwidth non-hundred-percent-height-scrolling\" style=\"--awb-border-radius-top-left:0px;--awb-border-radius-top-right:0px;--awb-border-radius-bottom-right:0px;--awb-border-radius-bottom-left:0px;--awb-flex-wrap:wrap;\" ><div class=\"fusion-builder-row fusion-row fusion-flex-align-items-flex-start fusion-flex-content-wrap\" style=\"max-width:1248px;margin-left: calc(-4% \/ 2 );margin-right: calc(-4% \/ 2 );\"><div class=\"fusion-layout-column fusion_builder_column fusion-builder-column-0 fusion_builder_column_1_1 1_1 fusion-flex-column\" style=\"--awb-bg-blend:overlay;--awb-bg-size:cover;--awb-width-large:100%;--awb-margin-top-large:0px;--awb-spacing-right-large:1.92%;--awb-margin-bottom-large:0px;--awb-spacing-left-large:1.92%;--awb-width-medium:100%;--awb-spacing-right-medium:1.92%;--awb-spacing-left-medium:1.92%;--awb-width-small:100%;--awb-spacing-right-small:1.92%;--awb-spacing-left-small:1.92%;\"><div class=\"fusion-column-wrapper fusion-flex-justify-content-flex-start fusion-content-layout-column\"><div class=\"fusion-text fusion-text-1\"><\/p>\n<div class=\"et_pb_row et_pb_row_0\">\n<div class=\"et_pb_column et_pb_column_4_4 et_pb_column_0  et_pb_css_mix_blend_mode_passthrough et-last-child\">\n<div class=\"et_pb_module et_pb_text et_pb_text_0  et_pb_text_align_left et_pb_bg_layout_light\">\n<div class=\"et_pb_text_inner\">\n<p>Wil jij ook je ecologische voetafdruk zo klein mogelijk houden als je reist? Hoe kunnen we je ondersteunen?<\/p>\n<p>We zien dit als ons gezamenlijke initiatief om de impact op het milieu te verminderen, natuurlijke hulpbronnen te beschermen en maatschappelijk verantwoord gedrag te bevorderen zonder prekerig te zijn. We wijzen bewust niet met de vinger.<\/p>\n<p>Het is echter niet eenvoudig om ecologische, economische en sociale overwegingen te integreren in een vakantiehuis. Sicili\u00eb, en Palermo in het bijzonder, zijn geen pioniers in duurzaam denken en handelen.<\/p>\n<p>Het vermijden van plastic en het scheiden van afval lijken hier vreemde woorden. Toch zijn er positieve ontwikkelingen, zoals de eerste bushaltes die zijn uitgerust met oplaadstations. Itali\u00eb, en Sicili\u00eb in het bijzonder, wordt ook beschouwd als een pionier in de opslagmarkt naast Duitsland als het gaat om hernieuwbare energie.<\/p>\n<p>Er is veel te doen en we laten ons er niet van weerhouden om onze bescheiden bijdrage te leveren. Het woord \"bescheiden\" is bewust gekozen, omdat we onszelf nog aan het begin zien staan. We zijn vastbesloten om dit binnen onze mogelijkheden te doen, trouw aan het motto:<\/p>\n<\/div>\n<\/div>\n<\/div>\n<\/div>\n<div class=\"et_pb_row et_pb_row_1\">\n<div class=\"et_pb_column et_pb_column_4_4 et_pb_column_1  et_pb_css_mix_blend_mode_passthrough et-last-child\">\n<div class=\"et_pb_module et_pb_text et_pb_text_1  et_pb_text_align_left et_pb_bg_layout_light\">\n<div class=\"et_pb_text_inner\">\n<blockquote>\n<p><strong><em>\"Wat we vandaag doen, bepaalt hoe de wereld er morgen uitziet.\"<br \/><\/em><\/strong><strong><em>- Marie barones Ebner von Eschenbach<\/em><\/strong><\/p>\n<\/blockquote>\n<\/div>\n<\/div>\n<\/div>\n<\/div>\n<div class=\"et_pb_row et_pb_row_2\">\n<div class=\"et_pb_column et_pb_column_1_2 et_pb_column_2  et_pb_css_mix_blend_mode_passthrough\">\n<div class=\"et_pb_module et_pb_image et_pb_image_0\">\u00a0<\/div>\n<\/div>\n<\/div>\n<div class=\"et_pb_row et_pb_row_11\">\n<div class=\"et_pb_column et_pb_column_1_2 et_pb_column_16  et_pb_css_mix_blend_mode_passthrough et-last-child\">\u00a0<\/div>\n<\/div>\n<\/div><\/div><\/div><\/div><\/div><div class=\"fusion-fullwidth fullwidth-box fusion-builder-row-2 fusion-flex-container has-pattern-background has-mask-background nonhundred-percent-fullwidth non-hundred-percent-height-scrolling\" style=\"--awb-border-radius-top-left:0px;--awb-border-radius-top-right:0px;--awb-border-radius-bottom-right:0px;--awb-border-radius-bottom-left:0px;--awb-flex-wrap:wrap;\" ><div class=\"fusion-builder-row fusion-row fusion-flex-align-items-flex-start fusion-flex-content-wrap\" style=\"max-width:1248px;margin-left: calc(-4% \/ 2 );margin-right: calc(-4% \/ 2 );\"><div class=\"fusion-layout-column fusion_builder_column fusion-builder-column-1 fusion_builder_column_1_2 1_2 fusion-flex-column\" style=\"--awb-bg-size:cover;--awb-width-large:50%;--awb-margin-top-large:0px;--awb-spacing-right-large:3.84%;--awb-margin-bottom-large:20px;--awb-spacing-left-large:3.84%;--awb-width-medium:50%;--awb-order-medium:0;--awb-spacing-right-medium:3.84%;--awb-spacing-left-medium:3.84%;--awb-width-small:100%;--awb-order-small:0;--awb-spacing-right-small:1.92%;--awb-spacing-left-small:1.92%;\"><div class=\"fusion-column-wrapper fusion-column-has-shadow fusion-flex-justify-content-flex-start fusion-content-layout-column\"><div class=\"fusion-image-element\" style=\"--awb-caption-title-font-family:var(--h2_typography-font-family);--awb-caption-title-font-weight:var(--h2_typography-font-weight);--awb-caption-title-font-style:var(--h2_typography-font-style);--awb-caption-title-size:var(--h2_typography-font-size);--awb-caption-title-transform:var(--h2_typography-text-transform);--awb-caption-title-line-height:var(--h2_typography-line-height);--awb-caption-title-letter-spacing:var(--h2_typography-letter-spacing);\"><span class=\"fusion-imageframe imageframe-none imageframe-1 hover-type-none\" style=\"border-radius:12px;\"><img decoding=\"async\" width=\"1024\" height=\"682\" alt=\"Palazzo Vetrano: Duurzame vakantiewoning Palermo, hier het zonnesysteem, fotovolta\u00efsch met elektriciteitsopslag\" title=\"Palermo duurzaamheid, duurzaam reizen, duurzame vakantie appartement Palermo oude stad, Palermo sostenibilit\u00e0, viaggio sostenibile, vacanza sostenibile appartamento Palermo centro storico, eco BnB\" src=\"https:\/\/palazzovetrano.it\/wp-content\/uploads\/2024\/03\/00003Palermo-Nachhaltigkeit-Nachhaltig-Reisen-nachhaltige-Ferienwohnung-Palermo-Altstadt-Palermo-sostenibilita-viaggio-sostenibile-vacanza-sostenibile-appartamento-Palermo-centro-storico-eco-BnB.jpg\" data-orig-src=\"https:\/\/palazzovetrano.it\/wp-content\/uploads\/2024\/03\/00003Palermo-Nachhaltigkeit-Nachhaltig-Reisen-nachhaltige-Ferienwohnung-Palermo-Altstadt-Palermo-sostenibilita-viaggio-sostenibile-vacanza-sostenibile-appartamento-Palermo-centro-storico-eco-BnB.jpg\" class=\"lazyload img-responsive wp-image-1598\" srcset=\"data:image\/svg+xml,%3Csvg%20xmlns%3D%27http%3A%2F%2Fwww.w3.org%2F2000%2Fsvg%27%20width%3D%271024%27%20height%3D%27682%27%20viewBox%3D%270%200%201024%20682%27%3E%3Crect%20width%3D%271024%27%20height%3D%27682%27%20fill-opacity%3D%220%22%2F%3E%3C%2Fsvg%3E\" data-srcset=\"https:\/\/palazzovetrano.it\/wp-content\/uploads\/2024\/03\/00003Palermo-Nachhaltigkeit-Nachhaltig-Reisen-nachhaltige-Ferienwohnung-Palermo-Altstadt-Palermo-sostenibilita-viaggio-sostenibile-vacanza-sostenibile-appartamento-Palermo-centro-storico-eco-BnB-200x133.jpg 200w, https:\/\/palazzovetrano.it\/wp-content\/uploads\/2024\/03\/00003Palermo-Nachhaltigkeit-Nachhaltig-Reisen-nachhaltige-Ferienwohnung-Palermo-Altstadt-Palermo-sostenibilita-viaggio-sostenibile-vacanza-sostenibile-appartamento-Palermo-centro-storico-eco-BnB-400x266.jpg 400w, https:\/\/palazzovetrano.it\/wp-content\/uploads\/2024\/03\/00003Palermo-Nachhaltigkeit-Nachhaltig-Reisen-nachhaltige-Ferienwohnung-Palermo-Altstadt-Palermo-sostenibilita-viaggio-sostenibile-vacanza-sostenibile-appartamento-Palermo-centro-storico-eco-BnB-600x400.jpg 600w, https:\/\/palazzovetrano.it\/wp-content\/uploads\/2024\/03\/00003Palermo-Nachhaltigkeit-Nachhaltig-Reisen-nachhaltige-Ferienwohnung-Palermo-Altstadt-Palermo-sostenibilita-viaggio-sostenibile-vacanza-sostenibile-appartamento-Palermo-centro-storico-eco-BnB-800x533.jpg 800w, https:\/\/palazzovetrano.it\/wp-content\/uploads\/2024\/03\/00003Palermo-Nachhaltigkeit-Nachhaltig-Reisen-nachhaltige-Ferienwohnung-Palermo-Altstadt-Palermo-sostenibilita-viaggio-sostenibile-vacanza-sostenibile-appartamento-Palermo-centro-storico-eco-BnB.jpg 1024w\" data-sizes=\"auto\" data-orig-sizes=\"(max-width: 800px) 100vw, 600px\" \/><\/span><\/div><\/div><\/div><div class=\"fusion-layout-column fusion_builder_column fusion-builder-column-2 fusion_builder_column_1_2 1_2 fusion-flex-column\" style=\"--awb-bg-size:cover;--awb-width-large:50%;--awb-margin-top-large:0px;--awb-spacing-right-large:3.84%;--awb-margin-bottom-large:20px;--awb-spacing-left-large:3.84%;--awb-width-medium:50%;--awb-order-medium:0;--awb-spacing-right-medium:3.84%;--awb-spacing-left-medium:3.84%;--awb-width-small:100%;--awb-order-small:0;--awb-spacing-right-small:1.92%;--awb-spacing-left-small:1.92%;\"><div class=\"fusion-column-wrapper fusion-column-has-shadow fusion-flex-justify-content-flex-start fusion-content-layout-column\"><div class=\"fusion-image-element\" style=\"--awb-caption-title-font-family:var(--h2_typography-font-family);--awb-caption-title-font-weight:var(--h2_typography-font-weight);--awb-caption-title-font-style:var(--h2_typography-font-style);--awb-caption-title-size:var(--h2_typography-font-size);--awb-caption-title-transform:var(--h2_typography-text-transform);--awb-caption-title-line-height:var(--h2_typography-line-height);--awb-caption-title-letter-spacing:var(--h2_typography-letter-spacing);\"><span class=\"fusion-imageframe imageframe-none imageframe-2 hover-type-none\" style=\"border-radius:12px;\"><img decoding=\"async\" width=\"1024\" height=\"683\" alt=\"Duurzaam reizen, duurzame vakantiewoning in Palermo oude stad, Palazzo Vetrano, zonnesysteem\" title=\"Palermo duurzaamheid, duurzaam reizen, duurzame vakantie appartement Palermo oude stad, Palermo sostenibilit\u00e0, viaggio sostenibile, vacanza sostenibile appartamento Palermo centro storico, eco BnB\" src=\"https:\/\/palazzovetrano.it\/wp-content\/uploads\/2024\/03\/00006Palermo-Nachhaltigkeit-Nachhaltig-Reisen-nachhaltige-Ferienwohnung-Palermo-Altstadt-Palermo-sostenibilita-viaggio-sostenibile-vacanza-sostenibile-appartamento-Palermo-centro-storico-eco-BnB.jpg\" data-orig-src=\"https:\/\/palazzovetrano.it\/wp-content\/uploads\/2024\/03\/00006Palermo-Nachhaltigkeit-Nachhaltig-Reisen-nachhaltige-Ferienwohnung-Palermo-Altstadt-Palermo-sostenibilita-viaggio-sostenibile-vacanza-sostenibile-appartamento-Palermo-centro-storico-eco-BnB.jpg\" class=\"lazyload img-responsive wp-image-1601\" srcset=\"data:image\/svg+xml,%3Csvg%20xmlns%3D%27http%3A%2F%2Fwww.w3.org%2F2000%2Fsvg%27%20width%3D%271024%27%20height%3D%27683%27%20viewBox%3D%270%200%201024%20683%27%3E%3Crect%20width%3D%271024%27%20height%3D%27683%27%20fill-opacity%3D%220%22%2F%3E%3C%2Fsvg%3E\" data-srcset=\"https:\/\/palazzovetrano.it\/wp-content\/uploads\/2024\/03\/00006Palermo-Nachhaltigkeit-Nachhaltig-Reisen-nachhaltige-Ferienwohnung-Palermo-Altstadt-Palermo-sostenibilita-viaggio-sostenibile-vacanza-sostenibile-appartamento-Palermo-centro-storico-eco-BnB-200x133.jpg 200w, https:\/\/palazzovetrano.it\/wp-content\/uploads\/2024\/03\/00006Palermo-Nachhaltigkeit-Nachhaltig-Reisen-nachhaltige-Ferienwohnung-Palermo-Altstadt-Palermo-sostenibilita-viaggio-sostenibile-vacanza-sostenibile-appartamento-Palermo-centro-storico-eco-BnB-400x267.jpg 400w, https:\/\/palazzovetrano.it\/wp-content\/uploads\/2024\/03\/00006Palermo-Nachhaltigkeit-Nachhaltig-Reisen-nachhaltige-Ferienwohnung-Palermo-Altstadt-Palermo-sostenibilita-viaggio-sostenibile-vacanza-sostenibile-appartamento-Palermo-centro-storico-eco-BnB-600x400.jpg 600w, https:\/\/palazzovetrano.it\/wp-content\/uploads\/2024\/03\/00006Palermo-Nachhaltigkeit-Nachhaltig-Reisen-nachhaltige-Ferienwohnung-Palermo-Altstadt-Palermo-sostenibilita-viaggio-sostenibile-vacanza-sostenibile-appartamento-Palermo-centro-storico-eco-BnB-800x534.jpg 800w, https:\/\/palazzovetrano.it\/wp-content\/uploads\/2024\/03\/00006Palermo-Nachhaltigkeit-Nachhaltig-Reisen-nachhaltige-Ferienwohnung-Palermo-Altstadt-Palermo-sostenibilita-viaggio-sostenibile-vacanza-sostenibile-appartamento-Palermo-centro-storico-eco-BnB.jpg 1024w\" data-sizes=\"auto\" data-orig-sizes=\"(max-width: 800px) 100vw, 600px\" \/><\/span><\/div><\/div><\/div><\/div><\/div><div class=\"fusion-fullwidth fullwidth-box fusion-builder-row-3 fusion-flex-container nonhundred-percent-fullwidth non-hundred-percent-height-scrolling\" style=\"--awb-border-radius-top-left:0px;--awb-border-radius-top-right:0px;--awb-border-radius-bottom-right:0px;--awb-border-radius-bottom-left:0px;--awb-flex-wrap:wrap;\" ><div class=\"fusion-builder-row fusion-row fusion-flex-align-items-flex-start fusion-flex-content-wrap\" style=\"max-width:1248px;margin-left: calc(-4% \/ 2 );margin-right: calc(-4% \/ 2 );\"><div class=\"fusion-layout-column fusion_builder_column fusion-builder-column-3 fusion_builder_column_1_1 1_1 fusion-flex-column\" style=\"--awb-bg-blend:overlay;--awb-bg-size:cover;--awb-width-large:100%;--awb-margin-top-large:0px;--awb-spacing-right-large:1.92%;--awb-margin-bottom-large:0px;--awb-spacing-left-large:1.92%;--awb-width-medium:100%;--awb-spacing-right-medium:1.92%;--awb-spacing-left-medium:1.92%;--awb-width-small:100%;--awb-spacing-right-small:1.92%;--awb-spacing-left-small:1.92%;\"><div class=\"fusion-column-wrapper fusion-flex-justify-content-flex-start fusion-content-layout-column\"><div class=\"fusion-text fusion-text-2\"><\/p>\n<div class=\"et_pb_row et_pb_row_0\">\n<div class=\"et_pb_column et_pb_column_4_4 et_pb_column_0  et_pb_css_mix_blend_mode_passthrough et-last-child\">\n<div class=\"et_pb_module et_pb_text et_pb_text_0  et_pb_text_align_left et_pb_bg_layout_light\">\n<div class=\"et_pb_text_inner\">\u00a0<\/div>\n<\/div>\n<\/div>\n<\/div>\n<div class=\"et_pb_row et_pb_row_3\">\n<div class=\"et_pb_column et_pb_column_4_4 et_pb_column_4  et_pb_css_mix_blend_mode_passthrough et-last-child\">\n<div class=\"et_pb_module et_pb_text et_pb_text_2  et_pb_text_align_left et_pb_bg_layout_light\">\n<div class=\"et_pb_text_inner\">\n<p>Wat is onze ecologische voetafdruk? Hoe zit het met onze ecologische voetafdruk?<\/p>\n<div id=\"ez-toc-container\" class=\"ez-toc-v2_0_11 counter-hierarchy counter-decimal ez-toc-grey\">\n<div class=\"ez-toc-title-container\">\n<p class=\"ez-toc-title\">Inhoud<\/p>\n<\/div>\n<nav>\n<ul class=\"ez-toc-list ez-toc-list-level-1\">\n<li class=\"ez-toc-page-1 ez-toc-heading-level-2\"><a class=\"ez-toc-link ez-toc-heading-1\" title=\"Hier volgt een overzicht van onze maatregelen tot nu toe:\" href=\"https:\/\/www.planbwagen.de\/ccc-camper-cleanup-campaign\/palazzo-vetrano-unser-nachhaltigkeitskonzept-nachhaltig-reisen\/#Hier_ein_Katalog_unserer_bisherigen_Massnahmen\" data-et-has-event-already=\"true\" target=\"_blank\" rel=\"noopener\">Hier volgt een overzicht van onze maatregelen tot nu toe:<\/a>\n<ul class=\"ez-toc-list-level-3\">\n<li class=\"ez-toc-heading-level-3\"><a class=\"ez-toc-link ez-toc-heading-2\" title=\"Opwekking en opslag van zonne-energie\" href=\"https:\/\/www.planbwagen.de\/ccc-camper-cleanup-campaign\/palazzo-vetrano-unser-nachhaltigkeitskonzept-nachhaltig-reisen\/#Solare_Stromerzeugung_und_speicherung\" data-et-has-event-already=\"true\" target=\"_blank\" rel=\"noopener\">Opwekking en opslag van zonne-energie<\/a><\/li>\n<li class=\"ez-toc-page-1 ez-toc-heading-level-3\"><a class=\"ez-toc-link ez-toc-heading-3\" title=\"Verwarmen - Drogen - Koelen\" href=\"https:\/\/www.planbwagen.de\/ccc-camper-cleanup-campaign\/palazzo-vetrano-unser-nachhaltigkeitskonzept-nachhaltig-reisen\/#Heizen_%E2%80%93_Trocknen_%E2%80%93_Kuehlen\" data-et-has-event-already=\"true\" target=\"_blank\" rel=\"noopener\">Verwarmen - Drogen - Koelen<\/a><\/li>\n<li class=\"ez-toc-page-1 ez-toc-heading-level-3\"><a class=\"ez-toc-link ez-toc-heading-4\" title=\"Elektriciteit &amp; licht\" href=\"https:\/\/www.planbwagen.de\/ccc-camper-cleanup-campaign\/palazzo-vetrano-unser-nachhaltigkeitskonzept-nachhaltig-reisen\/#Strom_Licht\" data-et-has-event-already=\"true\" target=\"_blank\" rel=\"noopener\">Stroom &amp; Licht<\/a><\/li>\n<li class=\"ez-toc-page-1 ez-toc-heading-level-3\"><a class=\"ez-toc-link ez-toc-heading-5\" title=\"Drinkwater\" href=\"https:\/\/www.planbwagen.de\/ccc-camper-cleanup-campaign\/palazzo-vetrano-unser-nachhaltigkeitskonzept-nachhaltig-reisen\/#Trinkwasser\" data-et-has-event-already=\"true\" target=\"_blank\" rel=\"noopener\">Drinkwater<\/a><\/li>\n<li class=\"ez-toc-page-1 ez-toc-heading-level-3\"><a class=\"ez-toc-link ez-toc-heading-6\" title=\"Kunststof\" href=\"https:\/\/www.planbwagen.de\/ccc-camper-cleanup-campaign\/palazzo-vetrano-unser-nachhaltigkeitskonzept-nachhaltig-reisen\/#Plastik\" data-et-has-event-already=\"true\" target=\"_blank\" rel=\"noopener\">Kunststof<\/a><\/li>\n<li class=\"ez-toc-page-1 ez-toc-heading-level-3\"><a class=\"ez-toc-link ez-toc-heading-7\" title=\"Inrichting\" href=\"https:\/\/www.planbwagen.de\/ccc-camper-cleanup-campaign\/palazzo-vetrano-unser-nachhaltigkeitskonzept-nachhaltig-reisen\/#Einrichtung\" data-et-has-event-already=\"true\" target=\"_blank\" rel=\"noopener\">Inrichting<\/a><\/li>\n<li class=\"ez-toc-page-1 ez-toc-heading-level-3\"><a class=\"ez-toc-link ez-toc-heading-8\" title=\"Reis\" href=\"https:\/\/www.planbwagen.de\/ccc-camper-cleanup-campaign\/palazzo-vetrano-unser-nachhaltigkeitskonzept-nachhaltig-reisen\/#Anreise\" data-et-has-event-already=\"true\" target=\"_blank\" rel=\"noopener\">Reis<\/a><\/li>\n<li class=\"ez-toc-page-1 ez-toc-heading-level-3\"><a class=\"ez-toc-link ez-toc-heading-9\" title=\"Persoonlijke verantwoordelijkheid\" href=\"https:\/\/www.planbwagen.de\/ccc-camper-cleanup-campaign\/palazzo-vetrano-unser-nachhaltigkeitskonzept-nachhaltig-reisen\/#Eigenverantwortung\" data-et-has-event-already=\"true\" target=\"_blank\" rel=\"noopener\">Persoonlijke verantwoordelijkheid<\/a><\/li>\n<li class=\"ez-toc-page-1 ez-toc-heading-level-3\"><a class=\"ez-toc-link ez-toc-heading-10\" title=\"Voeding en sociale zaken\" href=\"https:\/\/www.planbwagen.de\/ccc-camper-cleanup-campaign\/palazzo-vetrano-unser-nachhaltigkeitskonzept-nachhaltig-reisen\/#Essen_Soziales\" data-et-has-event-already=\"true\" target=\"_blank\" rel=\"noopener\">Voeding en sociale zaken<\/a><\/li>\n<li class=\"ez-toc-page-1 ez-toc-heading-level-3\"><a class=\"ez-toc-link ez-toc-heading-11\" title=\"CleanUp\" href=\"https:\/\/www.planbwagen.de\/ccc-camper-cleanup-campaign\/palazzo-vetrano-unser-nachhaltigkeitskonzept-nachhaltig-reisen\/#CleanUp\" data-et-has-event-already=\"true\" target=\"_blank\" rel=\"noopener\">CleanUp<\/a><\/li>\n<li class=\"ez-toc-page-1 ez-toc-heading-level-3\"><a class=\"ez-toc-link ez-toc-heading-12\" title=\"Conclusie\" href=\"https:\/\/www.planbwagen.de\/ccc-camper-cleanup-campaign\/palazzo-vetrano-unser-nachhaltigkeitskonzept-nachhaltig-reisen\/#Fazit\" data-et-has-event-already=\"true\" target=\"_blank\" rel=\"noopener\">Conclusie<\/a><\/li>\n<\/ul>\n<\/li>\n<\/ul>\n<\/nav>\n<\/div>\n<h2 class=\"fusion-responsive-typography-calculated\" style=\"--fontsize: 33; line-height: 1.3;\" data-fontsize=\"33\" data-lineheight=\"42.9px\"><span class=\"ez-toc-section\" id=\"Massnahmenkatalog\"><\/span><span id=\"Hier_ein_Katalog_unserer_bisherigen_Massnahmen\" class=\"ez-toc-section\"><\/span>Catalogus van maatregelen:<span class=\"ez-toc-section-end\"><\/span><\/h2>\n<p>Hier zijn enkele van de maatregelen die we al hebben ge\u00efmplementeerd:<\/p>\n<p><span style=\"color: var(--h3_typography-color); font-family: var(--h3_typography-font-family); font-size: var(--h3_typography-font-size); font-style: var(--h3_typography-font-style,normal); font-weight: var(--h3_typography-font-weight); letter-spacing: var(--h3_typography-letter-spacing); text-transform: var(--h3_typography-text-transform); text-align: var(--awb-content-alignment); background-color: var(--awb-bg-color-hover);\">Opwekking en opslag van zonne-energie<\/span><\/p>\n<p><span style=\"color: var(--awb-text-color); font-family: var(--awb-text-font-family); font-size: var(--awb-font-size); font-style: var(--awb-text-font-style); font-weight: var(--awb-text-font-weight); letter-spacing: var(--awb-letter-spacing); text-align: var(--awb-content-alignment); text-transform: var(--awb-text-transform); background-color: var(--awb-bg-color-hover);\">De zonne-energie van Sicili\u00eb speelt een belangrijke rol in ons duurzaamheidsconcept. Met gemiddeld 7,4 uur zon per dag gebruiken we deze bron niet alleen voor ons welzijn en onze vitamine D-balans, maar vooral ook voor ons milieu. Met onze systemen voor het opwekken en opslaan van zonne-energie kunnen we schone energie opwekken en deze effici\u00ebnt gebruiken.<\/span><\/p>\n<\/div>\n<\/div>\n<\/div>\n<\/div>\n<\/div><\/div><\/div><\/div><\/div><div class=\"fusion-fullwidth fullwidth-box fusion-builder-row-4 fusion-flex-container nonhundred-percent-fullwidth non-hundred-percent-height-scrolling\" style=\"--awb-border-radius-top-left:0px;--awb-border-radius-top-right:0px;--awb-border-radius-bottom-right:0px;--awb-border-radius-bottom-left:0px;--awb-flex-wrap:wrap;\" ><div class=\"fusion-builder-row fusion-row fusion-flex-align-items-flex-start fusion-flex-content-wrap\" style=\"max-width:1248px;margin-left: calc(-4% \/ 2 );margin-right: calc(-4% \/ 2 );\"><div class=\"fusion-layout-column fusion_builder_column fusion-builder-column-4 fusion_builder_column_1_1 1_1 fusion-flex-column\" style=\"--awb-bg-blend:overlay;--awb-bg-size:cover;--awb-width-large:100%;--awb-margin-top-large:0px;--awb-spacing-right-large:1.92%;--awb-margin-bottom-large:0px;--awb-spacing-left-large:1.92%;--awb-width-medium:100%;--awb-spacing-right-medium:1.92%;--awb-spacing-left-medium:1.92%;--awb-width-small:100%;--awb-spacing-right-small:1.92%;--awb-spacing-left-small:1.92%;\"><div class=\"fusion-column-wrapper fusion-flex-justify-content-flex-start fusion-content-layout-column\"><div class=\"fusion-text fusion-text-3\"><\/p>\n<div class=\"et_pb_row et_pb_row_0\">\n<div class=\"et_pb_column et_pb_column_4_4 et_pb_column_0  et_pb_css_mix_blend_mode_passthrough et-last-child\">\n<div class=\"et_pb_module et_pb_text et_pb_text_0  et_pb_text_align_left et_pb_bg_layout_light\">\n<div class=\"et_pb_text_inner\">\n<p><span style=\"background-color: var(--awb-bg-color-hover); color: var(--h3_typography-color); font-family: var(--h3_typography-font-family); font-size: var(--h3_typography-font-size); font-style: var(--h3_typography-font-style,normal); font-weight: var(--h3_typography-font-weight); letter-spacing: var(--h3_typography-letter-spacing); text-align: var(--awb-content-alignment); text-transform: var(--h3_typography-text-transform);\">Verwarmen - Drogen - Koelen<\/span><\/p>\n<\/div>\n<\/div>\n<\/div>\n<\/div>\n<div class=\"et_pb_row et_pb_row_3\">\n<div class=\"et_pb_column et_pb_column_4_4 et_pb_column_4  et_pb_css_mix_blend_mode_passthrough et-last-child\">\n<div class=\"et_pb_module et_pb_text et_pb_text_2  et_pb_text_align_left et_pb_bg_layout_light\">\n<div class=\"et_pb_text_inner\">\n<p>Duurzame energie speelt een cruciale rol in onze aanpak. De warmtepomp in ons energiezuinige split airconditioningsysteem maakt niet alleen gebruik van de natuurlijke omgevingswarmte uit de lucht, maar fungeert ook als de belangrijkste warmtebron. In combinatie met een fotovolta\u00efsch systeem van 8 kWp en een elektriciteitsopslag van 16,2 kWh is de vakantiewoning CO2-vrij. Overtollige energie wordt aan het elektriciteitsnet geleverd.<\/p>\n<p>De vakantiewoning heeft ook een Bosch condensatieketel van de nieuwste generatie, die alleen dient als secundaire warmtebron en als terugvalsysteem. Dit zorgt ervoor dat de accommodatie op een milieuvriendelijke en effici\u00ebnte manier wordt verwarmd.<\/p>\n<blockquote>\n<p>\"Wees de verandering die je in deze wereld wilt zien.\" - Mahatma Gandhi<\/p>\n<\/blockquote>\n<h3 class=\"fusion-responsive-typography-calculated\" style=\"--fontsize: 28; line-height: 1.3;\" data-fontsize=\"28\" data-lineheight=\"36.4px\"><span class=\"ez-toc-section\" id=\"Strom_Licht\"><\/span><span id=\"Strom_Licht\" class=\"ez-toc-section\"><\/span>Stroom &amp; Licht<span class=\"ez-toc-section-end\"><\/span><\/h3>\n<p>Bij het selecteren van de verlichting hebben we speciale nadruk gelegd op kleurweergave, dimfuncties en energiezuinigheid. LED-lampen garanderen een langdurig en duurzaam gebruik.<\/p>\n<p>Naast het verlichtingsontwerp stond ook het vermijden van onnodig elektriciteitsverbruik centraal. Alle huishoudelijke apparaten zijn zorgvuldig geselecteerd op basis van energie-effici\u00ebntiecriteria. Bovendien zorgt een centrale schakelaar ervoor dat alle stroombronnen (met uitzondering van de koelkast) kunnen worden uitgeschakeld wanneer de flat wordt verlaten. Gewoon eco. - Logisch, toch?<\/p>\n<\/div>\n<\/div>\n<\/div>\n<\/div>\n<div class=\"et_pb_row et_pb_row_11\">\n<div class=\"et_pb_column et_pb_column_1_2 et_pb_column_16  et_pb_css_mix_blend_mode_passthrough et-last-child\">\u00a0<\/div>\n<\/div>\n<\/div><\/div><\/div><\/div><\/div><div class=\"fusion-fullwidth fullwidth-box fusion-builder-row-5 fusion-flex-container has-pattern-background has-mask-background nonhundred-percent-fullwidth non-hundred-percent-height-scrolling\" style=\"--awb-border-radius-top-left:0px;--awb-border-radius-top-right:0px;--awb-border-radius-bottom-right:0px;--awb-border-radius-bottom-left:0px;--awb-flex-wrap:wrap;\" ><div class=\"fusion-builder-row fusion-row fusion-flex-align-items-flex-start fusion-flex-content-wrap\" style=\"max-width:1248px;margin-left: calc(-4% \/ 2 );margin-right: calc(-4% \/ 2 );\"><div class=\"fusion-layout-column fusion_builder_column fusion-builder-column-5 fusion_builder_column_1_2 1_2 fusion-flex-column\" style=\"--awb-bg-size:cover;--awb-width-large:50%;--awb-margin-top-large:0px;--awb-spacing-right-large:3.84%;--awb-margin-bottom-large:20px;--awb-spacing-left-large:3.84%;--awb-width-medium:50%;--awb-order-medium:0;--awb-spacing-right-medium:3.84%;--awb-spacing-left-medium:3.84%;--awb-width-small:100%;--awb-order-small:0;--awb-spacing-right-small:1.92%;--awb-spacing-left-small:1.92%;\"><div class=\"fusion-column-wrapper fusion-column-has-shadow fusion-flex-justify-content-flex-start fusion-content-layout-column\"><div class=\"fusion-image-element\" style=\"--awb-caption-title-font-family:var(--h2_typography-font-family);--awb-caption-title-font-weight:var(--h2_typography-font-weight);--awb-caption-title-font-style:var(--h2_typography-font-style);--awb-caption-title-size:var(--h2_typography-font-size);--awb-caption-title-transform:var(--h2_typography-text-transform);--awb-caption-title-line-height:var(--h2_typography-line-height);--awb-caption-title-letter-spacing:var(--h2_typography-letter-spacing);\"><span class=\"fusion-imageframe imageframe-none imageframe-3 hover-type-none\" style=\"border-radius:12px;\"><img decoding=\"async\" width=\"1024\" height=\"576\" alt=\"Duurzaam reizen: Stroomschakelaar, helpt onnodig stroomverbruik in de vakantiewoning te voorkomen.\" src=\"https:\/\/palazzovetrano.it\/wp-content\/uploads\/2023\/10\/IMG_6854-scaled.jpg\" data-orig-src=\"https:\/\/palazzovetrano.it\/wp-content\/uploads\/2023\/10\/IMG_6854-1024x576.jpg\" class=\"lazyload img-responsive wp-image-1211\" srcset=\"data:image\/svg+xml,%3Csvg%20xmlns%3D%27http%3A%2F%2Fwww.w3.org%2F2000%2Fsvg%27%20width%3D%272560%27%20height%3D%271440%27%20viewBox%3D%270%200%202560%201440%27%3E%3Crect%20width%3D%272560%27%20height%3D%271440%27%20fill-opacity%3D%220%22%2F%3E%3C%2Fsvg%3E\" data-srcset=\"https:\/\/palazzovetrano.it\/wp-content\/uploads\/2023\/10\/IMG_6854-200x113.jpg 200w, https:\/\/palazzovetrano.it\/wp-content\/uploads\/2023\/10\/IMG_6854-400x225.jpg 400w, https:\/\/palazzovetrano.it\/wp-content\/uploads\/2023\/10\/IMG_6854-600x338.jpg 600w, https:\/\/palazzovetrano.it\/wp-content\/uploads\/2023\/10\/IMG_6854-800x450.jpg 800w, https:\/\/palazzovetrano.it\/wp-content\/uploads\/2023\/10\/IMG_6854-1200x675.jpg 1200w\" data-sizes=\"auto\" data-orig-sizes=\"(max-width: 800px) 100vw, 600px\" \/><\/span><\/div><\/div><\/div><div class=\"fusion-layout-column fusion_builder_column fusion-builder-column-6 fusion_builder_column_1_2 1_2 fusion-flex-column\" style=\"--awb-bg-size:cover;--awb-width-large:50%;--awb-margin-top-large:0px;--awb-spacing-right-large:3.84%;--awb-margin-bottom-large:20px;--awb-spacing-left-large:3.84%;--awb-width-medium:50%;--awb-order-medium:0;--awb-spacing-right-medium:3.84%;--awb-spacing-left-medium:3.84%;--awb-width-small:100%;--awb-order-small:0;--awb-spacing-right-small:1.92%;--awb-spacing-left-small:1.92%;\"><div class=\"fusion-column-wrapper fusion-column-has-shadow fusion-flex-justify-content-flex-start fusion-content-layout-column\"><div class=\"fusion-image-element\" style=\"--awb-caption-title-font-family:var(--h2_typography-font-family);--awb-caption-title-font-weight:var(--h2_typography-font-weight);--awb-caption-title-font-style:var(--h2_typography-font-style);--awb-caption-title-size:var(--h2_typography-font-size);--awb-caption-title-transform:var(--h2_typography-text-transform);--awb-caption-title-line-height:var(--h2_typography-line-height);--awb-caption-title-letter-spacing:var(--h2_typography-letter-spacing);\"><span class=\"fusion-imageframe imageframe-none imageframe-4 hover-type-none\" style=\"border-radius:12px;\"><img decoding=\"async\" width=\"1024\" height=\"576\" alt=\"Duurzaam reizen betekent ook afval vermijden. Plasticvrij dankzij schoon drinkwater.\" title=\"I\" src=\"data:image\/svg+xml,%3Csvg%20xmlns%3D%27http%3A%2F%2Fwww.w3.org%2F2000%2Fsvg%27%20width%3D%272560%27%20height%3D%271440%27%20viewBox%3D%270%200%202560%201440%27%3E%3Crect%20width%3D%272560%27%20height%3D%271440%27%20fill-opacity%3D%220%22%2F%3E%3C%2Fsvg%3E\" data-orig-src=\"https:\/\/palazzovetrano.it\/wp-content\/uploads\/2023\/10\/IMG_6838-1-1024x576.jpg\" class=\"lazyload img-responsive wp-image-1460\"\/><\/span><\/div><\/div><\/div><\/div><\/div><div class=\"fusion-fullwidth fullwidth-box fusion-builder-row-6 fusion-flex-container nonhundred-percent-fullwidth non-hundred-percent-height-scrolling\" style=\"--awb-border-radius-top-left:0px;--awb-border-radius-top-right:0px;--awb-border-radius-bottom-right:0px;--awb-border-radius-bottom-left:0px;--awb-flex-wrap:wrap;\" ><div class=\"fusion-builder-row fusion-row fusion-flex-align-items-flex-start fusion-flex-content-wrap\" style=\"max-width:1248px;margin-left: calc(-4% \/ 2 );margin-right: calc(-4% \/ 2 );\"><div class=\"fusion-layout-column fusion_builder_column fusion-builder-column-7 fusion_builder_column_1_1 1_1 fusion-flex-column\" style=\"--awb-bg-blend:overlay;--awb-bg-size:cover;--awb-width-large:100%;--awb-margin-top-large:0px;--awb-spacing-right-large:1.92%;--awb-margin-bottom-large:0px;--awb-spacing-left-large:1.92%;--awb-width-medium:100%;--awb-spacing-right-medium:1.92%;--awb-spacing-left-medium:1.92%;--awb-width-small:100%;--awb-spacing-right-small:1.92%;--awb-spacing-left-small:1.92%;\"><div class=\"fusion-column-wrapper fusion-flex-justify-content-flex-start fusion-content-layout-column\"><div class=\"fusion-text fusion-text-4\"><\/p>\n<div class=\"et_pb_row et_pb_row_0\">\n<div class=\"et_pb_column et_pb_column_4_4 et_pb_column_0  et_pb_css_mix_blend_mode_passthrough et-last-child\">\n<div class=\"et_pb_module et_pb_text et_pb_text_0  et_pb_text_align_left et_pb_bg_layout_light\">\n<div class=\"et_pb_text_inner\">\n<p><span style=\"color: var(--h3_typography-color); font-family: var(--h3_typography-font-family); font-size: var(--h3_typography-font-size); font-style: var(--h3_typography-font-style,normal); font-weight: var(--h3_typography-font-weight); letter-spacing: var(--h3_typography-letter-spacing); text-transform: var(--h3_typography-text-transform); text-align: var(--awb-content-alignment); background-color: var(--awb-bg-color-hover);\">Drinkwater<\/span><\/p>\n<\/div>\n<\/div>\n<\/div>\n<\/div>\n<div class=\"et_pb_row et_pb_row_3\">\n<div class=\"et_pb_column et_pb_column_4_4 et_pb_column_4  et_pb_css_mix_blend_mode_passthrough et-last-child\">\n<div class=\"et_pb_module et_pb_text et_pb_text_2  et_pb_text_align_left et_pb_bg_layout_light\">\n<div class=\"et_pb_text_inner\">\n<p>Ons kraanwater wordt niet alleen regelmatig getest in overeenstemming met EU-richtlijnen, maar wordt ook gekenmerkt door zijn uitzonderlijk goede smaak. Daarom gebruiken we het als drinkwater en besparen we onszelf en onze gasten onnodig gesjouw met waterflessen. In dit geval is de verwijzing naar de waarde van drinkwater en de aanbeveling om water te besparen overbodig, toch? PS: Vergeet je waterfles niet mee te nemen!<\/p>\n<blockquote>\n<p>\"De zuiverste vorm van waanzin is om alles te laten zoals het is en tegelijkertijd te hopen dat er iets zal veranderen.\" - Albert Einstein<\/p>\n<\/blockquote>\n<h3 class=\"fusion-responsive-typography-calculated\" style=\"--fontsize: 28; line-height: 1.3;\" data-fontsize=\"28\" data-lineheight=\"36.4px\"><span class=\"ez-toc-section\" id=\"Plastikfrei\"><\/span><span id=\"Plastik\" class=\"ez-toc-section\"><\/span>Plasticvrij<span class=\"ez-toc-section-end\"><\/span><\/h3>\n<p>Het vermijden van plastic afval is al een uitdaging in het dagelijks leven thuis, en op vakantie kan dit dubbel zo moeilijk zijn. Om jou de kans te geven om ook tijdens je vakantie plastic afval te vermijden, hebben we al voorzorgsmaatregelen genomen.<\/p>\n<p>We hebben het gebruik van plastic voor servies en bestek bewust zoveel mogelijk vermeden. Maar de beslissende stap ligt direct voor onze deur - op de Mercato Ballar\u00f2, een traditionele markt die bekend staat om zijn regionale assortiment seizoensfruit, groenten, vis en duurzaam vlees.<\/p>\n<p>Verschillende onverpakte winkels liggen op loopafstand en onze gasten kunnen de exacte locaties vinden op hun digitale stadsplattegrond. Glazen opbergers en een boodschappenmand en -tas zijn inbegrepen in onze Palazzo Vetrano vakantiewoning.<\/p>\n<\/div>\n<\/div>\n<\/div>\n<\/div>\n<div class=\"et_pb_row et_pb_row_11\">\n<div class=\"et_pb_column et_pb_column_1_2 et_pb_column_16  et_pb_css_mix_blend_mode_passthrough et-last-child\">\u00a0<\/div>\n<\/div>\n<\/div><\/div><\/div><\/div><\/div><div class=\"fusion-fullwidth fullwidth-box fusion-builder-row-7 fusion-flex-container has-pattern-background has-mask-background nonhundred-percent-fullwidth non-hundred-percent-height-scrolling\" style=\"--awb-border-radius-top-left:0px;--awb-border-radius-top-right:0px;--awb-border-radius-bottom-right:0px;--awb-border-radius-bottom-left:0px;--awb-flex-wrap:wrap;\" ><div class=\"fusion-builder-row fusion-row fusion-flex-align-items-flex-start fusion-flex-content-wrap\" style=\"max-width:1248px;margin-left: calc(-4% \/ 2 );margin-right: calc(-4% \/ 2 );\"><div class=\"fusion-layout-column fusion_builder_column fusion-builder-column-8 fusion_builder_column_1_2 1_2 fusion-flex-column\" style=\"--awb-bg-size:cover;--awb-width-large:50%;--awb-margin-top-large:0px;--awb-spacing-right-large:3.84%;--awb-margin-bottom-large:20px;--awb-spacing-left-large:3.84%;--awb-width-medium:50%;--awb-order-medium:0;--awb-spacing-right-medium:3.84%;--awb-spacing-left-medium:3.84%;--awb-width-small:100%;--awb-order-small:0;--awb-spacing-right-small:1.92%;--awb-spacing-left-small:1.92%;\"><div class=\"fusion-column-wrapper fusion-column-has-shadow fusion-flex-justify-content-flex-start fusion-content-layout-column\"><div class=\"fusion-image-element\" style=\"--awb-caption-title-font-family:var(--h2_typography-font-family);--awb-caption-title-font-weight:var(--h2_typography-font-weight);--awb-caption-title-font-style:var(--h2_typography-font-style);--awb-caption-title-size:var(--h2_typography-font-size);--awb-caption-title-transform:var(--h2_typography-text-transform);--awb-caption-title-line-height:var(--h2_typography-line-height);--awb-caption-title-letter-spacing:var(--h2_typography-letter-spacing);\"><span class=\"fusion-imageframe imageframe-none imageframe-5 hover-type-none\" style=\"border-radius:12px;\"><img decoding=\"async\" width=\"1024\" height=\"682\" alt=\"Duurzame vakantiewoning in Palermo: Palazzo Vetrano - glas, porselein, herbruikbaar in plaats van wegwerp en plastic\" title=\"Palermo duurzaamheid, duurzaam reizen, duurzame vakantie appartement Palermo oude stad, Palermo sostenibilit\u00e0, viaggio sostenibile, vacanza sostenibile appartamento Palermo centro storico, eco BnB\" src=\"https:\/\/palazzovetrano.it\/wp-content\/uploads\/2024\/03\/00010Palermo-Nachhaltigkeit-Nachhaltig-Reisen-nachhaltige-Ferienwohnung-Palermo-Altstadt-Palermo-sostenibilita-viaggio-sostenibile-vacanza-sostenibile-appartamento-Palermo-centro-storico-eco-BnB.jpg\" data-orig-src=\"https:\/\/palazzovetrano.it\/wp-content\/uploads\/2024\/03\/00010Palermo-Nachhaltigkeit-Nachhaltig-Reisen-nachhaltige-Ferienwohnung-Palermo-Altstadt-Palermo-sostenibilita-viaggio-sostenibile-vacanza-sostenibile-appartamento-Palermo-centro-storico-eco-BnB.jpg\" class=\"lazyload img-responsive wp-image-1605\" srcset=\"data:image\/svg+xml,%3Csvg%20xmlns%3D%27http%3A%2F%2Fwww.w3.org%2F2000%2Fsvg%27%20width%3D%271024%27%20height%3D%27682%27%20viewBox%3D%270%200%201024%20682%27%3E%3Crect%20width%3D%271024%27%20height%3D%27682%27%20fill-opacity%3D%220%22%2F%3E%3C%2Fsvg%3E\" data-srcset=\"https:\/\/palazzovetrano.it\/wp-content\/uploads\/2024\/03\/00010Palermo-Nachhaltigkeit-Nachhaltig-Reisen-nachhaltige-Ferienwohnung-Palermo-Altstadt-Palermo-sostenibilita-viaggio-sostenibile-vacanza-sostenibile-appartamento-Palermo-centro-storico-eco-BnB-200x133.jpg 200w, https:\/\/palazzovetrano.it\/wp-content\/uploads\/2024\/03\/00010Palermo-Nachhaltigkeit-Nachhaltig-Reisen-nachhaltige-Ferienwohnung-Palermo-Altstadt-Palermo-sostenibilita-viaggio-sostenibile-vacanza-sostenibile-appartamento-Palermo-centro-storico-eco-BnB-400x266.jpg 400w, https:\/\/palazzovetrano.it\/wp-content\/uploads\/2024\/03\/00010Palermo-Nachhaltigkeit-Nachhaltig-Reisen-nachhaltige-Ferienwohnung-Palermo-Altstadt-Palermo-sostenibilita-viaggio-sostenibile-vacanza-sostenibile-appartamento-Palermo-centro-storico-eco-BnB-600x400.jpg 600w, https:\/\/palazzovetrano.it\/wp-content\/uploads\/2024\/03\/00010Palermo-Nachhaltigkeit-Nachhaltig-Reisen-nachhaltige-Ferienwohnung-Palermo-Altstadt-Palermo-sostenibilita-viaggio-sostenibile-vacanza-sostenibile-appartamento-Palermo-centro-storico-eco-BnB-800x533.jpg 800w, https:\/\/palazzovetrano.it\/wp-content\/uploads\/2024\/03\/00010Palermo-Nachhaltigkeit-Nachhaltig-Reisen-nachhaltige-Ferienwohnung-Palermo-Altstadt-Palermo-sostenibilita-viaggio-sostenibile-vacanza-sostenibile-appartamento-Palermo-centro-storico-eco-BnB.jpg 1024w\" data-sizes=\"auto\" data-orig-sizes=\"(max-width: 800px) 100vw, 600px\" \/><\/span><\/div><\/div><\/div><div class=\"fusion-layout-column fusion_builder_column fusion-builder-column-9 fusion_builder_column_1_2 1_2 fusion-flex-column\" style=\"--awb-bg-size:cover;--awb-width-large:50%;--awb-margin-top-large:0px;--awb-spacing-right-large:3.84%;--awb-margin-bottom-large:20px;--awb-spacing-left-large:3.84%;--awb-width-medium:50%;--awb-order-medium:0;--awb-spacing-right-medium:3.84%;--awb-spacing-left-medium:3.84%;--awb-width-small:100%;--awb-order-small:0;--awb-spacing-right-small:1.92%;--awb-spacing-left-small:1.92%;\"><div class=\"fusion-column-wrapper fusion-column-has-shadow fusion-flex-justify-content-flex-start fusion-content-layout-column\"><div class=\"fusion-image-element\" style=\"--awb-caption-title-font-family:var(--h2_typography-font-family);--awb-caption-title-font-weight:var(--h2_typography-font-weight);--awb-caption-title-font-style:var(--h2_typography-font-style);--awb-caption-title-size:var(--h2_typography-font-size);--awb-caption-title-transform:var(--h2_typography-text-transform);--awb-caption-title-line-height:var(--h2_typography-line-height);--awb-caption-title-letter-spacing:var(--h2_typography-letter-spacing);\"><span class=\"fusion-imageframe imageframe-none imageframe-6 hover-type-none\" style=\"border-radius:12px;\"><img decoding=\"async\" width=\"1024\" height=\"682\" alt=\"Duurzaam reizen naar Palermo: het draait allemaal om de verpakking. De vakantiewoning Palazzo Vetrano biedt milieuvriendelijke containers.\" title=\"Palermo duurzaamheid, duurzaam reizen, duurzame vakantie appartement Palermo oude stad, Palermo sostenibilit\u00e0, viaggio sostenibile, vacanza sostenibile appartamento Palermo centro storico, eco BnB\" src=\"https:\/\/palazzovetrano.it\/wp-content\/uploads\/2024\/03\/00009Palermo-Nachhaltigkeit-Nachhaltig-Reisen-nachhaltige-Ferienwohnung-Palermo-Altstadt-Palermo-sostenibilita-viaggio-sostenibile-vacanza-sostenibile-appartamento-Palermo-centro-storico-eco-BnB.jpg\" data-orig-src=\"https:\/\/palazzovetrano.it\/wp-content\/uploads\/2024\/03\/00009Palermo-Nachhaltigkeit-Nachhaltig-Reisen-nachhaltige-Ferienwohnung-Palermo-Altstadt-Palermo-sostenibilita-viaggio-sostenibile-vacanza-sostenibile-appartamento-Palermo-centro-storico-eco-BnB.jpg\" class=\"lazyload img-responsive wp-image-1604\" srcset=\"data:image\/svg+xml,%3Csvg%20xmlns%3D%27http%3A%2F%2Fwww.w3.org%2F2000%2Fsvg%27%20width%3D%271024%27%20height%3D%27682%27%20viewBox%3D%270%200%201024%20682%27%3E%3Crect%20width%3D%271024%27%20height%3D%27682%27%20fill-opacity%3D%220%22%2F%3E%3C%2Fsvg%3E\" data-srcset=\"https:\/\/palazzovetrano.it\/wp-content\/uploads\/2024\/03\/00009Palermo-Nachhaltigkeit-Nachhaltig-Reisen-nachhaltige-Ferienwohnung-Palermo-Altstadt-Palermo-sostenibilita-viaggio-sostenibile-vacanza-sostenibile-appartamento-Palermo-centro-storico-eco-BnB-200x133.jpg 200w, https:\/\/palazzovetrano.it\/wp-content\/uploads\/2024\/03\/00009Palermo-Nachhaltigkeit-Nachhaltig-Reisen-nachhaltige-Ferienwohnung-Palermo-Altstadt-Palermo-sostenibilita-viaggio-sostenibile-vacanza-sostenibile-appartamento-Palermo-centro-storico-eco-BnB-400x266.jpg 400w, https:\/\/palazzovetrano.it\/wp-content\/uploads\/2024\/03\/00009Palermo-Nachhaltigkeit-Nachhaltig-Reisen-nachhaltige-Ferienwohnung-Palermo-Altstadt-Palermo-sostenibilita-viaggio-sostenibile-vacanza-sostenibile-appartamento-Palermo-centro-storico-eco-BnB-600x400.jpg 600w, https:\/\/palazzovetrano.it\/wp-content\/uploads\/2024\/03\/00009Palermo-Nachhaltigkeit-Nachhaltig-Reisen-nachhaltige-Ferienwohnung-Palermo-Altstadt-Palermo-sostenibilita-viaggio-sostenibile-vacanza-sostenibile-appartamento-Palermo-centro-storico-eco-BnB-800x533.jpg 800w, https:\/\/palazzovetrano.it\/wp-content\/uploads\/2024\/03\/00009Palermo-Nachhaltigkeit-Nachhaltig-Reisen-nachhaltige-Ferienwohnung-Palermo-Altstadt-Palermo-sostenibilita-viaggio-sostenibile-vacanza-sostenibile-appartamento-Palermo-centro-storico-eco-BnB.jpg 1024w\" data-sizes=\"auto\" data-orig-sizes=\"(max-width: 800px) 100vw, 600px\" \/><\/span><\/div><\/div><\/div><\/div><\/div><div class=\"fusion-fullwidth fullwidth-box fusion-builder-row-8 fusion-flex-container nonhundred-percent-fullwidth non-hundred-percent-height-scrolling\" style=\"--awb-border-radius-top-left:0px;--awb-border-radius-top-right:0px;--awb-border-radius-bottom-right:0px;--awb-border-radius-bottom-left:0px;--awb-flex-wrap:wrap;\" ><div class=\"fusion-builder-row fusion-row fusion-flex-align-items-flex-start fusion-flex-content-wrap\" style=\"max-width:1248px;margin-left: calc(-4% \/ 2 );margin-right: calc(-4% \/ 2 );\"><div class=\"fusion-layout-column fusion_builder_column fusion-builder-column-10 fusion_builder_column_1_1 1_1 fusion-flex-column\" style=\"--awb-bg-blend:overlay;--awb-bg-size:cover;--awb-width-large:100%;--awb-margin-top-large:0px;--awb-spacing-right-large:1.92%;--awb-margin-bottom-large:0px;--awb-spacing-left-large:1.92%;--awb-width-medium:100%;--awb-spacing-right-medium:1.92%;--awb-spacing-left-medium:1.92%;--awb-width-small:100%;--awb-spacing-right-small:1.92%;--awb-spacing-left-small:1.92%;\"><div class=\"fusion-column-wrapper fusion-flex-justify-content-flex-start fusion-content-layout-column\"><div class=\"fusion-text fusion-text-5\"><\/p>\n<div class=\"et_pb_row et_pb_row_0\">\n<div class=\"et_pb_column et_pb_column_4_4 et_pb_column_0  et_pb_css_mix_blend_mode_passthrough et-last-child\">\n<div class=\"et_pb_module et_pb_text et_pb_text_0  et_pb_text_align_left et_pb_bg_layout_light\">\n<div class=\"et_pb_text_inner\">\n<p><span style=\"background-color: var(--awb-bg-color-hover); color: var(--h3_typography-color); font-family: var(--h3_typography-font-family); font-size: var(--h3_typography-font-size); font-style: var(--h3_typography-font-style,normal); font-weight: var(--h3_typography-font-weight); letter-spacing: var(--h3_typography-letter-spacing); text-align: var(--awb-content-alignment); text-transform: var(--h3_typography-text-transform);\">Duurzaam meubilair<\/span><\/p>\n<\/div>\n<\/div>\n<\/div>\n<\/div>\n<div class=\"et_pb_row et_pb_row_5\">\n<div class=\"et_pb_column et_pb_column_4_4 et_pb_column_7  et_pb_css_mix_blend_mode_passthrough et-last-child\">\n<div class=\"et_pb_module et_pb_text et_pb_text_3  et_pb_text_align_left et_pb_bg_layout_light\">\n<div class=\"et_pb_text_inner\">\n<p>Over generaties heen. <span style=\"color: var(--awb-text-color); font-family: var(--awb-text-font-family); font-size: var(--awb-font-size); font-style: var(--awb-text-font-style); font-weight: var(--awb-text-font-weight); letter-spacing: var(--awb-letter-spacing); text-align: var(--awb-content-alignment); text-transform: var(--awb-text-transform); background-color: var(--awb-bg-color-hover);\">Een goed ontwerp is inherent duurzaam, omdat wat wordt doorgegeven niet hoeft te worden gerecycled.<\/span><\/p>\n<p>Bij de selectie van onze vintage meubels hebben we de nadruk gelegd op duurzaamheid en duurzaamheid, maar ook op esthetiek en kwaliteit. De meeste van onze stukken komen uit Palermo en omgeving en ze hebben het geluk van anderen al verrijkt. Ons messing bed kan ongetwijfeld generaties lang meegaan. Als we erin slagen om dit meubilair op een bepaald moment ook voor de volgende generatie aangenaam te maken, zou dat een nieuwe duurzame stap zijn.<\/p>\n<p>Natuurlijk hebben we ook een paar meubels van IKEA. Hun klanten moeten zich ook op hun gemak voelen in onze accommodatie. We hopen dat we de juiste duurzame producten hebben gekozen.<\/p>\n<\/div>\n<\/div>\n<\/div>\n<\/div>\n<\/div><\/div><\/div><\/div><\/div><div class=\"fusion-fullwidth fullwidth-box fusion-builder-row-9 fusion-flex-container has-pattern-background has-mask-background nonhundred-percent-fullwidth non-hundred-percent-height-scrolling\" style=\"--awb-border-radius-top-left:0px;--awb-border-radius-top-right:0px;--awb-border-radius-bottom-right:0px;--awb-border-radius-bottom-left:0px;--awb-flex-wrap:wrap;\" ><div class=\"fusion-builder-row fusion-row fusion-flex-align-items-flex-start fusion-flex-content-wrap\" style=\"max-width:1248px;margin-left: calc(-4% \/ 2 );margin-right: calc(-4% \/ 2 );\"><div class=\"fusion-layout-column fusion_builder_column fusion-builder-column-11 fusion_builder_column_1_2 1_2 fusion-flex-column\" style=\"--awb-bg-size:cover;--awb-width-large:50%;--awb-margin-top-large:0px;--awb-spacing-right-large:3.84%;--awb-margin-bottom-large:20px;--awb-spacing-left-large:3.84%;--awb-width-medium:50%;--awb-order-medium:0;--awb-spacing-right-medium:3.84%;--awb-spacing-left-medium:3.84%;--awb-width-small:100%;--awb-order-small:0;--awb-spacing-right-small:1.92%;--awb-spacing-left-small:1.92%;\"><div class=\"fusion-column-wrapper fusion-column-has-shadow fusion-flex-justify-content-flex-start fusion-content-layout-column\"><div class=\"fusion-image-element\" style=\"--awb-caption-title-font-family:var(--h2_typography-font-family);--awb-caption-title-font-weight:var(--h2_typography-font-weight);--awb-caption-title-font-style:var(--h2_typography-font-style);--awb-caption-title-size:var(--h2_typography-font-size);--awb-caption-title-transform:var(--h2_typography-text-transform);--awb-caption-title-line-height:var(--h2_typography-line-height);--awb-caption-title-letter-spacing:var(--h2_typography-letter-spacing);\"><span class=\"fusion-imageframe imageframe-none imageframe-7 hover-type-none\" style=\"border-radius:12px;\"><img decoding=\"async\" width=\"1024\" height=\"683\" alt=\"Duurzame vakantiewoning, eco bnb, in Palermo oude stad, Palazzo Vetrano, Duurzame meubels voor generaties. Tijdloze meubels zijn op zich duurzaam. Want wat wordt doorgegeven, hoeft niet in de eerste plaats te worden gerecycled. \/ Appartamento per vacanze sostenibile, eco bnb, nel centro storico di Palermo, Palazzo Vetrano, arredamento sostenibile per generazioni. I mobili senza tempo sono di per s\u00e9 sostenibili. Perch\u00e9 ci\u00f2 che viene tramandato non deve essere riciclato.\" title=\"Palermo duurzaamheid, duurzaam reizen, duurzame vakantie appartement Palermo oude stad, Palermo sostenibilit\u00e0, viaggio sostenibile, vacanza sostenibile appartamento Palermo centro storico, eco BnB\" src=\"https:\/\/palazzovetrano.it\/wp-content\/uploads\/2024\/03\/00001Palermo-Nachhaltigkeit-Nachhaltig-Reisen-nachhaltige-Ferienwohnung-Palermo-Altstadt-Palermo-sostenibilita-viaggio-sostenibile-vacanza-sostenibile-appartamento-Palermo-centro-storico-eco-BnB.jpg\" data-orig-src=\"https:\/\/palazzovetrano.it\/wp-content\/uploads\/2024\/03\/00001Palermo-Nachhaltigkeit-Nachhaltig-Reisen-nachhaltige-Ferienwohnung-Palermo-Altstadt-Palermo-sostenibilita-viaggio-sostenibile-vacanza-sostenibile-appartamento-Palermo-centro-storico-eco-BnB.jpg\" class=\"lazyload img-responsive wp-image-1596\" srcset=\"data:image\/svg+xml,%3Csvg%20xmlns%3D%27http%3A%2F%2Fwww.w3.org%2F2000%2Fsvg%27%20width%3D%271024%27%20height%3D%27683%27%20viewBox%3D%270%200%201024%20683%27%3E%3Crect%20width%3D%271024%27%20height%3D%27683%27%20fill-opacity%3D%220%22%2F%3E%3C%2Fsvg%3E\" data-srcset=\"https:\/\/palazzovetrano.it\/wp-content\/uploads\/2024\/03\/00001Palermo-Nachhaltigkeit-Nachhaltig-Reisen-nachhaltige-Ferienwohnung-Palermo-Altstadt-Palermo-sostenibilita-viaggio-sostenibile-vacanza-sostenibile-appartamento-Palermo-centro-storico-eco-BnB-200x133.jpg 200w, https:\/\/palazzovetrano.it\/wp-content\/uploads\/2024\/03\/00001Palermo-Nachhaltigkeit-Nachhaltig-Reisen-nachhaltige-Ferienwohnung-Palermo-Altstadt-Palermo-sostenibilita-viaggio-sostenibile-vacanza-sostenibile-appartamento-Palermo-centro-storico-eco-BnB-400x267.jpg 400w, https:\/\/palazzovetrano.it\/wp-content\/uploads\/2024\/03\/00001Palermo-Nachhaltigkeit-Nachhaltig-Reisen-nachhaltige-Ferienwohnung-Palermo-Altstadt-Palermo-sostenibilita-viaggio-sostenibile-vacanza-sostenibile-appartamento-Palermo-centro-storico-eco-BnB-600x400.jpg 600w, https:\/\/palazzovetrano.it\/wp-content\/uploads\/2024\/03\/00001Palermo-Nachhaltigkeit-Nachhaltig-Reisen-nachhaltige-Ferienwohnung-Palermo-Altstadt-Palermo-sostenibilita-viaggio-sostenibile-vacanza-sostenibile-appartamento-Palermo-centro-storico-eco-BnB-800x534.jpg 800w, https:\/\/palazzovetrano.it\/wp-content\/uploads\/2024\/03\/00001Palermo-Nachhaltigkeit-Nachhaltig-Reisen-nachhaltige-Ferienwohnung-Palermo-Altstadt-Palermo-sostenibilita-viaggio-sostenibile-vacanza-sostenibile-appartamento-Palermo-centro-storico-eco-BnB.jpg 1024w\" data-sizes=\"auto\" data-orig-sizes=\"(max-width: 800px) 100vw, 600px\" \/><\/span><\/div><\/div><\/div><div class=\"fusion-layout-column fusion_builder_column fusion-builder-column-12 fusion_builder_column_1_2 1_2 fusion-flex-column\" style=\"--awb-bg-size:cover;--awb-width-large:50%;--awb-margin-top-large:0px;--awb-spacing-right-large:3.84%;--awb-margin-bottom-large:20px;--awb-spacing-left-large:3.84%;--awb-width-medium:50%;--awb-order-medium:0;--awb-spacing-right-medium:3.84%;--awb-spacing-left-medium:3.84%;--awb-width-small:100%;--awb-order-small:0;--awb-spacing-right-small:1.92%;--awb-spacing-left-small:1.92%;\"><div class=\"fusion-column-wrapper fusion-column-has-shadow fusion-flex-justify-content-flex-start fusion-content-layout-column\"><div class=\"fusion-image-element\" style=\"--awb-caption-title-font-family:var(--h2_typography-font-family);--awb-caption-title-font-weight:var(--h2_typography-font-weight);--awb-caption-title-font-style:var(--h2_typography-font-style);--awb-caption-title-size:var(--h2_typography-font-size);--awb-caption-title-transform:var(--h2_typography-text-transform);--awb-caption-title-line-height:var(--h2_typography-line-height);--awb-caption-title-letter-spacing:var(--h2_typography-letter-spacing);\"><span class=\"fusion-imageframe imageframe-none imageframe-8 hover-type-none\" style=\"border-radius:12px;\"><img decoding=\"async\" width=\"1024\" height=\"683\" alt=\"Duurzame vakantiewoning, eco bnb, in Palermo oude stad, Palazzo Vetrano, duurzame meubels voor generaties. Tijdloze meubels zijn op zich duurzaam. Want wat wordt doorgegeven, hoeft niet eerst te worden gerecycled.\" title=\"Palermo duurzaamheid, duurzaam reizen, duurzame vakantie appartement Palermo oude stad, Palermo sostenibilit\u00e0, viaggio sostenibile, vacanza sostenibile appartamento Palermo centro storico, eco BnB\" src=\"https:\/\/palazzovetrano.it\/wp-content\/uploads\/2024\/03\/00002Palermo-Nachhaltigkeit-Nachhaltig-Reisen-nachhaltige-Ferienwohnung-Palermo-Altstadt-Palermo-sostenibilita-viaggio-sostenibile-vacanza-sostenibile-appartamento-Palermo-centro-storico-eco-BnB.jpg\" data-orig-src=\"https:\/\/palazzovetrano.it\/wp-content\/uploads\/2024\/03\/00002Palermo-Nachhaltigkeit-Nachhaltig-Reisen-nachhaltige-Ferienwohnung-Palermo-Altstadt-Palermo-sostenibilita-viaggio-sostenibile-vacanza-sostenibile-appartamento-Palermo-centro-storico-eco-BnB.jpg\" class=\"lazyload img-responsive wp-image-1597\" srcset=\"data:image\/svg+xml,%3Csvg%20xmlns%3D%27http%3A%2F%2Fwww.w3.org%2F2000%2Fsvg%27%20width%3D%271024%27%20height%3D%27683%27%20viewBox%3D%270%200%201024%20683%27%3E%3Crect%20width%3D%271024%27%20height%3D%27683%27%20fill-opacity%3D%220%22%2F%3E%3C%2Fsvg%3E\" data-srcset=\"https:\/\/palazzovetrano.it\/wp-content\/uploads\/2024\/03\/00002Palermo-Nachhaltigkeit-Nachhaltig-Reisen-nachhaltige-Ferienwohnung-Palermo-Altstadt-Palermo-sostenibilita-viaggio-sostenibile-vacanza-sostenibile-appartamento-Palermo-centro-storico-eco-BnB-200x133.jpg 200w, https:\/\/palazzovetrano.it\/wp-content\/uploads\/2024\/03\/00002Palermo-Nachhaltigkeit-Nachhaltig-Reisen-nachhaltige-Ferienwohnung-Palermo-Altstadt-Palermo-sostenibilita-viaggio-sostenibile-vacanza-sostenibile-appartamento-Palermo-centro-storico-eco-BnB-400x267.jpg 400w, https:\/\/palazzovetrano.it\/wp-content\/uploads\/2024\/03\/00002Palermo-Nachhaltigkeit-Nachhaltig-Reisen-nachhaltige-Ferienwohnung-Palermo-Altstadt-Palermo-sostenibilita-viaggio-sostenibile-vacanza-sostenibile-appartamento-Palermo-centro-storico-eco-BnB-600x400.jpg 600w, https:\/\/palazzovetrano.it\/wp-content\/uploads\/2024\/03\/00002Palermo-Nachhaltigkeit-Nachhaltig-Reisen-nachhaltige-Ferienwohnung-Palermo-Altstadt-Palermo-sostenibilita-viaggio-sostenibile-vacanza-sostenibile-appartamento-Palermo-centro-storico-eco-BnB-800x534.jpg 800w, https:\/\/palazzovetrano.it\/wp-content\/uploads\/2024\/03\/00002Palermo-Nachhaltigkeit-Nachhaltig-Reisen-nachhaltige-Ferienwohnung-Palermo-Altstadt-Palermo-sostenibilita-viaggio-sostenibile-vacanza-sostenibile-appartamento-Palermo-centro-storico-eco-BnB.jpg 1024w\" data-sizes=\"auto\" data-orig-sizes=\"(max-width: 800px) 100vw, 600px\" \/><\/span><\/div><\/div><\/div><\/div><\/div><div class=\"fusion-fullwidth fullwidth-box fusion-builder-row-10 fusion-flex-container nonhundred-percent-fullwidth non-hundred-percent-height-scrolling\" style=\"--awb-border-radius-top-left:0px;--awb-border-radius-top-right:0px;--awb-border-radius-bottom-right:0px;--awb-border-radius-bottom-left:0px;--awb-flex-wrap:wrap;\" ><div class=\"fusion-builder-row fusion-row fusion-flex-align-items-flex-start fusion-flex-content-wrap\" style=\"max-width:1248px;margin-left: calc(-4% \/ 2 );margin-right: calc(-4% \/ 2 );\"><div class=\"fusion-layout-column fusion_builder_column fusion-builder-column-13 fusion_builder_column_1_1 1_1 fusion-flex-column\" style=\"--awb-bg-blend:overlay;--awb-bg-size:cover;--awb-width-large:100%;--awb-margin-top-large:0px;--awb-spacing-right-large:1.92%;--awb-margin-bottom-large:0px;--awb-spacing-left-large:1.92%;--awb-width-medium:100%;--awb-spacing-right-medium:1.92%;--awb-spacing-left-medium:1.92%;--awb-width-small:100%;--awb-spacing-right-small:1.92%;--awb-spacing-left-small:1.92%;\"><div class=\"fusion-column-wrapper fusion-flex-justify-content-flex-start fusion-content-layout-column\"><div class=\"fusion-text fusion-text-6\"><\/p>\n<div class=\"et_pb_row et_pb_row_0\">\n<div class=\"et_pb_column et_pb_column_4_4 et_pb_column_0  et_pb_css_mix_blend_mode_passthrough et-last-child\">\n<div class=\"et_pb_module et_pb_text et_pb_text_0  et_pb_text_align_left et_pb_bg_layout_light\">\n<div class=\"et_pb_text_inner\">\n<p><span style=\"background-color: var(--awb-bg-color-hover); color: var(--awb-text-color); font-family: var(--awb-text-font-family); font-style: var(--awb-text-font-style); font-weight: var(--awb-text-font-weight); letter-spacing: var(--awb-letter-spacing); text-align: var(--awb-content-alignment); text-transform: var(--awb-text-transform);\">Bouwmaterialen<\/span><\/p>\n<\/div>\n<\/div>\n<\/div>\n<\/div>\n<div class=\"et_pb_row et_pb_row_7\">\n<div class=\"et_pb_column et_pb_column_4_4 et_pb_column_10  et_pb_css_mix_blend_mode_passthrough et-last-child\">\n<div class=\"et_pb_module et_pb_text et_pb_text_4  et_pb_text_align_left et_pb_bg_layout_light\">\n<div class=\"et_pb_text_inner\">\n<p>Deuren, ramen en alle plafondconstructies zijn gemaakt van hout, een hernieuwbaar bouwmateriaal. Hout dient als voorbeeld voor een goed functionerende natuurlijke cyclus. Een bos slaat regenwater op en filtert het, produceert zuurstof en bindt luchtverontreinigende stoffen. Het helpt ook beschermen tegen de opwarming van de aarde door kooldioxide op te slaan, ondersteunt de biodiversiteit als habitat en levert waardevol hout. Het gebruik van hout als bouwmateriaal vermindert het broeikasgas CO2 en bindt het gedurende lange tijd in duurzame producten zoals gebouwen.<\/p>\n<p>De thermisch isolerende beglazing van onze houten ramen biedt effectieve bescherming tegen kou en warmte. We waren vooral onder de indruk van het feit dat onze aannemer van tevoren al zorgvuldig had nagedacht over de duurzame selectie van bouwmaterialen. Eerlijk gezegd hadden we zo'n voorbeeldige aanpak niet verwacht op Sicili\u00eb.<\/p>\n<h3 class=\"fusion-responsive-typography-calculated\" style=\"--fontsize: 28; line-height: 1.3;\" data-fontsize=\"28\" data-lineheight=\"36.4px\"><span class=\"ez-toc-section\" id=\"Klimafreundliche_Anreise\"><\/span><span id=\"Anreise\" class=\"ez-toc-section\"><\/span>Klimaatvriendelijke reis<span class=\"ez-toc-section-end\"><\/span><\/h3>\n<p><span style=\"color: var(--awb-text-color); font-family: var(--awb-text-font-family); font-size: var(--awb-font-size); font-style: var(--awb-text-font-style); font-weight: var(--awb-text-font-weight); letter-spacing: var(--awb-letter-spacing); text-align: var(--awb-content-alignment); text-transform: var(--awb-text-transform); background-color: var(--awb-bg-color-hover);\">De meest milieuvriendelijke manier om naar Sicili\u00eb te reizen is natuurlijk te voet of met de fiets. Je kunt ook met de auto of de trein reizen. Hoewel de auto bijvoorbeeld een uur sneller is op de route van Frankfurt naar de veerboothaven van Genua, rijst de vraag wat de meest ontspannen keuze is. Vooral als je bedenkt dat de veerboothaven van Palermo onbetaalbaar is.<\/span><\/p>\n<p>Voor wie geen tijd heeft, is reizen met het vliegtuig zonder de schaamte van het vliegen nog steeds een optie. De meeste luchtvaartmaatschappijen bieden nu CO2-compensatie aan. Non-profitorganisaties zoals atmosfair zijn echter waarschijnlijk een beter alternatief. Zij berekenen de klimaatimpact van een vlucht voor twee personen van Keulen naar Palermo, retourvlucht, op 1.200 kg CO2. Dit komt overeen met bijna 22% van de vaak genoemde vlucht naar Bali. Het compensatiebedrag hiervoor is \u20ac28. Hier kun je niet alleen de CO2-uitstoot van je vlucht berekenen, maar ook direct en eenvoudig wereldwijde compensatieprogramma's ondersteunen.<\/p>\n<p>Vanaf het vliegveld van Palermo kun je rechtstreeks de trein nemen naar het centraal station van Palermo en zo naar het stadscentrum.<\/p>\n<\/div>\n<\/div>\n<\/div>\n<\/div>\n<\/div><div class=\"fusion-text fusion-text-7\"><p>&nbsp;<\/p>\n<\/div><\/div><\/div><\/div><\/div><div class=\"fusion-fullwidth fullwidth-box fusion-builder-row-11 fusion-flex-container has-pattern-background has-mask-background nonhundred-percent-fullwidth non-hundred-percent-height-scrolling\" style=\"--awb-border-radius-top-left:0px;--awb-border-radius-top-right:0px;--awb-border-radius-bottom-right:0px;--awb-border-radius-bottom-left:0px;--awb-flex-wrap:wrap;\" ><div class=\"fusion-builder-row fusion-row fusion-flex-align-items-flex-start fusion-flex-content-wrap\" style=\"max-width:1248px;margin-left: calc(-4% \/ 2 );margin-right: calc(-4% \/ 2 );\"><div class=\"fusion-layout-column fusion_builder_column fusion-builder-column-14 fusion_builder_column_1_2 1_2 fusion-flex-column\" style=\"--awb-bg-size:cover;--awb-width-large:50%;--awb-margin-top-large:0px;--awb-spacing-right-large:3.84%;--awb-margin-bottom-large:20px;--awb-spacing-left-large:3.84%;--awb-width-medium:50%;--awb-order-medium:0;--awb-spacing-right-medium:3.84%;--awb-spacing-left-medium:3.84%;--awb-width-small:100%;--awb-order-small:0;--awb-spacing-right-small:1.92%;--awb-spacing-left-small:1.92%;\"><div class=\"fusion-column-wrapper fusion-column-has-shadow fusion-flex-justify-content-flex-start fusion-content-layout-column\"><div class=\"fusion-image-element\" style=\"--awb-caption-title-font-family:var(--h2_typography-font-family);--awb-caption-title-font-weight:var(--h2_typography-font-weight);--awb-caption-title-font-style:var(--h2_typography-font-style);--awb-caption-title-size:var(--h2_typography-font-size);--awb-caption-title-transform:var(--h2_typography-text-transform);--awb-caption-title-line-height:var(--h2_typography-line-height);--awb-caption-title-letter-spacing:var(--h2_typography-letter-spacing);\"><span class=\"fusion-imageframe imageframe-none imageframe-9 hover-type-none\" style=\"border-radius:12px;\"><img decoding=\"async\" width=\"980\" height=\"551\" alt=\"Duurzaam reizen begint bij de keuze van vervoer. We geven tips voor een klimaatneutrale aankomst in onze duurzame vakantiewoning Palazzo Vetrano, in de oude binnenstad van Palermo.\" title=\"Palermo duurzaamheid, duurzaam reizen, duurzame vakantie appartement Palermo oude stad, Palermo sostenibilit\u00e0, viaggio sostenibile, vacanza sostenibile appartamento Palermo centro storico, eco BnB\" src=\"https:\/\/palazzovetrano.it\/wp-content\/uploads\/2024\/03\/00007Palermo-Nachhaltigkeit-Nachhaltig-Reisen-nachhaltige-Ferienwohnung-Palermo-Altstadt-Palermo-sostenibilita-viaggio-sostenibile-vacanza-sostenibile-appartamento-Palermo-centro-storico-eco-BnB.jpg\" data-orig-src=\"https:\/\/palazzovetrano.it\/wp-content\/uploads\/2024\/03\/00007Palermo-Nachhaltigkeit-Nachhaltig-Reisen-nachhaltige-Ferienwohnung-Palermo-Altstadt-Palermo-sostenibilita-viaggio-sostenibile-vacanza-sostenibile-appartamento-Palermo-centro-storico-eco-BnB.jpg\" class=\"lazyload img-responsive wp-image-1602\" srcset=\"data:image\/svg+xml,%3Csvg%20xmlns%3D%27http%3A%2F%2Fwww.w3.org%2F2000%2Fsvg%27%20width%3D%27980%27%20height%3D%27551%27%20viewBox%3D%270%200%20980%20551%27%3E%3Crect%20width%3D%27980%27%20height%3D%27551%27%20fill-opacity%3D%220%22%2F%3E%3C%2Fsvg%3E\" data-srcset=\"https:\/\/palazzovetrano.it\/wp-content\/uploads\/2024\/03\/00007Palermo-Nachhaltigkeit-Nachhaltig-Reisen-nachhaltige-Ferienwohnung-Palermo-Altstadt-Palermo-sostenibilita-viaggio-sostenibile-vacanza-sostenibile-appartamento-Palermo-centro-storico-eco-BnB-200x112.jpg 200w, https:\/\/palazzovetrano.it\/wp-content\/uploads\/2024\/03\/00007Palermo-Nachhaltigkeit-Nachhaltig-Reisen-nachhaltige-Ferienwohnung-Palermo-Altstadt-Palermo-sostenibilita-viaggio-sostenibile-vacanza-sostenibile-appartamento-Palermo-centro-storico-eco-BnB-400x225.jpg 400w, https:\/\/palazzovetrano.it\/wp-content\/uploads\/2024\/03\/00007Palermo-Nachhaltigkeit-Nachhaltig-Reisen-nachhaltige-Ferienwohnung-Palermo-Altstadt-Palermo-sostenibilita-viaggio-sostenibile-vacanza-sostenibile-appartamento-Palermo-centro-storico-eco-BnB-600x337.jpg 600w, https:\/\/palazzovetrano.it\/wp-content\/uploads\/2024\/03\/00007Palermo-Nachhaltigkeit-Nachhaltig-Reisen-nachhaltige-Ferienwohnung-Palermo-Altstadt-Palermo-sostenibilita-viaggio-sostenibile-vacanza-sostenibile-appartamento-Palermo-centro-storico-eco-BnB-800x450.jpg 800w, https:\/\/palazzovetrano.it\/wp-content\/uploads\/2024\/03\/00007Palermo-Nachhaltigkeit-Nachhaltig-Reisen-nachhaltige-Ferienwohnung-Palermo-Altstadt-Palermo-sostenibilita-viaggio-sostenibile-vacanza-sostenibile-appartamento-Palermo-centro-storico-eco-BnB.jpg 980w\" data-sizes=\"auto\" data-orig-sizes=\"(max-width: 800px) 100vw, 600px\" \/><\/span><\/div><\/div><\/div><div class=\"fusion-layout-column fusion_builder_column fusion-builder-column-15 fusion_builder_column_1_2 1_2 fusion-flex-column\" style=\"--awb-bg-size:cover;--awb-width-large:50%;--awb-margin-top-large:0px;--awb-spacing-right-large:3.84%;--awb-margin-bottom-large:20px;--awb-spacing-left-large:3.84%;--awb-width-medium:50%;--awb-order-medium:0;--awb-spacing-right-medium:3.84%;--awb-spacing-left-medium:3.84%;--awb-width-small:100%;--awb-order-small:0;--awb-spacing-right-small:1.92%;--awb-spacing-left-small:1.92%;\"><div class=\"fusion-column-wrapper fusion-column-has-shadow fusion-flex-justify-content-flex-start fusion-content-layout-column\"><div class=\"fusion-image-element\" style=\"--awb-caption-title-font-family:var(--h2_typography-font-family);--awb-caption-title-font-weight:var(--h2_typography-font-weight);--awb-caption-title-font-style:var(--h2_typography-font-style);--awb-caption-title-size:var(--h2_typography-font-size);--awb-caption-title-transform:var(--h2_typography-text-transform);--awb-caption-title-line-height:var(--h2_typography-line-height);--awb-caption-title-letter-spacing:var(--h2_typography-letter-spacing);\"><span class=\"fusion-imageframe imageframe-none imageframe-10 hover-type-none\" style=\"border-radius:12px;\"><img decoding=\"async\" width=\"980\" height=\"551\" alt=\"Palermo Centraal Station: vanaf hier is het maar een paar stappen naar een duurzame vakantiewoning in het hart van de oude stad van Palermo\" title=\"Palermo duurzaamheid, duurzaam reizen, duurzame vakantie appartement Palermo oude stad, Palermo sostenibilit\u00e0, viaggio sostenibile, vacanza sostenibile appartamento Palermo centro storico, eco BnB\" src=\"https:\/\/palazzovetrano.it\/wp-content\/uploads\/2024\/03\/00008Palermo-Nachhaltigkeit-Nachhaltig-Reisen-nachhaltige-Ferienwohnung-Palermo-Altstadt-Palermo-sostenibilita-viaggio-sostenibile-vacanza-sostenibile-appartamento-Palermo-centro-storico-eco-BnB.jpg\" data-orig-src=\"https:\/\/palazzovetrano.it\/wp-content\/uploads\/2024\/03\/00008Palermo-Nachhaltigkeit-Nachhaltig-Reisen-nachhaltige-Ferienwohnung-Palermo-Altstadt-Palermo-sostenibilita-viaggio-sostenibile-vacanza-sostenibile-appartamento-Palermo-centro-storico-eco-BnB.jpg\" class=\"lazyload img-responsive wp-image-1603\" srcset=\"data:image\/svg+xml,%3Csvg%20xmlns%3D%27http%3A%2F%2Fwww.w3.org%2F2000%2Fsvg%27%20width%3D%27980%27%20height%3D%27551%27%20viewBox%3D%270%200%20980%20551%27%3E%3Crect%20width%3D%27980%27%20height%3D%27551%27%20fill-opacity%3D%220%22%2F%3E%3C%2Fsvg%3E\" data-srcset=\"https:\/\/palazzovetrano.it\/wp-content\/uploads\/2024\/03\/00008Palermo-Nachhaltigkeit-Nachhaltig-Reisen-nachhaltige-Ferienwohnung-Palermo-Altstadt-Palermo-sostenibilita-viaggio-sostenibile-vacanza-sostenibile-appartamento-Palermo-centro-storico-eco-BnB-200x112.jpg 200w, https:\/\/palazzovetrano.it\/wp-content\/uploads\/2024\/03\/00008Palermo-Nachhaltigkeit-Nachhaltig-Reisen-nachhaltige-Ferienwohnung-Palermo-Altstadt-Palermo-sostenibilita-viaggio-sostenibile-vacanza-sostenibile-appartamento-Palermo-centro-storico-eco-BnB-400x225.jpg 400w, https:\/\/palazzovetrano.it\/wp-content\/uploads\/2024\/03\/00008Palermo-Nachhaltigkeit-Nachhaltig-Reisen-nachhaltige-Ferienwohnung-Palermo-Altstadt-Palermo-sostenibilita-viaggio-sostenibile-vacanza-sostenibile-appartamento-Palermo-centro-storico-eco-BnB-600x337.jpg 600w, https:\/\/palazzovetrano.it\/wp-content\/uploads\/2024\/03\/00008Palermo-Nachhaltigkeit-Nachhaltig-Reisen-nachhaltige-Ferienwohnung-Palermo-Altstadt-Palermo-sostenibilita-viaggio-sostenibile-vacanza-sostenibile-appartamento-Palermo-centro-storico-eco-BnB-800x450.jpg 800w, https:\/\/palazzovetrano.it\/wp-content\/uploads\/2024\/03\/00008Palermo-Nachhaltigkeit-Nachhaltig-Reisen-nachhaltige-Ferienwohnung-Palermo-Altstadt-Palermo-sostenibilita-viaggio-sostenibile-vacanza-sostenibile-appartamento-Palermo-centro-storico-eco-BnB.jpg 980w\" data-sizes=\"auto\" data-orig-sizes=\"(max-width: 800px) 100vw, 600px\" \/><\/span><\/div><\/div><\/div><\/div><\/div><div class=\"fusion-fullwidth fullwidth-box fusion-builder-row-12 fusion-flex-container nonhundred-percent-fullwidth non-hundred-percent-height-scrolling\" style=\"--awb-border-radius-top-left:0px;--awb-border-radius-top-right:0px;--awb-border-radius-bottom-right:0px;--awb-border-radius-bottom-left:0px;--awb-flex-wrap:wrap;\" ><div class=\"fusion-builder-row fusion-row fusion-flex-align-items-flex-start fusion-flex-content-wrap\" style=\"max-width:1248px;margin-left: calc(-4% \/ 2 );margin-right: calc(-4% \/ 2 );\"><div class=\"fusion-layout-column fusion_builder_column fusion-builder-column-16 fusion_builder_column_1_1 1_1 fusion-flex-column\" style=\"--awb-bg-blend:overlay;--awb-bg-size:cover;--awb-width-large:100%;--awb-margin-top-large:0px;--awb-spacing-right-large:1.92%;--awb-margin-bottom-large:0px;--awb-spacing-left-large:1.92%;--awb-width-medium:100%;--awb-spacing-right-medium:1.92%;--awb-spacing-left-medium:1.92%;--awb-width-small:100%;--awb-spacing-right-small:1.92%;--awb-spacing-left-small:1.92%;\"><div class=\"fusion-column-wrapper fusion-flex-justify-content-flex-start fusion-content-layout-column\"><div class=\"fusion-text fusion-text-8\"><\/p>\n<div class=\"et_pb_row et_pb_row_0\">\n<div class=\"et_pb_column et_pb_column_4_4 et_pb_column_0  et_pb_css_mix_blend_mode_passthrough et-last-child\">\n<div class=\"et_pb_module et_pb_text et_pb_text_0  et_pb_text_align_left et_pb_bg_layout_light\">\n<div class=\"et_pb_text_inner\">\n<blockquote>\n<p>\"Onze planeet is ons thuis, ons enige thuis. Waar moeten we heen als we het vernietigen?\" - Dalai Lama<\/p>\n<\/blockquote>\n<\/div>\n<\/div>\n<\/div>\n<\/div>\n<div class=\"et_pb_row et_pb_row_3\">\n<div class=\"et_pb_column et_pb_column_4_4 et_pb_column_4  et_pb_css_mix_blend_mode_passthrough et-last-child\">\n<div class=\"et_pb_module et_pb_text et_pb_text_2  et_pb_text_align_left et_pb_bg_layout_light\">\n<div class=\"et_pb_text_inner\">\n<p><span style=\"background-color: var(--awb-bg-color-hover); color: var(--awb-text-color); font-family: var(--awb-text-font-family); font-size: var(--awb-font-size); font-style: var(--awb-text-font-style); font-weight: var(--awb-text-font-weight); letter-spacing: var(--awb-letter-spacing); text-align: var(--awb-content-alignment); text-transform: var(--awb-text-transform);\">Transportmiddelen op locatie<\/span><\/p>\n<\/div>\n<\/div>\n<\/div>\n<\/div>\n<div class=\"et_pb_row et_pb_row_9\">\n<div class=\"et_pb_column et_pb_column_4_4 et_pb_column_13  et_pb_css_mix_blend_mode_passthrough et-last-child\">\n<div class=\"et_pb_module et_pb_text et_pb_text_5  et_pb_text_align_left et_pb_bg_layout_light\">\n<div class=\"et_pb_text_inner\">\n<p>De oude stad van Palermo is een geweldige plek om je te voet te verplaatsen. Voor alle fietsliefhebbers hebben we handige fietsverhuurmogelijkheden op loopafstand in de digitale stadsplattegrond opgenomen. Uitstapjes over land kunnen gemakkelijk worden georganiseerd met de bus, trein of veerboot, zodat je geen auto hoeft te huren. Een economische en ecologische oplossing tegelijk.<\/p>\n<h3 class=\"\" style=\"--fontsize: 28; line-height: 1.3;\" data-fontsize=\"28\" data-lineheight=\"36.4px\"><span class=\"ez-toc-section\" id=\"Eigenverantwortung\"><\/span><span id=\"Eigenverantwortung\" class=\"ez-toc-section\"><\/span>Persoonlijke verantwoordelijkheid<span class=\"ez-toc-section-end\"><\/span><\/h3>\n<p>We hebben zelf al een bericht geschreven over onze persoonlijke CO2-voetafdruk op onze blog planBwagen en gaan door met onze inspanningen, ook al zijn we verre van perfect. Zoals al eerder gezegd, ligt onze focus niet op het met de vinger wijzen naar anderen, maar eerder op het bevorderen van gezamenlijke inspanningen voor duurzaamheid.<\/p>\n<h3 class=\"\" style=\"--fontsize: 28; line-height: 1.3;\" data-fontsize=\"28\" data-lineheight=\"36.4px\"><span class=\"ez-toc-section\" id=\"Essen_Soziales\"><\/span><span id=\"Essen_Soziales\" class=\"ez-toc-section\"><\/span>Voeding en sociale zaken<span class=\"ez-toc-section-end\"><\/span><\/h3>\n<p>Bij Moltivolti, ons favoriete restaurant, kun je niet alleen heerlijk dineren, maar tegelijkertijd ook hun sociale betrokkenheid in Ballar\u00f2 steunen. Het team van Moltivolti ziet eten als een middel voor dialoog tussen verschillende mensen en culturen.<\/p>\n<\/div>\n<\/div>\n<\/div>\n<\/div>\n<div class=\"et_pb_row et_pb_row_11\">\u00a0<\/div><\/p>\n<\/div><\/div><\/div><\/div><\/div><div class=\"fusion-fullwidth fullwidth-box fusion-builder-row-13 fusion-flex-container has-pattern-background has-mask-background nonhundred-percent-fullwidth non-hundred-percent-height-scrolling\" style=\"--awb-border-radius-top-left:0px;--awb-border-radius-top-right:0px;--awb-border-radius-bottom-right:0px;--awb-border-radius-bottom-left:0px;--awb-flex-wrap:wrap;\" ><div class=\"fusion-builder-row fusion-row fusion-flex-align-items-flex-start fusion-flex-content-wrap\" style=\"max-width:1248px;margin-left: calc(-4% \/ 2 );margin-right: calc(-4% \/ 2 );\"><div class=\"fusion-layout-column fusion_builder_column fusion-builder-column-17 fusion_builder_column_1_1 1_1 fusion-flex-column\" style=\"--awb-bg-size:cover;--awb-width-large:100%;--awb-margin-top-large:0px;--awb-spacing-right-large:1.92%;--awb-margin-bottom-large:20px;--awb-spacing-left-large:1.92%;--awb-width-medium:100%;--awb-order-medium:0;--awb-spacing-right-medium:1.92%;--awb-spacing-left-medium:1.92%;--awb-width-small:100%;--awb-order-small:0;--awb-spacing-right-small:1.92%;--awb-spacing-left-small:1.92%;\"><div class=\"fusion-column-wrapper fusion-column-has-shadow fusion-flex-justify-content-flex-start fusion-content-layout-column\"><div class=\"fusion-image-element\" style=\"--awb-caption-title-font-family:var(--h2_typography-font-family);--awb-caption-title-font-weight:var(--h2_typography-font-weight);--awb-caption-title-font-style:var(--h2_typography-font-style);--awb-caption-title-size:var(--h2_typography-font-size);--awb-caption-title-transform:var(--h2_typography-text-transform);--awb-caption-title-line-height:var(--h2_typography-line-height);--awb-caption-title-letter-spacing:var(--h2_typography-letter-spacing);\"><span class=\"fusion-imageframe imageframe-none imageframe-11 hover-type-none\" style=\"border-radius:12px;\"><img decoding=\"async\" width=\"1024\" height=\"473\" alt=\"Duurzaam appartement Palermo\" src=\"https:\/\/palazzovetrano.it\/wp-content\/uploads\/2024\/03\/1097c7e9-250c-4d3c-866f-7861023621cf.jpeg\" data-orig-src=\"https:\/\/palazzovetrano.it\/wp-content\/uploads\/2024\/03\/1097c7e9-250c-4d3c-866f-7861023621cf-1024x473.jpeg\" class=\"lazyload img-responsive wp-image-1668\" srcset=\"data:image\/svg+xml,%3Csvg%20xmlns%3D%27http%3A%2F%2Fwww.w3.org%2F2000%2Fsvg%27%20width%3D%271599%27%20height%3D%27738%27%20viewBox%3D%270%200%201599%20738%27%3E%3Crect%20width%3D%271599%27%20height%3D%27738%27%20fill-opacity%3D%220%22%2F%3E%3C%2Fsvg%3E\" data-srcset=\"https:\/\/palazzovetrano.it\/wp-content\/uploads\/2024\/03\/1097c7e9-250c-4d3c-866f-7861023621cf-200x92.jpeg 200w, https:\/\/palazzovetrano.it\/wp-content\/uploads\/2024\/03\/1097c7e9-250c-4d3c-866f-7861023621cf-400x185.jpeg 400w, https:\/\/palazzovetrano.it\/wp-content\/uploads\/2024\/03\/1097c7e9-250c-4d3c-866f-7861023621cf-600x277.jpeg 600w, https:\/\/palazzovetrano.it\/wp-content\/uploads\/2024\/03\/1097c7e9-250c-4d3c-866f-7861023621cf-800x369.jpeg 800w, https:\/\/palazzovetrano.it\/wp-content\/uploads\/2024\/03\/1097c7e9-250c-4d3c-866f-7861023621cf-1200x554.jpeg 1200w, https:\/\/palazzovetrano.it\/wp-content\/uploads\/2024\/03\/1097c7e9-250c-4d3c-866f-7861023621cf.jpeg 1599w\" data-sizes=\"auto\" data-orig-sizes=\"(max-width: 800px) 100vw, 1200px\" \/><\/span><\/div><\/div><\/div><\/div><\/div><div class=\"fusion-fullwidth fullwidth-box fusion-builder-row-14 fusion-flex-container nonhundred-percent-fullwidth non-hundred-percent-height-scrolling\" style=\"--awb-border-radius-top-left:0px;--awb-border-radius-top-right:0px;--awb-border-radius-bottom-right:0px;--awb-border-radius-bottom-left:0px;--awb-flex-wrap:wrap;\" ><div class=\"fusion-builder-row fusion-row fusion-flex-align-items-flex-start fusion-flex-content-wrap\" style=\"max-width:1248px;margin-left: calc(-4% \/ 2 );margin-right: calc(-4% \/ 2 );\"><div class=\"fusion-layout-column fusion_builder_column fusion-builder-column-18 fusion_builder_column_1_1 1_1 fusion-flex-column\" style=\"--awb-bg-blend:overlay;--awb-bg-size:cover;--awb-width-large:100%;--awb-margin-top-large:0px;--awb-spacing-right-large:1.92%;--awb-margin-bottom-large:0px;--awb-spacing-left-large:1.92%;--awb-width-medium:100%;--awb-spacing-right-medium:1.92%;--awb-spacing-left-medium:1.92%;--awb-width-small:100%;--awb-spacing-right-small:1.92%;--awb-spacing-left-small:1.92%;\"><div class=\"fusion-column-wrapper fusion-flex-justify-content-flex-start fusion-content-layout-column\"><div class=\"fusion-text fusion-text-9\"><\/p>\n<div class=\"et_pb_row et_pb_row_0\">\n<div class=\"et_pb_column et_pb_column_4_4 et_pb_column_0  et_pb_css_mix_blend_mode_passthrough et-last-child\">\n<div class=\"et_pb_module et_pb_text et_pb_text_0  et_pb_text_align_left et_pb_bg_layout_light\">\n<div class=\"et_pb_text_inner\">\n<p><span style=\"color: var(--h3_typography-color); font-family: var(--h3_typography-font-family); font-size: var(--h3_typography-font-size); font-style: var(--h3_typography-font-style,normal); font-weight: var(--h3_typography-font-weight); letter-spacing: var(--h3_typography-letter-spacing); text-transform: var(--h3_typography-text-transform); text-align: var(--awb-content-alignment); background-color: var(--awb-bg-color);\">CleanUp<\/span><\/p>\n<\/div>\n<\/div>\n<\/div>\n<\/div>\n<div class=\"et_pb_row et_pb_row_9\">\n<div class=\"et_pb_column et_pb_column_4_4 et_pb_column_13  et_pb_css_mix_blend_mode_passthrough et-last-child\">\n<div class=\"et_pb_module et_pb_text et_pb_text_5  et_pb_text_align_left et_pb_bg_layout_light\">\n<div class=\"et_pb_text_inner\">\n<p>Hier delen we informatie over onze persoonlijke inzet tijdens het reizen, omdat het probleem van plastic afval vandaag de dag een alomtegenwoordige uitdaging is. De vervuiling van oceanen en stranden is een wijdverspreid probleem, waarbij afval van land via waterwegen en afvoerkanalen in zee terechtkomt. Het is belangrijk om te beseffen dat elke actie gevolgen heeft en dat elk stukje afval dat wordt achtergelaten het milieu schaadt. Volg ons voorbeeld en zorg ervoor dat je altijd meer afval meeneemt dan je meebrengt.<\/p>\n<blockquote>\n<p>\"Het is makkelijk om groot te praten, maar het belangrijkste is of je de rommel opruimt of niet.\" - <span style=\"color: var(--awb-text-color); font-family: var(--awb-text-font-family); font-size: var(--awb-font-size); font-style: var(--awb-text-font-style); font-weight: var(--awb-text-font-weight); letter-spacing: var(--awb-letter-spacing); text-align: var(--awb-content-alignment); text-transform: var(--awb-text-transform); background-color: var(--awb-bg-color-hover);\">Haruki Murakami, Noors bos<\/span><\/p>\n<\/blockquote>\n<h3 class=\"fusion-responsive-typography-calculated\" style=\"--fontsize: 28; line-height: 1.3;\" data-fontsize=\"28\" data-lineheight=\"36.4px\"><span class=\"ez-toc-section\" id=\"Fazit\"><\/span><span id=\"Fazit\" class=\"ez-toc-section\"><\/span>Conclusie:<span class=\"ez-toc-section-end\"><\/span><\/h3>\n<p>Duurzaamheid als basis voor een leefbare toekomst<\/p>\n<p>We zijn niet perfect. Maar het zijn de kleine stapjes die tellen. Daarom leveren we graag samen met jou onze bijdrage. Het is aan ieder van ons om duurzaam gedrag tot de basis van ons leven te maken en zo een bijdrage te leveren aan een leefbare toekomst. Laten we het samen doen. Bedankt!<\/p>\n<\/div>\n<\/div>\n<\/div>\n<\/div>\n<div class=\"et_pb_row et_pb_row_10\">\n<div class=\"et_pb_column et_pb_column_4_4 et_pb_column_14  et_pb_css_mix_blend_mode_passthrough et-last-child\">\n<div class=\"et_pb_module et_pb_text et_pb_text_6  et_pb_text_align_left et_pb_bg_layout_light\">\n<div class=\"et_pb_text_inner\">\n<blockquote>\n<p>Duurzaamheid gaat over volharding, niet over perfectie.<\/p>\n<\/blockquote>\n<\/div>\n<\/div>\n<\/div>\n<\/div>\n<div class=\"et_pb_row et_pb_row_11\">\n<div class=\"et_pb_column et_pb_column_1_2 et_pb_column_16  et_pb_css_mix_blend_mode_passthrough et-last-child\">\u00a0<\/div>\n<\/div>\n<\/div><\/div><\/div><\/div><\/div><div class=\"fusion-fullwidth fullwidth-box fusion-builder-row-15 fusion-flex-container has-pattern-background has-mask-background nonhundred-percent-fullwidth non-hundred-percent-height-scrolling\" style=\"--awb-border-radius-top-left:0px;--awb-border-radius-top-right:0px;--awb-border-radius-bottom-right:0px;--awb-border-radius-bottom-left:0px;--awb-flex-wrap:wrap;\" ><div class=\"fusion-builder-row fusion-row fusion-flex-align-items-flex-start fusion-flex-content-wrap\" style=\"max-width:1248px;margin-left: calc(-4% \/ 2 );margin-right: calc(-4% \/ 2 );\"><div class=\"fusion-layout-column fusion_builder_column fusion-builder-column-19 fusion_builder_column_1_2 1_2 fusion-flex-column\" style=\"--awb-bg-size:cover;--awb-width-large:50%;--awb-margin-top-large:0px;--awb-spacing-right-large:3.84%;--awb-margin-bottom-large:20px;--awb-spacing-left-large:3.84%;--awb-width-medium:50%;--awb-order-medium:0;--awb-spacing-right-medium:3.84%;--awb-spacing-left-medium:3.84%;--awb-width-small:100%;--awb-order-small:0;--awb-spacing-right-small:1.92%;--awb-spacing-left-small:1.92%;\"><div class=\"fusion-column-wrapper fusion-column-has-shadow fusion-flex-justify-content-flex-start fusion-content-layout-column\"><div class=\"fusion-image-element\" style=\"--awb-caption-title-font-family:var(--h2_typography-font-family);--awb-caption-title-font-weight:var(--h2_typography-font-weight);--awb-caption-title-font-style:var(--h2_typography-font-style);--awb-caption-title-size:var(--h2_typography-font-size);--awb-caption-title-transform:var(--h2_typography-text-transform);--awb-caption-title-line-height:var(--h2_typography-line-height);--awb-caption-title-letter-spacing:var(--h2_typography-letter-spacing);\"><span class=\"fusion-imageframe imageframe-none imageframe-12 hover-type-none\" style=\"border-radius:12px;\"><img decoding=\"async\" width=\"980\" height=\"551\" alt=\"Duurzaamheid in de particuliere sector, Casa Pieve\" title=\"Palermo duurzaamheid, duurzaam reizen, duurzame vakantie appartement Palermo oude stad, Palermo sostenibilit\u00e0, viaggio sostenibile, vacanza sostenibile appartamento Palermo centro storico, eco BnB\" src=\"https:\/\/palazzovetrano.it\/wp-content\/uploads\/2024\/03\/00005Palermo-Nachhaltigkeit-Nachhaltig-Reisen-nachhaltige-Ferienwohnung-Palermo-Altstadt-Palermo-sostenibilita-viaggio-sostenibile-vacanza-sostenibile-appartamento-Palermo-centro-storico-eco-BnB.jpg\" data-orig-src=\"https:\/\/palazzovetrano.it\/wp-content\/uploads\/2024\/03\/00005Palermo-Nachhaltigkeit-Nachhaltig-Reisen-nachhaltige-Ferienwohnung-Palermo-Altstadt-Palermo-sostenibilita-viaggio-sostenibile-vacanza-sostenibile-appartamento-Palermo-centro-storico-eco-BnB.jpg\" class=\"lazyload img-responsive wp-image-1600\" srcset=\"data:image\/svg+xml,%3Csvg%20xmlns%3D%27http%3A%2F%2Fwww.w3.org%2F2000%2Fsvg%27%20width%3D%27980%27%20height%3D%27551%27%20viewBox%3D%270%200%20980%20551%27%3E%3Crect%20width%3D%27980%27%20height%3D%27551%27%20fill-opacity%3D%220%22%2F%3E%3C%2Fsvg%3E\" data-srcset=\"https:\/\/palazzovetrano.it\/wp-content\/uploads\/2024\/03\/00005Palermo-Nachhaltigkeit-Nachhaltig-Reisen-nachhaltige-Ferienwohnung-Palermo-Altstadt-Palermo-sostenibilita-viaggio-sostenibile-vacanza-sostenibile-appartamento-Palermo-centro-storico-eco-BnB-200x112.jpg 200w, https:\/\/palazzovetrano.it\/wp-content\/uploads\/2024\/03\/00005Palermo-Nachhaltigkeit-Nachhaltig-Reisen-nachhaltige-Ferienwohnung-Palermo-Altstadt-Palermo-sostenibilita-viaggio-sostenibile-vacanza-sostenibile-appartamento-Palermo-centro-storico-eco-BnB-400x225.jpg 400w, https:\/\/palazzovetrano.it\/wp-content\/uploads\/2024\/03\/00005Palermo-Nachhaltigkeit-Nachhaltig-Reisen-nachhaltige-Ferienwohnung-Palermo-Altstadt-Palermo-sostenibilita-viaggio-sostenibile-vacanza-sostenibile-appartamento-Palermo-centro-storico-eco-BnB-600x337.jpg 600w, https:\/\/palazzovetrano.it\/wp-content\/uploads\/2024\/03\/00005Palermo-Nachhaltigkeit-Nachhaltig-Reisen-nachhaltige-Ferienwohnung-Palermo-Altstadt-Palermo-sostenibilita-viaggio-sostenibile-vacanza-sostenibile-appartamento-Palermo-centro-storico-eco-BnB-800x450.jpg 800w, https:\/\/palazzovetrano.it\/wp-content\/uploads\/2024\/03\/00005Palermo-Nachhaltigkeit-Nachhaltig-Reisen-nachhaltige-Ferienwohnung-Palermo-Altstadt-Palermo-sostenibilita-viaggio-sostenibile-vacanza-sostenibile-appartamento-Palermo-centro-storico-eco-BnB.jpg 980w\" data-sizes=\"auto\" data-orig-sizes=\"(max-width: 800px) 100vw, 600px\" \/><\/span><\/div><\/div><\/div><div class=\"fusion-layout-column fusion_builder_column fusion-builder-column-20 fusion_builder_column_1_2 1_2 fusion-flex-column\" style=\"--awb-bg-size:cover;--awb-width-large:50%;--awb-margin-top-large:0px;--awb-spacing-right-large:3.84%;--awb-margin-bottom-large:20px;--awb-spacing-left-large:3.84%;--awb-width-medium:50%;--awb-order-medium:0;--awb-spacing-right-medium:3.84%;--awb-spacing-left-medium:3.84%;--awb-width-small:100%;--awb-order-small:0;--awb-spacing-right-small:1.92%;--awb-spacing-left-small:1.92%;\"><div class=\"fusion-column-wrapper fusion-column-has-shadow fusion-flex-justify-content-flex-start fusion-content-layout-column\"><div class=\"fusion-image-element\" style=\"--awb-caption-title-font-family:var(--h2_typography-font-family);--awb-caption-title-font-weight:var(--h2_typography-font-weight);--awb-caption-title-font-style:var(--h2_typography-font-style);--awb-caption-title-size:var(--h2_typography-font-size);--awb-caption-title-transform:var(--h2_typography-text-transform);--awb-caption-title-line-height:var(--h2_typography-line-height);--awb-caption-title-letter-spacing:var(--h2_typography-letter-spacing);\"><span class=\"fusion-imageframe imageframe-none imageframe-13 hover-type-none\" style=\"border-radius:12px;\"><img decoding=\"async\" width=\"980\" height=\"551\" alt=\"Duurzaamheid wordt beloond.\" title=\"Palermo duurzaamheid, duurzaam reizen, duurzame vakantie appartement Palermo oude stad, Palermo sostenibilit\u00e0, viaggio sostenibile, vacanza sostenibile appartamento Palermo centro storico, eco BnB\" src=\"https:\/\/palazzovetrano.it\/wp-content\/uploads\/2024\/03\/00004Palermo-Nachhaltigkeit-Nachhaltig-Reisen-nachhaltige-Ferienwohnung-Palermo-Altstadt-Palermo-sostenibilita-viaggio-sostenibile-vacanza-sostenibile-appartamento-Palermo-centro-storico-eco-BnB.jpg\" data-orig-src=\"https:\/\/palazzovetrano.it\/wp-content\/uploads\/2024\/03\/00004Palermo-Nachhaltigkeit-Nachhaltig-Reisen-nachhaltige-Ferienwohnung-Palermo-Altstadt-Palermo-sostenibilita-viaggio-sostenibile-vacanza-sostenibile-appartamento-Palermo-centro-storico-eco-BnB.jpg\" class=\"lazyload img-responsive wp-image-1599\" srcset=\"data:image\/svg+xml,%3Csvg%20xmlns%3D%27http%3A%2F%2Fwww.w3.org%2F2000%2Fsvg%27%20width%3D%27980%27%20height%3D%27551%27%20viewBox%3D%270%200%20980%20551%27%3E%3Crect%20width%3D%27980%27%20height%3D%27551%27%20fill-opacity%3D%220%22%2F%3E%3C%2Fsvg%3E\" data-srcset=\"https:\/\/palazzovetrano.it\/wp-content\/uploads\/2024\/03\/00004Palermo-Nachhaltigkeit-Nachhaltig-Reisen-nachhaltige-Ferienwohnung-Palermo-Altstadt-Palermo-sostenibilita-viaggio-sostenibile-vacanza-sostenibile-appartamento-Palermo-centro-storico-eco-BnB-200x112.jpg 200w, https:\/\/palazzovetrano.it\/wp-content\/uploads\/2024\/03\/00004Palermo-Nachhaltigkeit-Nachhaltig-Reisen-nachhaltige-Ferienwohnung-Palermo-Altstadt-Palermo-sostenibilita-viaggio-sostenibile-vacanza-sostenibile-appartamento-Palermo-centro-storico-eco-BnB-400x225.jpg 400w, https:\/\/palazzovetrano.it\/wp-content\/uploads\/2024\/03\/00004Palermo-Nachhaltigkeit-Nachhaltig-Reisen-nachhaltige-Ferienwohnung-Palermo-Altstadt-Palermo-sostenibilita-viaggio-sostenibile-vacanza-sostenibile-appartamento-Palermo-centro-storico-eco-BnB-600x337.jpg 600w, https:\/\/palazzovetrano.it\/wp-content\/uploads\/2024\/03\/00004Palermo-Nachhaltigkeit-Nachhaltig-Reisen-nachhaltige-Ferienwohnung-Palermo-Altstadt-Palermo-sostenibilita-viaggio-sostenibile-vacanza-sostenibile-appartamento-Palermo-centro-storico-eco-BnB-800x450.jpg 800w, https:\/\/palazzovetrano.it\/wp-content\/uploads\/2024\/03\/00004Palermo-Nachhaltigkeit-Nachhaltig-Reisen-nachhaltige-Ferienwohnung-Palermo-Altstadt-Palermo-sostenibilita-viaggio-sostenibile-vacanza-sostenibile-appartamento-Palermo-centro-storico-eco-BnB.jpg 980w\" data-sizes=\"auto\" data-orig-sizes=\"(max-width: 800px) 100vw, 600px\" \/><\/span><\/div><\/div><\/div><\/div><\/div><div class=\"fusion-fullwidth fullwidth-box fusion-builder-row-16 fusion-flex-container has-pattern-background has-mask-background nonhundred-percent-fullwidth non-hundred-percent-height-scrolling\" style=\"--awb-border-radius-top-left:0px;--awb-border-radius-top-right:0px;--awb-border-radius-bottom-right:0px;--awb-border-radius-bottom-left:0px;--awb-flex-wrap:wrap;\" ><div class=\"fusion-builder-row fusion-row fusion-flex-align-items-flex-start fusion-flex-content-wrap\" style=\"max-width:1248px;margin-left: calc(-4% \/ 2 );margin-right: calc(-4% \/ 2 );\"><div class=\"fusion-layout-column fusion_builder_column fusion-builder-column-21 fusion_builder_column_1_1 1_1 fusion-flex-column\" style=\"--awb-bg-size:cover;--awb-width-large:100%;--awb-margin-top-large:0px;--awb-spacing-right-large:1.92%;--awb-margin-bottom-large:20px;--awb-spacing-left-large:1.92%;--awb-width-medium:100%;--awb-order-medium:0;--awb-spacing-right-medium:1.92%;--awb-spacing-left-medium:1.92%;--awb-width-small:100%;--awb-order-small:0;--awb-spacing-right-small:1.92%;--awb-spacing-left-small:1.92%;\"><div class=\"fusion-column-wrapper fusion-column-has-shadow fusion-flex-justify-content-flex-start fusion-content-layout-column\"><div class=\"fusion-text fusion-text-10\"><blockquote>\n<p>\"Plannen om de lucht en het water, de wildernis en de natuur te beschermen, zijn ook plannen om mensen te beschermen.\" - Stewart Udall<\/p>\n<\/blockquote>\n<\/div><div class=\"fusion-text fusion-text-11\"><h2><span class=\"ez-toc-section\" id=\"Entdecke_Palermo_und_Sizilien_auf_spannende_Weise\"><\/span>Ontdek Palermo en Sicili\u00eb op een spannende manier!<span class=\"ez-toc-section-end\"><\/span><\/h2>\n<p>Ervaar de pulserende <strong>Palermo nachtleven<\/strong> en laat je inspireren door de diversiteit en verhalen van de stad. ? <a href=\"https:\/\/palazzovetrano.it\/nl\/binnenkort\/\" rel=\"noopener\">Palermo bij nacht<\/a>.<br \/>Verlang je naar de zon en wil je ontsnappen aan het sombere weer? <strong>Overwinteren in het zuiden<\/strong> en geniet van de warme temperaturen van Sicili\u00eb. \u2600\ufe0f <a href=\"https:\/\/palazzovetrano.it\/nl\/binnenkort\/\" rel=\"noopener\">Meer informatie<\/a>.<\/p>\n<p>Onze <strong>Palazzo Vetrano<\/strong> is er trots op LGBTQIA+ vriendelijk te zijn - een plek die diversiteit en inclusie viert. ?\ufe0f\u200d? <a href=\"https:\/\/palazzovetrano.it\/nl\/lgbtqia-welkom-mens\/\" rel=\"noopener\">Lees hier meer<\/a>.<br \/>Maak een <strong>360\u00b0 tour<\/strong> door Palazzo Vetrano en ontdek de charmante sfeer van onze accommodatie. ? <a href=\"https:\/\/wolowo.de\/7603303\" rel=\"noopener\" target=\"_blank\">Nu verkennen<\/a>.<br \/>Gebruik de <strong>digitale stadskaart<\/strong> van Palermo om alle bezienswaardigheden in \u00e9\u00e9n oogopslag te zien. ?\ufe0f <a href=\"https:\/\/www.google.com\/maps\/d\/viewer?mid=1gqUtEjQZ1As15WmGma1B5SPht9OYs1c&amp;ll=38.11275899228089%2C13.361124234401087&amp;z=18\" rel=\"noopener\" target=\"_blank\">Stadsplattegrond bekijken<\/a>.<\/p>\n<p>Bekijk onze <strong>planBwagen reisblog<\/strong> voor handige tips voor je reis naar Sicili\u00eb. ? <a href=\"https:\/\/www.planbwagen.de\/sizilien\/\" rel=\"noopener\" target=\"_blank\">Naar de blog<\/a><br \/>Duik in onze <strong>YouTube-afspeellijst<\/strong> visueel in de schoonheid van Sicili\u00eb. ? <a href=\"https:\/\/www.youtube.com\/playlist?list=PLniDamWTf1-WUaFF85DujHIAN38M9zJON\" rel=\"noopener\" target=\"_blank\">Naar de afspeellijst<\/a><\/p>\n<\/div><\/div><\/div><\/div><\/div><\/p>","protected":false},"excerpt":{"rendered":"","protected":false},"author":1,"featured_media":1653,"comment_status":"open","ping_status":"open","sticky":false,"template":"","format":"standard","meta":{"inline_featured_image":false,"footnotes":""},"categories":[17],"tags":[],"class_list":["post-1","post","type-post","status-publish","format-standard","has-post-thumbnail","hentry","category-nachhaltigkeit"],"_links":{"self":[{"href":"https:\/\/palazzovetrano.it\/nl\/wp-json\/wp\/v2\/posts\/1","targetHints":{"allow":["GET"]}}],"collection":[{"href":"https:\/\/palazzovetrano.it\/nl\/wp-json\/wp\/v2\/posts"}],"about":[{"href":"https:\/\/palazzovetrano.it\/nl\/wp-json\/wp\/v2\/types\/post"}],"author":[{"embeddable":true,"href":"https:\/\/palazzovetrano.it\/nl\/wp-json\/wp\/v2\/users\/1"}],"replies":[{"embeddable":true,"href":"https:\/\/palazzovetrano.it\/nl\/wp-json\/wp\/v2\/comments?post=1"}],"version-history":[{"count":52,"href":"https:\/\/palazzovetrano.it\/nl\/wp-json\/wp\/v2\/posts\/1\/revisions"}],"predecessor-version":[{"id":1903,"href":"https:\/\/palazzovetrano.it\/nl\/wp-json\/wp\/v2\/posts\/1\/revisions\/1903"}],"wp:featuredmedia":[{"embeddable":true,"href":"https:\/\/palazzovetrano.it\/nl\/wp-json\/wp\/v2\/media\/1653"}],"wp:attachment":[{"href":"https:\/\/palazzovetrano.it\/nl\/wp-json\/wp\/v2\/media?parent=1"}],"wp:term":[{"taxonomy":"category","embeddable":true,"href":"https:\/\/palazzovetrano.it\/nl\/wp-json\/wp\/v2\/categories?post=1"},{"taxonomy":"post_tag","embeddable":true,"href":"https:\/\/palazzovetrano.it\/nl\/wp-json\/wp\/v2\/tags?post=1"}],"curies":[{"name":"wp","href":"https:\/\/api.w.org\/{rel}","templated":true}]}}