{"id":1,"date":"2023-06-19T13:43:33","date_gmt":"2023-06-19T13:43:33","guid":{"rendered":"https:\/\/palazzovetrano.it\/?p=1"},"modified":"2024-10-18T20:21:23","modified_gmt":"2024-10-18T20:21:23","slug":"nachhaltig-reisen-nachhaltige-ferienwohnung-in-palermo-altstadt","status":"publish","type":"post","link":"https:\/\/palazzovetrano.it\/it\/prossimamente\/","title":{"rendered":"Viaggiare sostenibile - Appartamento sostenibile nel centro storico di Palermo"},"content":{"rendered":"<p><div class=\"fusion-fullwidth fullwidth-box fusion-builder-row-1 fusion-flex-container nonhundred-percent-fullwidth non-hundred-percent-height-scrolling\" style=\"--awb-border-radius-top-left:0px;--awb-border-radius-top-right:0px;--awb-border-radius-bottom-right:0px;--awb-border-radius-bottom-left:0px;--awb-flex-wrap:wrap;\" ><div class=\"fusion-builder-row fusion-row fusion-flex-align-items-flex-start fusion-flex-content-wrap\" style=\"max-width:1248px;margin-left: calc(-4% \/ 2 );margin-right: calc(-4% \/ 2 );\"><div class=\"fusion-layout-column fusion_builder_column fusion-builder-column-0 fusion_builder_column_1_1 1_1 fusion-flex-column\" style=\"--awb-bg-blend:overlay;--awb-bg-size:cover;--awb-width-large:100%;--awb-margin-top-large:0px;--awb-spacing-right-large:1.92%;--awb-margin-bottom-large:0px;--awb-spacing-left-large:1.92%;--awb-width-medium:100%;--awb-spacing-right-medium:1.92%;--awb-spacing-left-medium:1.92%;--awb-width-small:100%;--awb-spacing-right-small:1.92%;--awb-spacing-left-small:1.92%;\"><div class=\"fusion-column-wrapper fusion-flex-justify-content-flex-start fusion-content-layout-column\"><div class=\"fusion-text fusion-text-1\"><\/p>\n<div class=\"et_pb_row et_pb_row_0\">\n<div class=\"et_pb_column et_pb_column_4_4 et_pb_column_0  et_pb_css_mix_blend_mode_passthrough et-last-child\">\n<div class=\"et_pb_module et_pb_text et_pb_text_0  et_pb_text_align_left et_pb_bg_layout_light\">\n<div class=\"et_pb_text_inner\">\n<p>Volete anche voi ridurre al minimo la vostra impronta ecologica quando viaggiate? Come possiamo aiutarvi?<\/p>\n<p>La consideriamo una nostra iniziativa congiunta per ridurre l'impatto ambientale, proteggere le risorse naturali e promuovere un comportamento socialmente responsabile, senza fare prediche. Ci asteniamo deliberatamente dal puntare il dito.<\/p>\n<p>Tuttavia, integrare le preoccupazioni ecologiche, economiche e sociali in una casa vacanze non \u00e8 facile. La Sicilia, e Palermo in particolare, non sono pionieri nel pensare e agire in modo sostenibile.<\/p>\n<p>Evitare la plastica e separare i rifiuti sembrano parole sconosciute qui. Tuttavia, ci sono sviluppi positivi, come le prime fermate degli autobus dotate di stazioni di ricarica. L'Italia, e la Sicilia in particolare, \u00e8 considerata un pioniere nel mercato dello stoccaggio insieme alla Germania per quanto riguarda le energie rinnovabili.<\/p>\n<p>C'\u00e8 molto da fare e non ci faremo scoraggiare dal dare il nostro modesto contributo. La parola \"modesto\" \u00e8 stata scelta di proposito, perch\u00e9 ci vediamo ancora all'inizio. Ci impegniamo a farlo nei limiti delle nostre possibilit\u00e0, fedeli al motto:<\/p>\n<\/div>\n<\/div>\n<\/div>\n<\/div>\n<div class=\"et_pb_row et_pb_row_1\">\n<div class=\"et_pb_column et_pb_column_4_4 et_pb_column_1  et_pb_css_mix_blend_mode_passthrough et-last-child\">\n<div class=\"et_pb_module et_pb_text et_pb_text_1  et_pb_text_align_left et_pb_bg_layout_light\">\n<div class=\"et_pb_text_inner\">\n<blockquote>\n<p><strong><em>\"Quello che facciamo oggi determina l'aspetto del mondo di domani\".<br \/><\/em><\/strong><strong><em>- Marie Baronessa Ebner von Eschenbach<\/em><\/strong><\/p>\n<\/blockquote>\n<\/div>\n<\/div>\n<\/div>\n<\/div>\n<div class=\"et_pb_row et_pb_row_2\">\n<div class=\"et_pb_column et_pb_column_1_2 et_pb_column_2  et_pb_css_mix_blend_mode_passthrough\">\n<div class=\"et_pb_module et_pb_image et_pb_image_0\">\u00a0<\/div>\n<\/div>\n<\/div>\n<div class=\"et_pb_row et_pb_row_11\">\n<div class=\"et_pb_column et_pb_column_1_2 et_pb_column_16  et_pb_css_mix_blend_mode_passthrough et-last-child\">\u00a0<\/div>\n<\/div>\n<\/div><\/div><\/div><\/div><\/div><div class=\"fusion-fullwidth fullwidth-box fusion-builder-row-2 fusion-flex-container has-pattern-background has-mask-background nonhundred-percent-fullwidth non-hundred-percent-height-scrolling\" style=\"--awb-border-radius-top-left:0px;--awb-border-radius-top-right:0px;--awb-border-radius-bottom-right:0px;--awb-border-radius-bottom-left:0px;--awb-flex-wrap:wrap;\" ><div class=\"fusion-builder-row fusion-row fusion-flex-align-items-flex-start fusion-flex-content-wrap\" style=\"max-width:1248px;margin-left: calc(-4% \/ 2 );margin-right: calc(-4% \/ 2 );\"><div class=\"fusion-layout-column fusion_builder_column fusion-builder-column-1 fusion_builder_column_1_2 1_2 fusion-flex-column\" style=\"--awb-bg-size:cover;--awb-width-large:50%;--awb-margin-top-large:0px;--awb-spacing-right-large:3.84%;--awb-margin-bottom-large:20px;--awb-spacing-left-large:3.84%;--awb-width-medium:50%;--awb-order-medium:0;--awb-spacing-right-medium:3.84%;--awb-spacing-left-medium:3.84%;--awb-width-small:100%;--awb-order-small:0;--awb-spacing-right-small:1.92%;--awb-spacing-left-small:1.92%;\"><div class=\"fusion-column-wrapper fusion-column-has-shadow fusion-flex-justify-content-flex-start fusion-content-layout-column\"><div class=\"fusion-image-element\" style=\"--awb-caption-title-font-family:var(--h2_typography-font-family);--awb-caption-title-font-weight:var(--h2_typography-font-weight);--awb-caption-title-font-style:var(--h2_typography-font-style);--awb-caption-title-size:var(--h2_typography-font-size);--awb-caption-title-transform:var(--h2_typography-text-transform);--awb-caption-title-line-height:var(--h2_typography-line-height);--awb-caption-title-letter-spacing:var(--h2_typography-letter-spacing);\"><span class=\"fusion-imageframe imageframe-none imageframe-1 hover-type-none\" style=\"border-radius:12px;\"><img decoding=\"async\" width=\"1024\" height=\"682\" alt=\"Palazzo Vetrano: appartamento vacanze sostenibile Palermo, ecco l&#039;impianto solare, fotovoltaico con accumulo di energia elettrica\" title=\"Palermo sostenibilit\u00e0, viaggio sostenibile, vacanza sostenibile appartamento Palermo centro storico, Palermo sostenibilit\u00e0, viaggio sostenibile, vacanza sostenibile appartamento Palermo centro storico, eco BnB\" src=\"https:\/\/palazzovetrano.it\/wp-content\/uploads\/2024\/03\/00003Palermo-Nachhaltigkeit-Nachhaltig-Reisen-nachhaltige-Ferienwohnung-Palermo-Altstadt-Palermo-sostenibilita-viaggio-sostenibile-vacanza-sostenibile-appartamento-Palermo-centro-storico-eco-BnB.jpg\" data-orig-src=\"https:\/\/palazzovetrano.it\/wp-content\/uploads\/2024\/03\/00003Palermo-Nachhaltigkeit-Nachhaltig-Reisen-nachhaltige-Ferienwohnung-Palermo-Altstadt-Palermo-sostenibilita-viaggio-sostenibile-vacanza-sostenibile-appartamento-Palermo-centro-storico-eco-BnB.jpg\" class=\"lazyload img-responsive wp-image-1598\" srcset=\"data:image\/svg+xml,%3Csvg%20xmlns%3D%27http%3A%2F%2Fwww.w3.org%2F2000%2Fsvg%27%20width%3D%271024%27%20height%3D%27682%27%20viewBox%3D%270%200%201024%20682%27%3E%3Crect%20width%3D%271024%27%20height%3D%27682%27%20fill-opacity%3D%220%22%2F%3E%3C%2Fsvg%3E\" data-srcset=\"https:\/\/palazzovetrano.it\/wp-content\/uploads\/2024\/03\/00003Palermo-Nachhaltigkeit-Nachhaltig-Reisen-nachhaltige-Ferienwohnung-Palermo-Altstadt-Palermo-sostenibilita-viaggio-sostenibile-vacanza-sostenibile-appartamento-Palermo-centro-storico-eco-BnB-200x133.jpg 200w, https:\/\/palazzovetrano.it\/wp-content\/uploads\/2024\/03\/00003Palermo-Nachhaltigkeit-Nachhaltig-Reisen-nachhaltige-Ferienwohnung-Palermo-Altstadt-Palermo-sostenibilita-viaggio-sostenibile-vacanza-sostenibile-appartamento-Palermo-centro-storico-eco-BnB-400x266.jpg 400w, https:\/\/palazzovetrano.it\/wp-content\/uploads\/2024\/03\/00003Palermo-Nachhaltigkeit-Nachhaltig-Reisen-nachhaltige-Ferienwohnung-Palermo-Altstadt-Palermo-sostenibilita-viaggio-sostenibile-vacanza-sostenibile-appartamento-Palermo-centro-storico-eco-BnB-600x400.jpg 600w, https:\/\/palazzovetrano.it\/wp-content\/uploads\/2024\/03\/00003Palermo-Nachhaltigkeit-Nachhaltig-Reisen-nachhaltige-Ferienwohnung-Palermo-Altstadt-Palermo-sostenibilita-viaggio-sostenibile-vacanza-sostenibile-appartamento-Palermo-centro-storico-eco-BnB-800x533.jpg 800w, https:\/\/palazzovetrano.it\/wp-content\/uploads\/2024\/03\/00003Palermo-Nachhaltigkeit-Nachhaltig-Reisen-nachhaltige-Ferienwohnung-Palermo-Altstadt-Palermo-sostenibilita-viaggio-sostenibile-vacanza-sostenibile-appartamento-Palermo-centro-storico-eco-BnB.jpg 1024w\" data-sizes=\"auto\" data-orig-sizes=\"(max-width: 800px) 100vw, 600px\" \/><\/span><\/div><\/div><\/div><div class=\"fusion-layout-column fusion_builder_column fusion-builder-column-2 fusion_builder_column_1_2 1_2 fusion-flex-column\" style=\"--awb-bg-size:cover;--awb-width-large:50%;--awb-margin-top-large:0px;--awb-spacing-right-large:3.84%;--awb-margin-bottom-large:20px;--awb-spacing-left-large:3.84%;--awb-width-medium:50%;--awb-order-medium:0;--awb-spacing-right-medium:3.84%;--awb-spacing-left-medium:3.84%;--awb-width-small:100%;--awb-order-small:0;--awb-spacing-right-small:1.92%;--awb-spacing-left-small:1.92%;\"><div class=\"fusion-column-wrapper fusion-column-has-shadow fusion-flex-justify-content-flex-start fusion-content-layout-column\"><div class=\"fusion-image-element\" style=\"--awb-caption-title-font-family:var(--h2_typography-font-family);--awb-caption-title-font-weight:var(--h2_typography-font-weight);--awb-caption-title-font-style:var(--h2_typography-font-style);--awb-caption-title-size:var(--h2_typography-font-size);--awb-caption-title-transform:var(--h2_typography-text-transform);--awb-caption-title-line-height:var(--h2_typography-line-height);--awb-caption-title-letter-spacing:var(--h2_typography-letter-spacing);\"><span class=\"fusion-imageframe imageframe-none imageframe-2 hover-type-none\" style=\"border-radius:12px;\"><img decoding=\"async\" width=\"1024\" height=\"683\" alt=\"Viaggi sostenibili, appartamento per vacanze sostenibili nel centro storico di Palermo, Palazzo Vetrano, impianto solare\" title=\"Palermo sostenibilit\u00e0, viaggio sostenibile, vacanza sostenibile appartamento Palermo centro storico, Palermo sostenibilit\u00e0, viaggio sostenibile, vacanza sostenibile appartamento Palermo centro storico, eco BnB\" src=\"https:\/\/palazzovetrano.it\/wp-content\/uploads\/2024\/03\/00006Palermo-Nachhaltigkeit-Nachhaltig-Reisen-nachhaltige-Ferienwohnung-Palermo-Altstadt-Palermo-sostenibilita-viaggio-sostenibile-vacanza-sostenibile-appartamento-Palermo-centro-storico-eco-BnB.jpg\" data-orig-src=\"https:\/\/palazzovetrano.it\/wp-content\/uploads\/2024\/03\/00006Palermo-Nachhaltigkeit-Nachhaltig-Reisen-nachhaltige-Ferienwohnung-Palermo-Altstadt-Palermo-sostenibilita-viaggio-sostenibile-vacanza-sostenibile-appartamento-Palermo-centro-storico-eco-BnB.jpg\" class=\"lazyload img-responsive wp-image-1601\" srcset=\"data:image\/svg+xml,%3Csvg%20xmlns%3D%27http%3A%2F%2Fwww.w3.org%2F2000%2Fsvg%27%20width%3D%271024%27%20height%3D%27683%27%20viewBox%3D%270%200%201024%20683%27%3E%3Crect%20width%3D%271024%27%20height%3D%27683%27%20fill-opacity%3D%220%22%2F%3E%3C%2Fsvg%3E\" data-srcset=\"https:\/\/palazzovetrano.it\/wp-content\/uploads\/2024\/03\/00006Palermo-Nachhaltigkeit-Nachhaltig-Reisen-nachhaltige-Ferienwohnung-Palermo-Altstadt-Palermo-sostenibilita-viaggio-sostenibile-vacanza-sostenibile-appartamento-Palermo-centro-storico-eco-BnB-200x133.jpg 200w, https:\/\/palazzovetrano.it\/wp-content\/uploads\/2024\/03\/00006Palermo-Nachhaltigkeit-Nachhaltig-Reisen-nachhaltige-Ferienwohnung-Palermo-Altstadt-Palermo-sostenibilita-viaggio-sostenibile-vacanza-sostenibile-appartamento-Palermo-centro-storico-eco-BnB-400x267.jpg 400w, https:\/\/palazzovetrano.it\/wp-content\/uploads\/2024\/03\/00006Palermo-Nachhaltigkeit-Nachhaltig-Reisen-nachhaltige-Ferienwohnung-Palermo-Altstadt-Palermo-sostenibilita-viaggio-sostenibile-vacanza-sostenibile-appartamento-Palermo-centro-storico-eco-BnB-600x400.jpg 600w, https:\/\/palazzovetrano.it\/wp-content\/uploads\/2024\/03\/00006Palermo-Nachhaltigkeit-Nachhaltig-Reisen-nachhaltige-Ferienwohnung-Palermo-Altstadt-Palermo-sostenibilita-viaggio-sostenibile-vacanza-sostenibile-appartamento-Palermo-centro-storico-eco-BnB-800x534.jpg 800w, https:\/\/palazzovetrano.it\/wp-content\/uploads\/2024\/03\/00006Palermo-Nachhaltigkeit-Nachhaltig-Reisen-nachhaltige-Ferienwohnung-Palermo-Altstadt-Palermo-sostenibilita-viaggio-sostenibile-vacanza-sostenibile-appartamento-Palermo-centro-storico-eco-BnB.jpg 1024w\" data-sizes=\"auto\" data-orig-sizes=\"(max-width: 800px) 100vw, 600px\" \/><\/span><\/div><\/div><\/div><\/div><\/div><div class=\"fusion-fullwidth fullwidth-box fusion-builder-row-3 fusion-flex-container nonhundred-percent-fullwidth non-hundred-percent-height-scrolling\" style=\"--awb-border-radius-top-left:0px;--awb-border-radius-top-right:0px;--awb-border-radius-bottom-right:0px;--awb-border-radius-bottom-left:0px;--awb-flex-wrap:wrap;\" ><div class=\"fusion-builder-row fusion-row fusion-flex-align-items-flex-start fusion-flex-content-wrap\" style=\"max-width:1248px;margin-left: calc(-4% \/ 2 );margin-right: calc(-4% \/ 2 );\"><div class=\"fusion-layout-column fusion_builder_column fusion-builder-column-3 fusion_builder_column_1_1 1_1 fusion-flex-column\" style=\"--awb-bg-blend:overlay;--awb-bg-size:cover;--awb-width-large:100%;--awb-margin-top-large:0px;--awb-spacing-right-large:1.92%;--awb-margin-bottom-large:0px;--awb-spacing-left-large:1.92%;--awb-width-medium:100%;--awb-spacing-right-medium:1.92%;--awb-spacing-left-medium:1.92%;--awb-width-small:100%;--awb-spacing-right-small:1.92%;--awb-spacing-left-small:1.92%;\"><div class=\"fusion-column-wrapper fusion-flex-justify-content-flex-start fusion-content-layout-column\"><div class=\"fusion-text fusion-text-2\"><\/p>\n<div class=\"et_pb_row et_pb_row_0\">\n<div class=\"et_pb_column et_pb_column_4_4 et_pb_column_0  et_pb_css_mix_blend_mode_passthrough et-last-child\">\n<div class=\"et_pb_module et_pb_text et_pb_text_0  et_pb_text_align_left et_pb_bg_layout_light\">\n<div class=\"et_pb_text_inner\">\u00a0<\/div>\n<\/div>\n<\/div>\n<\/div>\n<div class=\"et_pb_row et_pb_row_3\">\n<div class=\"et_pb_column et_pb_column_4_4 et_pb_column_4  et_pb_css_mix_blend_mode_passthrough et-last-child\">\n<div class=\"et_pb_module et_pb_text et_pb_text_2  et_pb_text_align_left et_pb_bg_layout_light\">\n<div class=\"et_pb_text_inner\">\n<p>Qual \u00e8 la nostra impronta ecologica? Che ne \u00e8 della nostra impronta ecologica?<\/p>\n<div id=\"ez-toc-container\" class=\"ez-toc-v2_0_11 counter-hierarchy counter-decimal ez-toc-grey\">\n<div class=\"ez-toc-title-container\">\n<p class=\"ez-toc-title\">Contenuti<\/p>\n<\/div>\n<nav>\n<ul class=\"ez-toc-list ez-toc-list-level-1\">\n<li class=\"ez-toc-page-1 ez-toc-heading-level-2\"><a class=\"ez-toc-link ez-toc-heading-1\" title=\"Ecco un catalogo delle nostre misure fino ad oggi:\" href=\"https:\/\/www.planbwagen.de\/ccc-camper-cleanup-campaign\/palazzo-vetrano-unser-nachhaltigkeitskonzept-nachhaltig-reisen\/#Hier_ein_Katalog_unserer_bisherigen_Massnahmen\" data-et-has-event-already=\"true\" target=\"_blank\" rel=\"noopener\">Ecco un catalogo delle nostre misure fino ad oggi:<\/a>\n<ul class=\"ez-toc-list-level-3\">\n<li class=\"ez-toc-heading-level-3\"><a class=\"ez-toc-link ez-toc-heading-2\" title=\"Generazione e accumulo di energia solare\" href=\"https:\/\/www.planbwagen.de\/ccc-camper-cleanup-campaign\/palazzo-vetrano-unser-nachhaltigkeitskonzept-nachhaltig-reisen\/#Solare_Stromerzeugung_und_speicherung\" data-et-has-event-already=\"true\" target=\"_blank\" rel=\"noopener\">Generazione e accumulo di energia solare<\/a><\/li>\n<li class=\"ez-toc-page-1 ez-toc-heading-level-3\"><a class=\"ez-toc-link ez-toc-heading-3\" title=\"Riscaldamento - Essiccazione - Raffreddamento\" href=\"https:\/\/www.planbwagen.de\/ccc-camper-cleanup-campaign\/palazzo-vetrano-unser-nachhaltigkeitskonzept-nachhaltig-reisen\/#Heizen_%E2%80%93_Trocknen_%E2%80%93_Kuehlen\" data-et-has-event-already=\"true\" target=\"_blank\" rel=\"noopener\">Riscaldamento - Essiccazione - Raffreddamento<\/a><\/li>\n<li class=\"ez-toc-page-1 ez-toc-heading-level-3\"><a class=\"ez-toc-link ez-toc-heading-4\" title=\"Elettricit\u00e0 e luce\" href=\"https:\/\/www.planbwagen.de\/ccc-camper-cleanup-campaign\/palazzo-vetrano-unser-nachhaltigkeitskonzept-nachhaltig-reisen\/#Strom_Licht\" data-et-has-event-already=\"true\" target=\"_blank\" rel=\"noopener\">Elettricit\u00e0 e luce<\/a><\/li>\n<li class=\"ez-toc-page-1 ez-toc-heading-level-3\"><a class=\"ez-toc-link ez-toc-heading-5\" title=\"Acqua potabile\" href=\"https:\/\/www.planbwagen.de\/ccc-camper-cleanup-campaign\/palazzo-vetrano-unser-nachhaltigkeitskonzept-nachhaltig-reisen\/#Trinkwasser\" data-et-has-event-already=\"true\" target=\"_blank\" rel=\"noopener\">Acqua potabile<\/a><\/li>\n<li class=\"ez-toc-page-1 ez-toc-heading-level-3\"><a class=\"ez-toc-link ez-toc-heading-6\" title=\"Plastica\" href=\"https:\/\/www.planbwagen.de\/ccc-camper-cleanup-campaign\/palazzo-vetrano-unser-nachhaltigkeitskonzept-nachhaltig-reisen\/#Plastik\" data-et-has-event-already=\"true\" target=\"_blank\" rel=\"noopener\">Plastica<\/a><\/li>\n<li class=\"ez-toc-page-1 ez-toc-heading-level-3\"><a class=\"ez-toc-link ez-toc-heading-7\" title=\"Arredamento\" href=\"https:\/\/www.planbwagen.de\/ccc-camper-cleanup-campaign\/palazzo-vetrano-unser-nachhaltigkeitskonzept-nachhaltig-reisen\/#Einrichtung\" data-et-has-event-already=\"true\" target=\"_blank\" rel=\"noopener\">Arredamento<\/a><\/li>\n<li class=\"ez-toc-page-1 ez-toc-heading-level-3\"><a class=\"ez-toc-link ez-toc-heading-8\" title=\"Viaggio\" href=\"https:\/\/www.planbwagen.de\/ccc-camper-cleanup-campaign\/palazzo-vetrano-unser-nachhaltigkeitskonzept-nachhaltig-reisen\/#Anreise\" data-et-has-event-already=\"true\" target=\"_blank\" rel=\"noopener\">Viaggio<\/a><\/li>\n<li class=\"ez-toc-page-1 ez-toc-heading-level-3\"><a class=\"ez-toc-link ez-toc-heading-9\" title=\"Responsabilit\u00e0 personale\" href=\"https:\/\/www.planbwagen.de\/ccc-camper-cleanup-campaign\/palazzo-vetrano-unser-nachhaltigkeitskonzept-nachhaltig-reisen\/#Eigenverantwortung\" data-et-has-event-already=\"true\" target=\"_blank\" rel=\"noopener\">Responsabilit\u00e0 personale<\/a><\/li>\n<li class=\"ez-toc-page-1 ez-toc-heading-level-3\"><a class=\"ez-toc-link ez-toc-heading-10\" title=\"Alimentazione e affari sociali\" href=\"https:\/\/www.planbwagen.de\/ccc-camper-cleanup-campaign\/palazzo-vetrano-unser-nachhaltigkeitskonzept-nachhaltig-reisen\/#Essen_Soziales\" data-et-has-event-already=\"true\" target=\"_blank\" rel=\"noopener\">Alimentazione e affari sociali<\/a><\/li>\n<li class=\"ez-toc-page-1 ez-toc-heading-level-3\"><a class=\"ez-toc-link ez-toc-heading-11\" title=\"Pulizia\" href=\"https:\/\/www.planbwagen.de\/ccc-camper-cleanup-campaign\/palazzo-vetrano-unser-nachhaltigkeitskonzept-nachhaltig-reisen\/#CleanUp\" data-et-has-event-already=\"true\" target=\"_blank\" rel=\"noopener\">Pulizia<\/a><\/li>\n<li class=\"ez-toc-page-1 ez-toc-heading-level-3\"><a class=\"ez-toc-link ez-toc-heading-12\" title=\"Conclusione\" href=\"https:\/\/www.planbwagen.de\/ccc-camper-cleanup-campaign\/palazzo-vetrano-unser-nachhaltigkeitskonzept-nachhaltig-reisen\/#Fazit\" data-et-has-event-already=\"true\" target=\"_blank\" rel=\"noopener\">Conclusione<\/a><\/li>\n<\/ul>\n<\/li>\n<\/ul>\n<\/nav>\n<\/div>\n<h2 class=\"fusion-responsive-typography-calculated\" style=\"--fontsize: 33; line-height: 1.3;\" data-fontsize=\"33\" data-lineheight=\"42.9px\"><span class=\"ez-toc-section\" id=\"Massnahmenkatalog\"><\/span><span id=\"Hier_ein_Katalog_unserer_bisherigen_Massnahmen\" class=\"ez-toc-section\"><\/span>Catalogo delle misure:<span class=\"ez-toc-section-end\"><\/span><\/h2>\n<p>Ecco alcune delle misure che abbiamo gi\u00e0 attuato:<\/p>\n<p><span style=\"color: var(--h3_typography-color); font-family: var(--h3_typography-font-family); font-size: var(--h3_typography-font-size); font-style: var(--h3_typography-font-style,normal); font-weight: var(--h3_typography-font-weight); letter-spacing: var(--h3_typography-letter-spacing); text-transform: var(--h3_typography-text-transform); text-align: var(--awb-content-alignment); background-color: var(--awb-bg-color-hover);\">Generazione e accumulo di energia solare<\/span><\/p>\n<p><span style=\"color: var(--awb-text-color); font-family: var(--awb-text-font-family); font-size: var(--awb-font-size); font-style: var(--awb-text-font-style); font-weight: var(--awb-text-font-weight); letter-spacing: var(--awb-letter-spacing); text-align: var(--awb-content-alignment); text-transform: var(--awb-text-transform); background-color: var(--awb-bg-color-hover);\">L'energia solare della Sicilia svolge un ruolo importante nel nostro concetto di sostenibilit\u00e0. Con una media di 7,4 ore di sole al giorno, utilizziamo questa risorsa non solo per il nostro benessere e per l'equilibrio della vitamina D, ma soprattutto per il bene del nostro ambiente. I nostri sistemi di generazione e stoccaggio di energia solare ci permettono di generare energia pulita e di utilizzarla in modo efficiente.<\/span><\/p>\n<\/div>\n<\/div>\n<\/div>\n<\/div>\n<\/div><\/div><\/div><\/div><\/div><div class=\"fusion-fullwidth fullwidth-box fusion-builder-row-4 fusion-flex-container nonhundred-percent-fullwidth non-hundred-percent-height-scrolling\" style=\"--awb-border-radius-top-left:0px;--awb-border-radius-top-right:0px;--awb-border-radius-bottom-right:0px;--awb-border-radius-bottom-left:0px;--awb-flex-wrap:wrap;\" ><div class=\"fusion-builder-row fusion-row fusion-flex-align-items-flex-start fusion-flex-content-wrap\" style=\"max-width:1248px;margin-left: calc(-4% \/ 2 );margin-right: calc(-4% \/ 2 );\"><div class=\"fusion-layout-column fusion_builder_column fusion-builder-column-4 fusion_builder_column_1_1 1_1 fusion-flex-column\" style=\"--awb-bg-blend:overlay;--awb-bg-size:cover;--awb-width-large:100%;--awb-margin-top-large:0px;--awb-spacing-right-large:1.92%;--awb-margin-bottom-large:0px;--awb-spacing-left-large:1.92%;--awb-width-medium:100%;--awb-spacing-right-medium:1.92%;--awb-spacing-left-medium:1.92%;--awb-width-small:100%;--awb-spacing-right-small:1.92%;--awb-spacing-left-small:1.92%;\"><div class=\"fusion-column-wrapper fusion-flex-justify-content-flex-start fusion-content-layout-column\"><div class=\"fusion-text fusion-text-3\"><\/p>\n<div class=\"et_pb_row et_pb_row_0\">\n<div class=\"et_pb_column et_pb_column_4_4 et_pb_column_0  et_pb_css_mix_blend_mode_passthrough et-last-child\">\n<div class=\"et_pb_module et_pb_text et_pb_text_0  et_pb_text_align_left et_pb_bg_layout_light\">\n<div class=\"et_pb_text_inner\">\n<p><span style=\"background-color: var(--awb-bg-color-hover); color: var(--h3_typography-color); font-family: var(--h3_typography-font-family); font-size: var(--h3_typography-font-size); font-style: var(--h3_typography-font-style,normal); font-weight: var(--h3_typography-font-weight); letter-spacing: var(--h3_typography-letter-spacing); text-align: var(--awb-content-alignment); text-transform: var(--h3_typography-text-transform);\">Riscaldamento - Essiccazione - Raffreddamento<\/span><\/p>\n<\/div>\n<\/div>\n<\/div>\n<\/div>\n<div class=\"et_pb_row et_pb_row_3\">\n<div class=\"et_pb_column et_pb_column_4_4 et_pb_column_4  et_pb_css_mix_blend_mode_passthrough et-last-child\">\n<div class=\"et_pb_module et_pb_text et_pb_text_2  et_pb_text_align_left et_pb_bg_layout_light\">\n<div class=\"et_pb_text_inner\">\n<p>L'energia sostenibile svolge un ruolo fondamentale nel nostro approccio. La pompa di calore del nostro impianto di condizionamento split ad alta efficienza energetica non solo sfrutta il calore naturale dell'aria, ma funge anche da fonte principale di calore. In combinazione con un impianto fotovoltaico da 8 kWp e un accumulatore di elettricit\u00e0 da 16,2 kWh, l'appartamento per le vacanze \u00e8 privo di CO2. L'energia in eccesso viene immessa nella rete elettrica.<\/p>\n<p>Inoltre, l'appartamento dispone di una caldaia a condensazione Bosch di ultima generazione, che serve solo come fonte di calore secondaria e come sistema di riserva. In questo modo l'alloggio viene riscaldato in modo ecologico ed efficiente.<\/p>\n<blockquote>\n<p>\"Sii il cambiamento che desideri vedere in questo mondo\". - Mahatma Gandhi<\/p>\n<\/blockquote>\n<h3 class=\"fusion-responsive-typography-calculated\" style=\"--fontsize: 28; line-height: 1.3;\" data-fontsize=\"28\" data-lineheight=\"36.4px\"><span class=\"ez-toc-section\" id=\"Strom_Licht\"><\/span><span id=\"Strom_Licht\" class=\"ez-toc-section\"><\/span>Elettricit\u00e0 e luce<span class=\"ez-toc-section-end\"><\/span><\/h3>\n<p>Nella scelta dell'illuminazione abbiamo posto particolare attenzione alla resa cromatica, alle funzioni dim-to-warm e all'efficienza energetica. Le luci LED garantiscono un utilizzo duraturo e sostenibile.<\/p>\n<p>Oltre alla progettazione dell'illuminazione, al centro dei nostri sforzi c'\u00e8 stata anche la volont\u00e0 di evitare il consumo inutile di elettricit\u00e0. Tutti gli elettrodomestici sono stati accuratamente selezionati in base a criteri di efficienza energetica. Inoltre, un interruttore centrale consente di spegnere tutte le fonti di energia (ad eccezione del frigorifero) quando si lascia l'appartamento. Semplicemente ecologico. - Logico, no?<\/p>\n<\/div>\n<\/div>\n<\/div>\n<\/div>\n<div class=\"et_pb_row et_pb_row_11\">\n<div class=\"et_pb_column et_pb_column_1_2 et_pb_column_16  et_pb_css_mix_blend_mode_passthrough et-last-child\">\u00a0<\/div>\n<\/div>\n<\/div><\/div><\/div><\/div><\/div><div class=\"fusion-fullwidth fullwidth-box fusion-builder-row-5 fusion-flex-container has-pattern-background has-mask-background nonhundred-percent-fullwidth non-hundred-percent-height-scrolling\" style=\"--awb-border-radius-top-left:0px;--awb-border-radius-top-right:0px;--awb-border-radius-bottom-right:0px;--awb-border-radius-bottom-left:0px;--awb-flex-wrap:wrap;\" ><div class=\"fusion-builder-row fusion-row fusion-flex-align-items-flex-start fusion-flex-content-wrap\" style=\"max-width:1248px;margin-left: calc(-4% \/ 2 );margin-right: calc(-4% \/ 2 );\"><div class=\"fusion-layout-column fusion_builder_column fusion-builder-column-5 fusion_builder_column_1_2 1_2 fusion-flex-column\" style=\"--awb-bg-size:cover;--awb-width-large:50%;--awb-margin-top-large:0px;--awb-spacing-right-large:3.84%;--awb-margin-bottom-large:20px;--awb-spacing-left-large:3.84%;--awb-width-medium:50%;--awb-order-medium:0;--awb-spacing-right-medium:3.84%;--awb-spacing-left-medium:3.84%;--awb-width-small:100%;--awb-order-small:0;--awb-spacing-right-small:1.92%;--awb-spacing-left-small:1.92%;\"><div class=\"fusion-column-wrapper fusion-column-has-shadow fusion-flex-justify-content-flex-start fusion-content-layout-column\"><div class=\"fusion-image-element\" style=\"--awb-caption-title-font-family:var(--h2_typography-font-family);--awb-caption-title-font-weight:var(--h2_typography-font-weight);--awb-caption-title-font-style:var(--h2_typography-font-style);--awb-caption-title-size:var(--h2_typography-font-size);--awb-caption-title-transform:var(--h2_typography-text-transform);--awb-caption-title-line-height:var(--h2_typography-line-height);--awb-caption-title-letter-spacing:var(--h2_typography-letter-spacing);\"><span class=\"fusion-imageframe imageframe-none imageframe-3 hover-type-none\" style=\"border-radius:12px;\"><img decoding=\"async\" width=\"1024\" height=\"576\" alt=\"Viaggiare in modo sostenibile: Interruttore di alimentazione, aiuta a evitare inutili consumi di energia nell&#039;appartamento di vacanza.\" src=\"https:\/\/palazzovetrano.it\/wp-content\/uploads\/2023\/10\/IMG_6854-scaled.jpg\" data-orig-src=\"https:\/\/palazzovetrano.it\/wp-content\/uploads\/2023\/10\/IMG_6854-1024x576.jpg\" class=\"lazyload img-responsive wp-image-1211\" srcset=\"data:image\/svg+xml,%3Csvg%20xmlns%3D%27http%3A%2F%2Fwww.w3.org%2F2000%2Fsvg%27%20width%3D%272560%27%20height%3D%271440%27%20viewBox%3D%270%200%202560%201440%27%3E%3Crect%20width%3D%272560%27%20height%3D%271440%27%20fill-opacity%3D%220%22%2F%3E%3C%2Fsvg%3E\" data-srcset=\"https:\/\/palazzovetrano.it\/wp-content\/uploads\/2023\/10\/IMG_6854-200x113.jpg 200w, https:\/\/palazzovetrano.it\/wp-content\/uploads\/2023\/10\/IMG_6854-400x225.jpg 400w, https:\/\/palazzovetrano.it\/wp-content\/uploads\/2023\/10\/IMG_6854-600x338.jpg 600w, https:\/\/palazzovetrano.it\/wp-content\/uploads\/2023\/10\/IMG_6854-800x450.jpg 800w, https:\/\/palazzovetrano.it\/wp-content\/uploads\/2023\/10\/IMG_6854-1200x675.jpg 1200w\" data-sizes=\"auto\" data-orig-sizes=\"(max-width: 800px) 100vw, 600px\" \/><\/span><\/div><\/div><\/div><div class=\"fusion-layout-column fusion_builder_column fusion-builder-column-6 fusion_builder_column_1_2 1_2 fusion-flex-column\" style=\"--awb-bg-size:cover;--awb-width-large:50%;--awb-margin-top-large:0px;--awb-spacing-right-large:3.84%;--awb-margin-bottom-large:20px;--awb-spacing-left-large:3.84%;--awb-width-medium:50%;--awb-order-medium:0;--awb-spacing-right-medium:3.84%;--awb-spacing-left-medium:3.84%;--awb-width-small:100%;--awb-order-small:0;--awb-spacing-right-small:1.92%;--awb-spacing-left-small:1.92%;\"><div class=\"fusion-column-wrapper fusion-column-has-shadow fusion-flex-justify-content-flex-start fusion-content-layout-column\"><div class=\"fusion-image-element\" style=\"--awb-caption-title-font-family:var(--h2_typography-font-family);--awb-caption-title-font-weight:var(--h2_typography-font-weight);--awb-caption-title-font-style:var(--h2_typography-font-style);--awb-caption-title-size:var(--h2_typography-font-size);--awb-caption-title-transform:var(--h2_typography-text-transform);--awb-caption-title-line-height:var(--h2_typography-line-height);--awb-caption-title-letter-spacing:var(--h2_typography-letter-spacing);\"><span class=\"fusion-imageframe imageframe-none imageframe-4 hover-type-none\" style=\"border-radius:12px;\"><img decoding=\"async\" width=\"1024\" height=\"576\" alt=\"Viaggiare in modo sostenibile significa anche evitare gli sprechi. Senza plastica grazie all&#039;acqua potabile.\" title=\"I\" src=\"data:image\/svg+xml,%3Csvg%20xmlns%3D%27http%3A%2F%2Fwww.w3.org%2F2000%2Fsvg%27%20width%3D%272560%27%20height%3D%271440%27%20viewBox%3D%270%200%202560%201440%27%3E%3Crect%20width%3D%272560%27%20height%3D%271440%27%20fill-opacity%3D%220%22%2F%3E%3C%2Fsvg%3E\" data-orig-src=\"https:\/\/palazzovetrano.it\/wp-content\/uploads\/2023\/10\/IMG_6838-1-1024x576.jpg\" class=\"lazyload img-responsive wp-image-1460\"\/><\/span><\/div><\/div><\/div><\/div><\/div><div class=\"fusion-fullwidth fullwidth-box fusion-builder-row-6 fusion-flex-container nonhundred-percent-fullwidth non-hundred-percent-height-scrolling\" style=\"--awb-border-radius-top-left:0px;--awb-border-radius-top-right:0px;--awb-border-radius-bottom-right:0px;--awb-border-radius-bottom-left:0px;--awb-flex-wrap:wrap;\" ><div class=\"fusion-builder-row fusion-row fusion-flex-align-items-flex-start fusion-flex-content-wrap\" style=\"max-width:1248px;margin-left: calc(-4% \/ 2 );margin-right: calc(-4% \/ 2 );\"><div class=\"fusion-layout-column fusion_builder_column fusion-builder-column-7 fusion_builder_column_1_1 1_1 fusion-flex-column\" style=\"--awb-bg-blend:overlay;--awb-bg-size:cover;--awb-width-large:100%;--awb-margin-top-large:0px;--awb-spacing-right-large:1.92%;--awb-margin-bottom-large:0px;--awb-spacing-left-large:1.92%;--awb-width-medium:100%;--awb-spacing-right-medium:1.92%;--awb-spacing-left-medium:1.92%;--awb-width-small:100%;--awb-spacing-right-small:1.92%;--awb-spacing-left-small:1.92%;\"><div class=\"fusion-column-wrapper fusion-flex-justify-content-flex-start fusion-content-layout-column\"><div class=\"fusion-text fusion-text-4\"><\/p>\n<div class=\"et_pb_row et_pb_row_0\">\n<div class=\"et_pb_column et_pb_column_4_4 et_pb_column_0  et_pb_css_mix_blend_mode_passthrough et-last-child\">\n<div class=\"et_pb_module et_pb_text et_pb_text_0  et_pb_text_align_left et_pb_bg_layout_light\">\n<div class=\"et_pb_text_inner\">\n<p><span style=\"color: var(--h3_typography-color); font-family: var(--h3_typography-font-family); font-size: var(--h3_typography-font-size); font-style: var(--h3_typography-font-style,normal); font-weight: var(--h3_typography-font-weight); letter-spacing: var(--h3_typography-letter-spacing); text-transform: var(--h3_typography-text-transform); text-align: var(--awb-content-alignment); background-color: var(--awb-bg-color-hover);\">Acqua potabile<\/span><\/p>\n<\/div>\n<\/div>\n<\/div>\n<\/div>\n<div class=\"et_pb_row et_pb_row_3\">\n<div class=\"et_pb_column et_pb_column_4_4 et_pb_column_4  et_pb_css_mix_blend_mode_passthrough et-last-child\">\n<div class=\"et_pb_module et_pb_text et_pb_text_2  et_pb_text_align_left et_pb_bg_layout_light\">\n<div class=\"et_pb_text_inner\">\n<p>L'acqua del nostro rubinetto non solo \u00e8 regolarmente testata in conformit\u00e0 alle direttive UE, ma si distingue anche per il suo gusto eccezionalmente buono. La utilizziamo quindi come acqua potabile, evitando a noi stessi e ai nostri ospiti di dover trasportare inutilmente bottiglie d'acqua. In questo caso, il riferimento al valore dell'acqua potabile e la raccomandazione di risparmiare acqua sono superflui, non \u00e8 vero? PS: Non dimenticate di portare con voi la vostra bottiglia d'acqua!<\/p>\n<blockquote>\n<p>\"La forma pi\u00f9 pura di follia \u00e8 lasciare tutto com'\u00e8 e allo stesso tempo sperare che qualcosa cambi\". - Albert Einstein<\/p>\n<\/blockquote>\n<h3 class=\"fusion-responsive-typography-calculated\" style=\"--fontsize: 28; line-height: 1.3;\" data-fontsize=\"28\" data-lineheight=\"36.4px\"><span class=\"ez-toc-section\" id=\"Plastikfrei\"><\/span><span id=\"Plastik\" class=\"ez-toc-section\"><\/span>Senza plastica<span class=\"ez-toc-section-end\"><\/span><\/h3>\n<p>Evitare i rifiuti di plastica \u00e8 gi\u00e0 una sfida nella vita quotidiana a casa, e in vacanza pu\u00f2 essere doppiamente difficile. Per darvi la possibilit\u00e0 di evitare i rifiuti di plastica anche in vacanza, abbiamo gi\u00e0 preso delle precauzioni.<\/p>\n<p>Abbiamo deliberatamente evitato, per quanto possibile, di utilizzare la plastica per stoviglie e posate. Ma il passo decisivo \u00e8 proprio davanti alla nostra porta di casa: al Mercato Ballar\u00f2, un mercato tradizionale noto per la sua offerta regionale di frutta, verdura, pesce e carne sostenibile.<\/p>\n<p>Diversi negozi non confezionati sono raggiungibili a piedi e i nostri ospiti possono trovarne l'esatta ubicazione sulla mappa digitale della citt\u00e0. Contenitori in vetro e un cestino e una borsa per la spesa sono inclusi nel nostro appartamento vacanze a Palazzo Vetrano.<\/p>\n<\/div>\n<\/div>\n<\/div>\n<\/div>\n<div class=\"et_pb_row et_pb_row_11\">\n<div class=\"et_pb_column et_pb_column_1_2 et_pb_column_16  et_pb_css_mix_blend_mode_passthrough et-last-child\">\u00a0<\/div>\n<\/div>\n<\/div><\/div><\/div><\/div><\/div><div class=\"fusion-fullwidth fullwidth-box fusion-builder-row-7 fusion-flex-container has-pattern-background has-mask-background nonhundred-percent-fullwidth non-hundred-percent-height-scrolling\" style=\"--awb-border-radius-top-left:0px;--awb-border-radius-top-right:0px;--awb-border-radius-bottom-right:0px;--awb-border-radius-bottom-left:0px;--awb-flex-wrap:wrap;\" ><div class=\"fusion-builder-row fusion-row fusion-flex-align-items-flex-start fusion-flex-content-wrap\" style=\"max-width:1248px;margin-left: calc(-4% \/ 2 );margin-right: calc(-4% \/ 2 );\"><div class=\"fusion-layout-column fusion_builder_column fusion-builder-column-8 fusion_builder_column_1_2 1_2 fusion-flex-column\" style=\"--awb-bg-size:cover;--awb-width-large:50%;--awb-margin-top-large:0px;--awb-spacing-right-large:3.84%;--awb-margin-bottom-large:20px;--awb-spacing-left-large:3.84%;--awb-width-medium:50%;--awb-order-medium:0;--awb-spacing-right-medium:3.84%;--awb-spacing-left-medium:3.84%;--awb-width-small:100%;--awb-order-small:0;--awb-spacing-right-small:1.92%;--awb-spacing-left-small:1.92%;\"><div class=\"fusion-column-wrapper fusion-column-has-shadow fusion-flex-justify-content-flex-start fusion-content-layout-column\"><div class=\"fusion-image-element\" style=\"--awb-caption-title-font-family:var(--h2_typography-font-family);--awb-caption-title-font-weight:var(--h2_typography-font-weight);--awb-caption-title-font-style:var(--h2_typography-font-style);--awb-caption-title-size:var(--h2_typography-font-size);--awb-caption-title-transform:var(--h2_typography-text-transform);--awb-caption-title-line-height:var(--h2_typography-line-height);--awb-caption-title-letter-spacing:var(--h2_typography-letter-spacing);\"><span class=\"fusion-imageframe imageframe-none imageframe-5 hover-type-none\" style=\"border-radius:12px;\"><img decoding=\"async\" width=\"1024\" height=\"682\" alt=\"Appartamento per vacanze sostenibile a Palermo: Palazzo Vetrano - vetro, porcellana, riutilizzabile invece di usa e getta e plastica\" title=\"Palermo sostenibilit\u00e0, viaggio sostenibile, vacanza sostenibile appartamento Palermo centro storico, Palermo sostenibilit\u00e0, viaggio sostenibile, vacanza sostenibile appartamento Palermo centro storico, eco BnB\" src=\"https:\/\/palazzovetrano.it\/wp-content\/uploads\/2024\/03\/00010Palermo-Nachhaltigkeit-Nachhaltig-Reisen-nachhaltige-Ferienwohnung-Palermo-Altstadt-Palermo-sostenibilita-viaggio-sostenibile-vacanza-sostenibile-appartamento-Palermo-centro-storico-eco-BnB.jpg\" data-orig-src=\"https:\/\/palazzovetrano.it\/wp-content\/uploads\/2024\/03\/00010Palermo-Nachhaltigkeit-Nachhaltig-Reisen-nachhaltige-Ferienwohnung-Palermo-Altstadt-Palermo-sostenibilita-viaggio-sostenibile-vacanza-sostenibile-appartamento-Palermo-centro-storico-eco-BnB.jpg\" class=\"lazyload img-responsive wp-image-1605\" srcset=\"data:image\/svg+xml,%3Csvg%20xmlns%3D%27http%3A%2F%2Fwww.w3.org%2F2000%2Fsvg%27%20width%3D%271024%27%20height%3D%27682%27%20viewBox%3D%270%200%201024%20682%27%3E%3Crect%20width%3D%271024%27%20height%3D%27682%27%20fill-opacity%3D%220%22%2F%3E%3C%2Fsvg%3E\" data-srcset=\"https:\/\/palazzovetrano.it\/wp-content\/uploads\/2024\/03\/00010Palermo-Nachhaltigkeit-Nachhaltig-Reisen-nachhaltige-Ferienwohnung-Palermo-Altstadt-Palermo-sostenibilita-viaggio-sostenibile-vacanza-sostenibile-appartamento-Palermo-centro-storico-eco-BnB-200x133.jpg 200w, https:\/\/palazzovetrano.it\/wp-content\/uploads\/2024\/03\/00010Palermo-Nachhaltigkeit-Nachhaltig-Reisen-nachhaltige-Ferienwohnung-Palermo-Altstadt-Palermo-sostenibilita-viaggio-sostenibile-vacanza-sostenibile-appartamento-Palermo-centro-storico-eco-BnB-400x266.jpg 400w, https:\/\/palazzovetrano.it\/wp-content\/uploads\/2024\/03\/00010Palermo-Nachhaltigkeit-Nachhaltig-Reisen-nachhaltige-Ferienwohnung-Palermo-Altstadt-Palermo-sostenibilita-viaggio-sostenibile-vacanza-sostenibile-appartamento-Palermo-centro-storico-eco-BnB-600x400.jpg 600w, https:\/\/palazzovetrano.it\/wp-content\/uploads\/2024\/03\/00010Palermo-Nachhaltigkeit-Nachhaltig-Reisen-nachhaltige-Ferienwohnung-Palermo-Altstadt-Palermo-sostenibilita-viaggio-sostenibile-vacanza-sostenibile-appartamento-Palermo-centro-storico-eco-BnB-800x533.jpg 800w, https:\/\/palazzovetrano.it\/wp-content\/uploads\/2024\/03\/00010Palermo-Nachhaltigkeit-Nachhaltig-Reisen-nachhaltige-Ferienwohnung-Palermo-Altstadt-Palermo-sostenibilita-viaggio-sostenibile-vacanza-sostenibile-appartamento-Palermo-centro-storico-eco-BnB.jpg 1024w\" data-sizes=\"auto\" data-orig-sizes=\"(max-width: 800px) 100vw, 600px\" \/><\/span><\/div><\/div><\/div><div class=\"fusion-layout-column fusion_builder_column fusion-builder-column-9 fusion_builder_column_1_2 1_2 fusion-flex-column\" style=\"--awb-bg-size:cover;--awb-width-large:50%;--awb-margin-top-large:0px;--awb-spacing-right-large:3.84%;--awb-margin-bottom-large:20px;--awb-spacing-left-large:3.84%;--awb-width-medium:50%;--awb-order-medium:0;--awb-spacing-right-medium:3.84%;--awb-spacing-left-medium:3.84%;--awb-width-small:100%;--awb-order-small:0;--awb-spacing-right-small:1.92%;--awb-spacing-left-small:1.92%;\"><div class=\"fusion-column-wrapper fusion-column-has-shadow fusion-flex-justify-content-flex-start fusion-content-layout-column\"><div class=\"fusion-image-element\" style=\"--awb-caption-title-font-family:var(--h2_typography-font-family);--awb-caption-title-font-weight:var(--h2_typography-font-weight);--awb-caption-title-font-style:var(--h2_typography-font-style);--awb-caption-title-size:var(--h2_typography-font-size);--awb-caption-title-transform:var(--h2_typography-text-transform);--awb-caption-title-line-height:var(--h2_typography-line-height);--awb-caption-title-letter-spacing:var(--h2_typography-letter-spacing);\"><span class=\"fusion-imageframe imageframe-none imageframe-6 hover-type-none\" style=\"border-radius:12px;\"><img decoding=\"async\" width=\"1024\" height=\"682\" alt=\"Viaggio sostenibile a Palermo: \u00e8 tutta una questione di imballaggi. L&#039;appartamento vacanze di Palazzo Vetrano offre contenitori ecologici.\" title=\"Palermo sostenibilit\u00e0, viaggio sostenibile, vacanza sostenibile appartamento Palermo centro storico, Palermo sostenibilit\u00e0, viaggio sostenibile, vacanza sostenibile appartamento Palermo centro storico, eco BnB\" src=\"https:\/\/palazzovetrano.it\/wp-content\/uploads\/2024\/03\/00009Palermo-Nachhaltigkeit-Nachhaltig-Reisen-nachhaltige-Ferienwohnung-Palermo-Altstadt-Palermo-sostenibilita-viaggio-sostenibile-vacanza-sostenibile-appartamento-Palermo-centro-storico-eco-BnB.jpg\" data-orig-src=\"https:\/\/palazzovetrano.it\/wp-content\/uploads\/2024\/03\/00009Palermo-Nachhaltigkeit-Nachhaltig-Reisen-nachhaltige-Ferienwohnung-Palermo-Altstadt-Palermo-sostenibilita-viaggio-sostenibile-vacanza-sostenibile-appartamento-Palermo-centro-storico-eco-BnB.jpg\" class=\"lazyload img-responsive wp-image-1604\" srcset=\"data:image\/svg+xml,%3Csvg%20xmlns%3D%27http%3A%2F%2Fwww.w3.org%2F2000%2Fsvg%27%20width%3D%271024%27%20height%3D%27682%27%20viewBox%3D%270%200%201024%20682%27%3E%3Crect%20width%3D%271024%27%20height%3D%27682%27%20fill-opacity%3D%220%22%2F%3E%3C%2Fsvg%3E\" data-srcset=\"https:\/\/palazzovetrano.it\/wp-content\/uploads\/2024\/03\/00009Palermo-Nachhaltigkeit-Nachhaltig-Reisen-nachhaltige-Ferienwohnung-Palermo-Altstadt-Palermo-sostenibilita-viaggio-sostenibile-vacanza-sostenibile-appartamento-Palermo-centro-storico-eco-BnB-200x133.jpg 200w, https:\/\/palazzovetrano.it\/wp-content\/uploads\/2024\/03\/00009Palermo-Nachhaltigkeit-Nachhaltig-Reisen-nachhaltige-Ferienwohnung-Palermo-Altstadt-Palermo-sostenibilita-viaggio-sostenibile-vacanza-sostenibile-appartamento-Palermo-centro-storico-eco-BnB-400x266.jpg 400w, https:\/\/palazzovetrano.it\/wp-content\/uploads\/2024\/03\/00009Palermo-Nachhaltigkeit-Nachhaltig-Reisen-nachhaltige-Ferienwohnung-Palermo-Altstadt-Palermo-sostenibilita-viaggio-sostenibile-vacanza-sostenibile-appartamento-Palermo-centro-storico-eco-BnB-600x400.jpg 600w, https:\/\/palazzovetrano.it\/wp-content\/uploads\/2024\/03\/00009Palermo-Nachhaltigkeit-Nachhaltig-Reisen-nachhaltige-Ferienwohnung-Palermo-Altstadt-Palermo-sostenibilita-viaggio-sostenibile-vacanza-sostenibile-appartamento-Palermo-centro-storico-eco-BnB-800x533.jpg 800w, https:\/\/palazzovetrano.it\/wp-content\/uploads\/2024\/03\/00009Palermo-Nachhaltigkeit-Nachhaltig-Reisen-nachhaltige-Ferienwohnung-Palermo-Altstadt-Palermo-sostenibilita-viaggio-sostenibile-vacanza-sostenibile-appartamento-Palermo-centro-storico-eco-BnB.jpg 1024w\" data-sizes=\"auto\" data-orig-sizes=\"(max-width: 800px) 100vw, 600px\" \/><\/span><\/div><\/div><\/div><\/div><\/div><div class=\"fusion-fullwidth fullwidth-box fusion-builder-row-8 fusion-flex-container nonhundred-percent-fullwidth non-hundred-percent-height-scrolling\" style=\"--awb-border-radius-top-left:0px;--awb-border-radius-top-right:0px;--awb-border-radius-bottom-right:0px;--awb-border-radius-bottom-left:0px;--awb-flex-wrap:wrap;\" ><div class=\"fusion-builder-row fusion-row fusion-flex-align-items-flex-start fusion-flex-content-wrap\" style=\"max-width:1248px;margin-left: calc(-4% \/ 2 );margin-right: calc(-4% \/ 2 );\"><div class=\"fusion-layout-column fusion_builder_column fusion-builder-column-10 fusion_builder_column_1_1 1_1 fusion-flex-column\" style=\"--awb-bg-blend:overlay;--awb-bg-size:cover;--awb-width-large:100%;--awb-margin-top-large:0px;--awb-spacing-right-large:1.92%;--awb-margin-bottom-large:0px;--awb-spacing-left-large:1.92%;--awb-width-medium:100%;--awb-spacing-right-medium:1.92%;--awb-spacing-left-medium:1.92%;--awb-width-small:100%;--awb-spacing-right-small:1.92%;--awb-spacing-left-small:1.92%;\"><div class=\"fusion-column-wrapper fusion-flex-justify-content-flex-start fusion-content-layout-column\"><div class=\"fusion-text fusion-text-5\"><\/p>\n<div class=\"et_pb_row et_pb_row_0\">\n<div class=\"et_pb_column et_pb_column_4_4 et_pb_column_0  et_pb_css_mix_blend_mode_passthrough et-last-child\">\n<div class=\"et_pb_module et_pb_text et_pb_text_0  et_pb_text_align_left et_pb_bg_layout_light\">\n<div class=\"et_pb_text_inner\">\n<p><span style=\"background-color: var(--awb-bg-color-hover); color: var(--h3_typography-color); font-family: var(--h3_typography-font-family); font-size: var(--h3_typography-font-size); font-style: var(--h3_typography-font-style,normal); font-weight: var(--h3_typography-font-weight); letter-spacing: var(--h3_typography-letter-spacing); text-align: var(--awb-content-alignment); text-transform: var(--h3_typography-text-transform);\">Mobili sostenibili<\/span><\/p>\n<\/div>\n<\/div>\n<\/div>\n<\/div>\n<div class=\"et_pb_row et_pb_row_5\">\n<div class=\"et_pb_column et_pb_column_4_4 et_pb_column_7  et_pb_css_mix_blend_mode_passthrough et-last-child\">\n<div class=\"et_pb_module et_pb_text et_pb_text_3  et_pb_text_align_left et_pb_bg_layout_light\">\n<div class=\"et_pb_text_inner\">\n<p>Attraverso le generazioni. <span style=\"color: var(--awb-text-color); font-family: var(--awb-text-font-family); font-size: var(--awb-font-size); font-style: var(--awb-text-font-style); font-weight: var(--awb-text-font-weight); letter-spacing: var(--awb-letter-spacing); text-align: var(--awb-content-alignment); text-transform: var(--awb-text-transform); background-color: var(--awb-bg-color-hover);\">Un buon design \u00e8 intrinsecamente sostenibile, perch\u00e9 ci\u00f2 che viene trasmesso non deve essere riciclato.<\/span><\/p>\n<p>Nel selezionare i nostri mobili vintage, abbiamo posto l'accento sulla sostenibilit\u00e0 e sulla longevit\u00e0, oltre che sull'estetica e sulla qualit\u00e0. La maggior parte dei nostri pezzi proviene da Palermo e dintorni e ha gi\u00e0 arricchito la felicit\u00e0 di altre persone. Il nostro letto in ottone pu\u00f2 senz'altro essere considerato un oggetto che attraversa le generazioni. Se prima o poi riuscissimo a far godere questi mobili anche alla prossima generazione, sarebbe un altro passo sostenibile.<\/p>\n<p>Naturalmente abbiamo anche alcuni mobili di IKEA. Anche i loro clienti devono sentirsi a proprio agio nel nostro alloggio. Speriamo di aver scelto i prodotti sostenibili pi\u00f9 adatti.<\/p>\n<\/div>\n<\/div>\n<\/div>\n<\/div>\n<\/div><\/div><\/div><\/div><\/div><div class=\"fusion-fullwidth fullwidth-box fusion-builder-row-9 fusion-flex-container has-pattern-background has-mask-background nonhundred-percent-fullwidth non-hundred-percent-height-scrolling\" style=\"--awb-border-radius-top-left:0px;--awb-border-radius-top-right:0px;--awb-border-radius-bottom-right:0px;--awb-border-radius-bottom-left:0px;--awb-flex-wrap:wrap;\" ><div class=\"fusion-builder-row fusion-row fusion-flex-align-items-flex-start fusion-flex-content-wrap\" style=\"max-width:1248px;margin-left: calc(-4% \/ 2 );margin-right: calc(-4% \/ 2 );\"><div class=\"fusion-layout-column fusion_builder_column fusion-builder-column-11 fusion_builder_column_1_2 1_2 fusion-flex-column\" style=\"--awb-bg-size:cover;--awb-width-large:50%;--awb-margin-top-large:0px;--awb-spacing-right-large:3.84%;--awb-margin-bottom-large:20px;--awb-spacing-left-large:3.84%;--awb-width-medium:50%;--awb-order-medium:0;--awb-spacing-right-medium:3.84%;--awb-spacing-left-medium:3.84%;--awb-width-small:100%;--awb-order-small:0;--awb-spacing-right-small:1.92%;--awb-spacing-left-small:1.92%;\"><div class=\"fusion-column-wrapper fusion-column-has-shadow fusion-flex-justify-content-flex-start fusion-content-layout-column\"><div class=\"fusion-image-element\" style=\"--awb-caption-title-font-family:var(--h2_typography-font-family);--awb-caption-title-font-weight:var(--h2_typography-font-weight);--awb-caption-title-font-style:var(--h2_typography-font-style);--awb-caption-title-size:var(--h2_typography-font-size);--awb-caption-title-transform:var(--h2_typography-text-transform);--awb-caption-title-line-height:var(--h2_typography-line-height);--awb-caption-title-letter-spacing:var(--h2_typography-letter-spacing);\"><span class=\"fusion-imageframe imageframe-none imageframe-7 hover-type-none\" style=\"border-radius:12px;\"><img decoding=\"async\" width=\"1024\" height=\"683\" alt=\"Appartamento per vacanze sostenibili, eco bnb, nel centro storico di Palermo, Palazzo Vetrano, arredamento sostenibile da generazioni. I mobili senza tempo sono di per s\u00e9 sostenibili. Perch\u00e9 ci\u00f2 che viene tramandato non deve essere riciclato. \/ Appartamento per vacanze sostenibile, eco bnb, nel centro storico di Palermo, Palazzo Vetrano, arredamento sostenibile per generazioni. I mobili senza tempo sono di per s\u00e9 sostenibili. Perch\u00e9 ci\u00f2 che viene tramandato non deve essere riciclato.\" title=\"Palermo sostenibilit\u00e0, viaggio sostenibile, vacanza sostenibile appartamento Palermo centro storico, Palermo sostenibilit\u00e0, viaggio sostenibile, vacanza sostenibile appartamento Palermo centro storico, eco BnB\" src=\"https:\/\/palazzovetrano.it\/wp-content\/uploads\/2024\/03\/00001Palermo-Nachhaltigkeit-Nachhaltig-Reisen-nachhaltige-Ferienwohnung-Palermo-Altstadt-Palermo-sostenibilita-viaggio-sostenibile-vacanza-sostenibile-appartamento-Palermo-centro-storico-eco-BnB.jpg\" data-orig-src=\"https:\/\/palazzovetrano.it\/wp-content\/uploads\/2024\/03\/00001Palermo-Nachhaltigkeit-Nachhaltig-Reisen-nachhaltige-Ferienwohnung-Palermo-Altstadt-Palermo-sostenibilita-viaggio-sostenibile-vacanza-sostenibile-appartamento-Palermo-centro-storico-eco-BnB.jpg\" class=\"lazyload img-responsive wp-image-1596\" srcset=\"data:image\/svg+xml,%3Csvg%20xmlns%3D%27http%3A%2F%2Fwww.w3.org%2F2000%2Fsvg%27%20width%3D%271024%27%20height%3D%27683%27%20viewBox%3D%270%200%201024%20683%27%3E%3Crect%20width%3D%271024%27%20height%3D%27683%27%20fill-opacity%3D%220%22%2F%3E%3C%2Fsvg%3E\" data-srcset=\"https:\/\/palazzovetrano.it\/wp-content\/uploads\/2024\/03\/00001Palermo-Nachhaltigkeit-Nachhaltig-Reisen-nachhaltige-Ferienwohnung-Palermo-Altstadt-Palermo-sostenibilita-viaggio-sostenibile-vacanza-sostenibile-appartamento-Palermo-centro-storico-eco-BnB-200x133.jpg 200w, https:\/\/palazzovetrano.it\/wp-content\/uploads\/2024\/03\/00001Palermo-Nachhaltigkeit-Nachhaltig-Reisen-nachhaltige-Ferienwohnung-Palermo-Altstadt-Palermo-sostenibilita-viaggio-sostenibile-vacanza-sostenibile-appartamento-Palermo-centro-storico-eco-BnB-400x267.jpg 400w, https:\/\/palazzovetrano.it\/wp-content\/uploads\/2024\/03\/00001Palermo-Nachhaltigkeit-Nachhaltig-Reisen-nachhaltige-Ferienwohnung-Palermo-Altstadt-Palermo-sostenibilita-viaggio-sostenibile-vacanza-sostenibile-appartamento-Palermo-centro-storico-eco-BnB-600x400.jpg 600w, https:\/\/palazzovetrano.it\/wp-content\/uploads\/2024\/03\/00001Palermo-Nachhaltigkeit-Nachhaltig-Reisen-nachhaltige-Ferienwohnung-Palermo-Altstadt-Palermo-sostenibilita-viaggio-sostenibile-vacanza-sostenibile-appartamento-Palermo-centro-storico-eco-BnB-800x534.jpg 800w, https:\/\/palazzovetrano.it\/wp-content\/uploads\/2024\/03\/00001Palermo-Nachhaltigkeit-Nachhaltig-Reisen-nachhaltige-Ferienwohnung-Palermo-Altstadt-Palermo-sostenibilita-viaggio-sostenibile-vacanza-sostenibile-appartamento-Palermo-centro-storico-eco-BnB.jpg 1024w\" data-sizes=\"auto\" data-orig-sizes=\"(max-width: 800px) 100vw, 600px\" \/><\/span><\/div><\/div><\/div><div class=\"fusion-layout-column fusion_builder_column fusion-builder-column-12 fusion_builder_column_1_2 1_2 fusion-flex-column\" style=\"--awb-bg-size:cover;--awb-width-large:50%;--awb-margin-top-large:0px;--awb-spacing-right-large:3.84%;--awb-margin-bottom-large:20px;--awb-spacing-left-large:3.84%;--awb-width-medium:50%;--awb-order-medium:0;--awb-spacing-right-medium:3.84%;--awb-spacing-left-medium:3.84%;--awb-width-small:100%;--awb-order-small:0;--awb-spacing-right-small:1.92%;--awb-spacing-left-small:1.92%;\"><div class=\"fusion-column-wrapper fusion-column-has-shadow fusion-flex-justify-content-flex-start fusion-content-layout-column\"><div class=\"fusion-image-element\" style=\"--awb-caption-title-font-family:var(--h2_typography-font-family);--awb-caption-title-font-weight:var(--h2_typography-font-weight);--awb-caption-title-font-style:var(--h2_typography-font-style);--awb-caption-title-size:var(--h2_typography-font-size);--awb-caption-title-transform:var(--h2_typography-text-transform);--awb-caption-title-line-height:var(--h2_typography-line-height);--awb-caption-title-letter-spacing:var(--h2_typography-letter-spacing);\"><span class=\"fusion-imageframe imageframe-none imageframe-8 hover-type-none\" style=\"border-radius:12px;\"><img decoding=\"async\" width=\"1024\" height=\"683\" alt=\"Appartamento per vacanze sostenibili, eco bnb, nel centro storico di Palermo, Palazzo Vetrano, arredamento sostenibile da generazioni. I mobili senza tempo sono di per s\u00e9 sostenibili. Perch\u00e9 ci\u00f2 che viene tramandato non deve essere riciclato.\" title=\"Palermo sostenibilit\u00e0, viaggio sostenibile, vacanza sostenibile appartamento Palermo centro storico, Palermo sostenibilit\u00e0, viaggio sostenibile, vacanza sostenibile appartamento Palermo centro storico, eco BnB\" src=\"https:\/\/palazzovetrano.it\/wp-content\/uploads\/2024\/03\/00002Palermo-Nachhaltigkeit-Nachhaltig-Reisen-nachhaltige-Ferienwohnung-Palermo-Altstadt-Palermo-sostenibilita-viaggio-sostenibile-vacanza-sostenibile-appartamento-Palermo-centro-storico-eco-BnB.jpg\" data-orig-src=\"https:\/\/palazzovetrano.it\/wp-content\/uploads\/2024\/03\/00002Palermo-Nachhaltigkeit-Nachhaltig-Reisen-nachhaltige-Ferienwohnung-Palermo-Altstadt-Palermo-sostenibilita-viaggio-sostenibile-vacanza-sostenibile-appartamento-Palermo-centro-storico-eco-BnB.jpg\" class=\"lazyload img-responsive wp-image-1597\" srcset=\"data:image\/svg+xml,%3Csvg%20xmlns%3D%27http%3A%2F%2Fwww.w3.org%2F2000%2Fsvg%27%20width%3D%271024%27%20height%3D%27683%27%20viewBox%3D%270%200%201024%20683%27%3E%3Crect%20width%3D%271024%27%20height%3D%27683%27%20fill-opacity%3D%220%22%2F%3E%3C%2Fsvg%3E\" data-srcset=\"https:\/\/palazzovetrano.it\/wp-content\/uploads\/2024\/03\/00002Palermo-Nachhaltigkeit-Nachhaltig-Reisen-nachhaltige-Ferienwohnung-Palermo-Altstadt-Palermo-sostenibilita-viaggio-sostenibile-vacanza-sostenibile-appartamento-Palermo-centro-storico-eco-BnB-200x133.jpg 200w, https:\/\/palazzovetrano.it\/wp-content\/uploads\/2024\/03\/00002Palermo-Nachhaltigkeit-Nachhaltig-Reisen-nachhaltige-Ferienwohnung-Palermo-Altstadt-Palermo-sostenibilita-viaggio-sostenibile-vacanza-sostenibile-appartamento-Palermo-centro-storico-eco-BnB-400x267.jpg 400w, https:\/\/palazzovetrano.it\/wp-content\/uploads\/2024\/03\/00002Palermo-Nachhaltigkeit-Nachhaltig-Reisen-nachhaltige-Ferienwohnung-Palermo-Altstadt-Palermo-sostenibilita-viaggio-sostenibile-vacanza-sostenibile-appartamento-Palermo-centro-storico-eco-BnB-600x400.jpg 600w, https:\/\/palazzovetrano.it\/wp-content\/uploads\/2024\/03\/00002Palermo-Nachhaltigkeit-Nachhaltig-Reisen-nachhaltige-Ferienwohnung-Palermo-Altstadt-Palermo-sostenibilita-viaggio-sostenibile-vacanza-sostenibile-appartamento-Palermo-centro-storico-eco-BnB-800x534.jpg 800w, https:\/\/palazzovetrano.it\/wp-content\/uploads\/2024\/03\/00002Palermo-Nachhaltigkeit-Nachhaltig-Reisen-nachhaltige-Ferienwohnung-Palermo-Altstadt-Palermo-sostenibilita-viaggio-sostenibile-vacanza-sostenibile-appartamento-Palermo-centro-storico-eco-BnB.jpg 1024w\" data-sizes=\"auto\" data-orig-sizes=\"(max-width: 800px) 100vw, 600px\" \/><\/span><\/div><\/div><\/div><\/div><\/div><div class=\"fusion-fullwidth fullwidth-box fusion-builder-row-10 fusion-flex-container nonhundred-percent-fullwidth non-hundred-percent-height-scrolling\" style=\"--awb-border-radius-top-left:0px;--awb-border-radius-top-right:0px;--awb-border-radius-bottom-right:0px;--awb-border-radius-bottom-left:0px;--awb-flex-wrap:wrap;\" ><div class=\"fusion-builder-row fusion-row fusion-flex-align-items-flex-start fusion-flex-content-wrap\" style=\"max-width:1248px;margin-left: calc(-4% \/ 2 );margin-right: calc(-4% \/ 2 );\"><div class=\"fusion-layout-column fusion_builder_column fusion-builder-column-13 fusion_builder_column_1_1 1_1 fusion-flex-column\" style=\"--awb-bg-blend:overlay;--awb-bg-size:cover;--awb-width-large:100%;--awb-margin-top-large:0px;--awb-spacing-right-large:1.92%;--awb-margin-bottom-large:0px;--awb-spacing-left-large:1.92%;--awb-width-medium:100%;--awb-spacing-right-medium:1.92%;--awb-spacing-left-medium:1.92%;--awb-width-small:100%;--awb-spacing-right-small:1.92%;--awb-spacing-left-small:1.92%;\"><div class=\"fusion-column-wrapper fusion-flex-justify-content-flex-start fusion-content-layout-column\"><div class=\"fusion-text fusion-text-6\"><\/p>\n<div class=\"et_pb_row et_pb_row_0\">\n<div class=\"et_pb_column et_pb_column_4_4 et_pb_column_0  et_pb_css_mix_blend_mode_passthrough et-last-child\">\n<div class=\"et_pb_module et_pb_text et_pb_text_0  et_pb_text_align_left et_pb_bg_layout_light\">\n<div class=\"et_pb_text_inner\">\n<p><span style=\"background-color: var(--awb-bg-color-hover); color: var(--awb-text-color); font-family: var(--awb-text-font-family); font-style: var(--awb-text-font-style); font-weight: var(--awb-text-font-weight); letter-spacing: var(--awb-letter-spacing); text-align: var(--awb-content-alignment); text-transform: var(--awb-text-transform);\">Materiali da costruzione<\/span><\/p>\n<\/div>\n<\/div>\n<\/div>\n<\/div>\n<div class=\"et_pb_row et_pb_row_7\">\n<div class=\"et_pb_column et_pb_column_4_4 et_pb_column_10  et_pb_css_mix_blend_mode_passthrough et-last-child\">\n<div class=\"et_pb_module et_pb_text et_pb_text_4  et_pb_text_align_left et_pb_bg_layout_light\">\n<div class=\"et_pb_text_inner\">\n<p>Porte, finestre e tutti i soffitti sono stati realizzati in legno, un materiale da costruzione rinnovabile. Il legno \u00e8 un modello esemplare di ciclo naturale funzionante. Una foresta immagazzina e filtra l'acqua piovana, produce ossigeno e lega gli inquinanti atmosferici. Contribuisce inoltre a proteggere dal riscaldamento globale immagazzinando anidride carbonica, sostiene la biodiversit\u00e0 come habitat e fornisce legno pregiato. L'uso del legno come materiale da costruzione riduce il gas serra CO2 e lo lega a prodotti durevoli come gli edifici per un lungo periodo di tempo.<\/p>\n<p>I vetri termoisolanti delle nostre finestre in legno proteggono efficacemente dal freddo e dal caldo. Siamo rimasti particolarmente colpiti dal fatto che la nostra impresa edile avesse gi\u00e0 considerato in anticipo la scelta sostenibile dei materiali da costruzione. A dire il vero, non ci saremmo aspettati un approccio cos\u00ec esemplare in Sicilia.<\/p>\n<h3 class=\"fusion-responsive-typography-calculated\" style=\"--fontsize: 28; line-height: 1.3;\" data-fontsize=\"28\" data-lineheight=\"36.4px\"><span class=\"ez-toc-section\" id=\"Klimafreundliche_Anreise\"><\/span><span id=\"Anreise\" class=\"ez-toc-section\"><\/span>Un viaggio rispettoso del clima<span class=\"ez-toc-section-end\"><\/span><\/h3>\n<p><span style=\"color: var(--awb-text-color); font-family: var(--awb-text-font-family); font-size: var(--awb-font-size); font-style: var(--awb-text-font-style); font-weight: var(--awb-text-font-weight); letter-spacing: var(--awb-letter-spacing); text-align: var(--awb-content-alignment); text-transform: var(--awb-text-transform); background-color: var(--awb-bg-color-hover);\">Il modo pi\u00f9 ecologico di viaggiare in Sicilia \u00e8 ovviamente a piedi o in bicicletta. In alternativa, si pu\u00f2 viaggiare anche in auto o in treno. Sebbene l'auto sia pi\u00f9 veloce di un'ora nel tragitto da Francoforte al porto dei traghetti di Genova, ad esempio, ci si chiede quale sia la scelta pi\u00f9 rilassante. Soprattutto se si considera che prendere il traghetto per il porto di Palermo non ha prezzo.<\/span><\/p>\n<p>Per chi non ha tempo, viaggiare in aereo senza la vergogna di volare \u00e8 ancora un'opzione. La maggior parte delle compagnie aeree offre oggi una compensazione per le emissioni di CO2. Tuttavia, organizzazioni no-profit come atmosfair sono probabilmente un'alternativa migliore. Esse calcolano l'impatto climatico di un volo per due persone da Colonia a Palermo, andata e ritorno, in 1.200 kg di CO2. Ci\u00f2 corrisponde a poco meno di 22% del volo per Bali, spesso citato. L'importo della compensazione \u00e8 di 28 euro. Qui potete non solo calcolare le emissioni di CO2 del vostro volo, ma anche sostenere direttamente e facilmente i programmi di compensazione a livello mondiale.<\/p>\n<p>Dall'aeroporto di Palermo, potete prendere il treno direttamente per la stazione di Palermo Centrale e quindi per il centro citt\u00e0.<\/p>\n<\/div>\n<\/div>\n<\/div>\n<\/div>\n<\/div><div class=\"fusion-text fusion-text-7\"><p>&nbsp;<\/p>\n<\/div><\/div><\/div><\/div><\/div><div class=\"fusion-fullwidth fullwidth-box fusion-builder-row-11 fusion-flex-container has-pattern-background has-mask-background nonhundred-percent-fullwidth non-hundred-percent-height-scrolling\" style=\"--awb-border-radius-top-left:0px;--awb-border-radius-top-right:0px;--awb-border-radius-bottom-right:0px;--awb-border-radius-bottom-left:0px;--awb-flex-wrap:wrap;\" ><div class=\"fusion-builder-row fusion-row fusion-flex-align-items-flex-start fusion-flex-content-wrap\" style=\"max-width:1248px;margin-left: calc(-4% \/ 2 );margin-right: calc(-4% \/ 2 );\"><div class=\"fusion-layout-column fusion_builder_column fusion-builder-column-14 fusion_builder_column_1_2 1_2 fusion-flex-column\" style=\"--awb-bg-size:cover;--awb-width-large:50%;--awb-margin-top-large:0px;--awb-spacing-right-large:3.84%;--awb-margin-bottom-large:20px;--awb-spacing-left-large:3.84%;--awb-width-medium:50%;--awb-order-medium:0;--awb-spacing-right-medium:3.84%;--awb-spacing-left-medium:3.84%;--awb-width-small:100%;--awb-order-small:0;--awb-spacing-right-small:1.92%;--awb-spacing-left-small:1.92%;\"><div class=\"fusion-column-wrapper fusion-column-has-shadow fusion-flex-justify-content-flex-start fusion-content-layout-column\"><div class=\"fusion-image-element\" style=\"--awb-caption-title-font-family:var(--h2_typography-font-family);--awb-caption-title-font-weight:var(--h2_typography-font-weight);--awb-caption-title-font-style:var(--h2_typography-font-style);--awb-caption-title-size:var(--h2_typography-font-size);--awb-caption-title-transform:var(--h2_typography-text-transform);--awb-caption-title-line-height:var(--h2_typography-line-height);--awb-caption-title-letter-spacing:var(--h2_typography-letter-spacing);\"><span class=\"fusion-imageframe imageframe-none imageframe-9 hover-type-none\" style=\"border-radius:12px;\"><img decoding=\"async\" width=\"980\" height=\"551\" alt=\"Il viaggio sostenibile inizia dalla scelta del mezzo di trasporto. Nel nostro appartamento per vacanze sostenibili Palazzo Vetrano, nel centro storico di Palermo, vi forniamo i consigli per un arrivo a impatto climatico zero.\" title=\"Palermo sostenibilit\u00e0, viaggio sostenibile, vacanza sostenibile appartamento Palermo centro storico, Palermo sostenibilit\u00e0, viaggio sostenibile, vacanza sostenibile appartamento Palermo centro storico, eco BnB\" src=\"https:\/\/palazzovetrano.it\/wp-content\/uploads\/2024\/03\/00007Palermo-Nachhaltigkeit-Nachhaltig-Reisen-nachhaltige-Ferienwohnung-Palermo-Altstadt-Palermo-sostenibilita-viaggio-sostenibile-vacanza-sostenibile-appartamento-Palermo-centro-storico-eco-BnB.jpg\" data-orig-src=\"https:\/\/palazzovetrano.it\/wp-content\/uploads\/2024\/03\/00007Palermo-Nachhaltigkeit-Nachhaltig-Reisen-nachhaltige-Ferienwohnung-Palermo-Altstadt-Palermo-sostenibilita-viaggio-sostenibile-vacanza-sostenibile-appartamento-Palermo-centro-storico-eco-BnB.jpg\" class=\"lazyload img-responsive wp-image-1602\" srcset=\"data:image\/svg+xml,%3Csvg%20xmlns%3D%27http%3A%2F%2Fwww.w3.org%2F2000%2Fsvg%27%20width%3D%27980%27%20height%3D%27551%27%20viewBox%3D%270%200%20980%20551%27%3E%3Crect%20width%3D%27980%27%20height%3D%27551%27%20fill-opacity%3D%220%22%2F%3E%3C%2Fsvg%3E\" data-srcset=\"https:\/\/palazzovetrano.it\/wp-content\/uploads\/2024\/03\/00007Palermo-Nachhaltigkeit-Nachhaltig-Reisen-nachhaltige-Ferienwohnung-Palermo-Altstadt-Palermo-sostenibilita-viaggio-sostenibile-vacanza-sostenibile-appartamento-Palermo-centro-storico-eco-BnB-200x112.jpg 200w, https:\/\/palazzovetrano.it\/wp-content\/uploads\/2024\/03\/00007Palermo-Nachhaltigkeit-Nachhaltig-Reisen-nachhaltige-Ferienwohnung-Palermo-Altstadt-Palermo-sostenibilita-viaggio-sostenibile-vacanza-sostenibile-appartamento-Palermo-centro-storico-eco-BnB-400x225.jpg 400w, https:\/\/palazzovetrano.it\/wp-content\/uploads\/2024\/03\/00007Palermo-Nachhaltigkeit-Nachhaltig-Reisen-nachhaltige-Ferienwohnung-Palermo-Altstadt-Palermo-sostenibilita-viaggio-sostenibile-vacanza-sostenibile-appartamento-Palermo-centro-storico-eco-BnB-600x337.jpg 600w, https:\/\/palazzovetrano.it\/wp-content\/uploads\/2024\/03\/00007Palermo-Nachhaltigkeit-Nachhaltig-Reisen-nachhaltige-Ferienwohnung-Palermo-Altstadt-Palermo-sostenibilita-viaggio-sostenibile-vacanza-sostenibile-appartamento-Palermo-centro-storico-eco-BnB-800x450.jpg 800w, https:\/\/palazzovetrano.it\/wp-content\/uploads\/2024\/03\/00007Palermo-Nachhaltigkeit-Nachhaltig-Reisen-nachhaltige-Ferienwohnung-Palermo-Altstadt-Palermo-sostenibilita-viaggio-sostenibile-vacanza-sostenibile-appartamento-Palermo-centro-storico-eco-BnB.jpg 980w\" data-sizes=\"auto\" data-orig-sizes=\"(max-width: 800px) 100vw, 600px\" \/><\/span><\/div><\/div><\/div><div class=\"fusion-layout-column fusion_builder_column fusion-builder-column-15 fusion_builder_column_1_2 1_2 fusion-flex-column\" style=\"--awb-bg-size:cover;--awb-width-large:50%;--awb-margin-top-large:0px;--awb-spacing-right-large:3.84%;--awb-margin-bottom-large:20px;--awb-spacing-left-large:3.84%;--awb-width-medium:50%;--awb-order-medium:0;--awb-spacing-right-medium:3.84%;--awb-spacing-left-medium:3.84%;--awb-width-small:100%;--awb-order-small:0;--awb-spacing-right-small:1.92%;--awb-spacing-left-small:1.92%;\"><div class=\"fusion-column-wrapper fusion-column-has-shadow fusion-flex-justify-content-flex-start fusion-content-layout-column\"><div class=\"fusion-image-element\" style=\"--awb-caption-title-font-family:var(--h2_typography-font-family);--awb-caption-title-font-weight:var(--h2_typography-font-weight);--awb-caption-title-font-style:var(--h2_typography-font-style);--awb-caption-title-size:var(--h2_typography-font-size);--awb-caption-title-transform:var(--h2_typography-text-transform);--awb-caption-title-line-height:var(--h2_typography-line-height);--awb-caption-title-letter-spacing:var(--h2_typography-letter-spacing);\"><span class=\"fusion-imageframe imageframe-none imageframe-10 hover-type-none\" style=\"border-radius:12px;\"><img decoding=\"async\" width=\"980\" height=\"551\" alt=\"Stazione centrale di Palermo: da qui, in pochi passi, si raggiunge un appartamento per vacanze sostenibili nel cuore del centro storico di Palermo.\" title=\"Palermo sostenibilit\u00e0, viaggio sostenibile, vacanza sostenibile appartamento Palermo centro storico, Palermo sostenibilit\u00e0, viaggio sostenibile, vacanza sostenibile appartamento Palermo centro storico, eco BnB\" src=\"https:\/\/palazzovetrano.it\/wp-content\/uploads\/2024\/03\/00008Palermo-Nachhaltigkeit-Nachhaltig-Reisen-nachhaltige-Ferienwohnung-Palermo-Altstadt-Palermo-sostenibilita-viaggio-sostenibile-vacanza-sostenibile-appartamento-Palermo-centro-storico-eco-BnB.jpg\" data-orig-src=\"https:\/\/palazzovetrano.it\/wp-content\/uploads\/2024\/03\/00008Palermo-Nachhaltigkeit-Nachhaltig-Reisen-nachhaltige-Ferienwohnung-Palermo-Altstadt-Palermo-sostenibilita-viaggio-sostenibile-vacanza-sostenibile-appartamento-Palermo-centro-storico-eco-BnB.jpg\" class=\"lazyload img-responsive wp-image-1603\" srcset=\"data:image\/svg+xml,%3Csvg%20xmlns%3D%27http%3A%2F%2Fwww.w3.org%2F2000%2Fsvg%27%20width%3D%27980%27%20height%3D%27551%27%20viewBox%3D%270%200%20980%20551%27%3E%3Crect%20width%3D%27980%27%20height%3D%27551%27%20fill-opacity%3D%220%22%2F%3E%3C%2Fsvg%3E\" data-srcset=\"https:\/\/palazzovetrano.it\/wp-content\/uploads\/2024\/03\/00008Palermo-Nachhaltigkeit-Nachhaltig-Reisen-nachhaltige-Ferienwohnung-Palermo-Altstadt-Palermo-sostenibilita-viaggio-sostenibile-vacanza-sostenibile-appartamento-Palermo-centro-storico-eco-BnB-200x112.jpg 200w, https:\/\/palazzovetrano.it\/wp-content\/uploads\/2024\/03\/00008Palermo-Nachhaltigkeit-Nachhaltig-Reisen-nachhaltige-Ferienwohnung-Palermo-Altstadt-Palermo-sostenibilita-viaggio-sostenibile-vacanza-sostenibile-appartamento-Palermo-centro-storico-eco-BnB-400x225.jpg 400w, https:\/\/palazzovetrano.it\/wp-content\/uploads\/2024\/03\/00008Palermo-Nachhaltigkeit-Nachhaltig-Reisen-nachhaltige-Ferienwohnung-Palermo-Altstadt-Palermo-sostenibilita-viaggio-sostenibile-vacanza-sostenibile-appartamento-Palermo-centro-storico-eco-BnB-600x337.jpg 600w, https:\/\/palazzovetrano.it\/wp-content\/uploads\/2024\/03\/00008Palermo-Nachhaltigkeit-Nachhaltig-Reisen-nachhaltige-Ferienwohnung-Palermo-Altstadt-Palermo-sostenibilita-viaggio-sostenibile-vacanza-sostenibile-appartamento-Palermo-centro-storico-eco-BnB-800x450.jpg 800w, https:\/\/palazzovetrano.it\/wp-content\/uploads\/2024\/03\/00008Palermo-Nachhaltigkeit-Nachhaltig-Reisen-nachhaltige-Ferienwohnung-Palermo-Altstadt-Palermo-sostenibilita-viaggio-sostenibile-vacanza-sostenibile-appartamento-Palermo-centro-storico-eco-BnB.jpg 980w\" data-sizes=\"auto\" data-orig-sizes=\"(max-width: 800px) 100vw, 600px\" \/><\/span><\/div><\/div><\/div><\/div><\/div><div class=\"fusion-fullwidth fullwidth-box fusion-builder-row-12 fusion-flex-container nonhundred-percent-fullwidth non-hundred-percent-height-scrolling\" style=\"--awb-border-radius-top-left:0px;--awb-border-radius-top-right:0px;--awb-border-radius-bottom-right:0px;--awb-border-radius-bottom-left:0px;--awb-flex-wrap:wrap;\" ><div class=\"fusion-builder-row fusion-row fusion-flex-align-items-flex-start fusion-flex-content-wrap\" style=\"max-width:1248px;margin-left: calc(-4% \/ 2 );margin-right: calc(-4% \/ 2 );\"><div class=\"fusion-layout-column fusion_builder_column fusion-builder-column-16 fusion_builder_column_1_1 1_1 fusion-flex-column\" style=\"--awb-bg-blend:overlay;--awb-bg-size:cover;--awb-width-large:100%;--awb-margin-top-large:0px;--awb-spacing-right-large:1.92%;--awb-margin-bottom-large:0px;--awb-spacing-left-large:1.92%;--awb-width-medium:100%;--awb-spacing-right-medium:1.92%;--awb-spacing-left-medium:1.92%;--awb-width-small:100%;--awb-spacing-right-small:1.92%;--awb-spacing-left-small:1.92%;\"><div class=\"fusion-column-wrapper fusion-flex-justify-content-flex-start fusion-content-layout-column\"><div class=\"fusion-text fusion-text-8\"><\/p>\n<div class=\"et_pb_row et_pb_row_0\">\n<div class=\"et_pb_column et_pb_column_4_4 et_pb_column_0  et_pb_css_mix_blend_mode_passthrough et-last-child\">\n<div class=\"et_pb_module et_pb_text et_pb_text_0  et_pb_text_align_left et_pb_bg_layout_light\">\n<div class=\"et_pb_text_inner\">\n<blockquote>\n<p>\"Il nostro pianeta \u00e8 la nostra casa, la nostra unica casa. Dove dovremmo andare se lo distruggiamo?\". - Dalai Lama<\/p>\n<\/blockquote>\n<\/div>\n<\/div>\n<\/div>\n<\/div>\n<div class=\"et_pb_row et_pb_row_3\">\n<div class=\"et_pb_column et_pb_column_4_4 et_pb_column_4  et_pb_css_mix_blend_mode_passthrough et-last-child\">\n<div class=\"et_pb_module et_pb_text et_pb_text_2  et_pb_text_align_left et_pb_bg_layout_light\">\n<div class=\"et_pb_text_inner\">\n<p><span style=\"background-color: var(--awb-bg-color-hover); color: var(--awb-text-color); font-family: var(--awb-text-font-family); font-size: var(--awb-font-size); font-style: var(--awb-text-font-style); font-weight: var(--awb-text-font-weight); letter-spacing: var(--awb-letter-spacing); text-align: var(--awb-content-alignment); text-transform: var(--awb-text-transform);\">Mezzi di trasporto in loco<\/span><\/p>\n<\/div>\n<\/div>\n<\/div>\n<\/div>\n<div class=\"et_pb_row et_pb_row_9\">\n<div class=\"et_pb_column et_pb_column_4_4 et_pb_column_13  et_pb_css_mix_blend_mode_passthrough et-last-child\">\n<div class=\"et_pb_module et_pb_text et_pb_text_5  et_pb_text_align_left et_pb_bg_layout_light\">\n<div class=\"et_pb_text_inner\">\n<p>Il centro storico di Palermo \u00e8 un luogo ideale per muoversi a piedi. Per tutti gli amanti della bicicletta, nella mappa digitale della citt\u00e0 abbiamo elencato le opzioni di noleggio a breve distanza. Gli spostamenti via terra possono essere facilmente organizzati in autobus, treno o traghetto, evitando di noleggiare un'auto. Una soluzione economica ed ecologica allo stesso tempo.<\/p>\n<h3 class=\"\" style=\"--fontsize: 28; line-height: 1.3;\" data-fontsize=\"28\" data-lineheight=\"36.4px\"><span class=\"ez-toc-section\" id=\"Eigenverantwortung\"><\/span><span id=\"Eigenverantwortung\" class=\"ez-toc-section\"><\/span>Responsabilit\u00e0 personale<span class=\"ez-toc-section-end\"><\/span><\/h3>\n<p>Abbiamo gi\u00e0 scritto un post sulla nostra impronta di carbonio personale sul nostro blog planBwagen e stiamo continuando a impegnarci, anche se siamo lontani dalla perfezione. Come gi\u00e0 detto, il nostro obiettivo non \u00e8 quello di puntare il dito contro gli altri, ma piuttosto di promuovere sforzi congiunti per la sostenibilit\u00e0.<\/p>\n<h3 class=\"\" style=\"--fontsize: 28; line-height: 1.3;\" data-fontsize=\"28\" data-lineheight=\"36.4px\"><span class=\"ez-toc-section\" id=\"Essen_Soziales\"><\/span><span id=\"Essen_Soziales\" class=\"ez-toc-section\"><\/span>Alimentazione e affari sociali<span class=\"ez-toc-section-end\"><\/span><\/h3>\n<p>Da Moltivolti, il nostro ristorante preferito, non solo potete cenare in modo squisito, ma anche sostenere il loro impegno sociale a Ballar\u00f2. Il team di Moltivolti vede il cibo come uno strumento di dialogo tra persone e culture diverse.<\/p>\n<\/div>\n<\/div>\n<\/div>\n<\/div>\n<div class=\"et_pb_row et_pb_row_11\">\u00a0<\/div><\/p>\n<\/div><\/div><\/div><\/div><\/div><div class=\"fusion-fullwidth fullwidth-box fusion-builder-row-13 fusion-flex-container has-pattern-background has-mask-background nonhundred-percent-fullwidth non-hundred-percent-height-scrolling\" style=\"--awb-border-radius-top-left:0px;--awb-border-radius-top-right:0px;--awb-border-radius-bottom-right:0px;--awb-border-radius-bottom-left:0px;--awb-flex-wrap:wrap;\" ><div class=\"fusion-builder-row fusion-row fusion-flex-align-items-flex-start fusion-flex-content-wrap\" style=\"max-width:1248px;margin-left: calc(-4% \/ 2 );margin-right: calc(-4% \/ 2 );\"><div class=\"fusion-layout-column fusion_builder_column fusion-builder-column-17 fusion_builder_column_1_1 1_1 fusion-flex-column\" style=\"--awb-bg-size:cover;--awb-width-large:100%;--awb-margin-top-large:0px;--awb-spacing-right-large:1.92%;--awb-margin-bottom-large:20px;--awb-spacing-left-large:1.92%;--awb-width-medium:100%;--awb-order-medium:0;--awb-spacing-right-medium:1.92%;--awb-spacing-left-medium:1.92%;--awb-width-small:100%;--awb-order-small:0;--awb-spacing-right-small:1.92%;--awb-spacing-left-small:1.92%;\"><div class=\"fusion-column-wrapper fusion-column-has-shadow fusion-flex-justify-content-flex-start fusion-content-layout-column\"><div class=\"fusion-image-element\" style=\"--awb-caption-title-font-family:var(--h2_typography-font-family);--awb-caption-title-font-weight:var(--h2_typography-font-weight);--awb-caption-title-font-style:var(--h2_typography-font-style);--awb-caption-title-size:var(--h2_typography-font-size);--awb-caption-title-transform:var(--h2_typography-text-transform);--awb-caption-title-line-height:var(--h2_typography-line-height);--awb-caption-title-letter-spacing:var(--h2_typography-letter-spacing);\"><span class=\"fusion-imageframe imageframe-none imageframe-11 hover-type-none\" style=\"border-radius:12px;\"><img decoding=\"async\" width=\"1024\" height=\"473\" alt=\"Appartamento vacanze sostenibile Palermo\" src=\"https:\/\/palazzovetrano.it\/wp-content\/uploads\/2024\/03\/1097c7e9-250c-4d3c-866f-7861023621cf.jpeg\" data-orig-src=\"https:\/\/palazzovetrano.it\/wp-content\/uploads\/2024\/03\/1097c7e9-250c-4d3c-866f-7861023621cf-1024x473.jpeg\" class=\"lazyload img-responsive wp-image-1668\" srcset=\"data:image\/svg+xml,%3Csvg%20xmlns%3D%27http%3A%2F%2Fwww.w3.org%2F2000%2Fsvg%27%20width%3D%271599%27%20height%3D%27738%27%20viewBox%3D%270%200%201599%20738%27%3E%3Crect%20width%3D%271599%27%20height%3D%27738%27%20fill-opacity%3D%220%22%2F%3E%3C%2Fsvg%3E\" data-srcset=\"https:\/\/palazzovetrano.it\/wp-content\/uploads\/2024\/03\/1097c7e9-250c-4d3c-866f-7861023621cf-200x92.jpeg 200w, https:\/\/palazzovetrano.it\/wp-content\/uploads\/2024\/03\/1097c7e9-250c-4d3c-866f-7861023621cf-400x185.jpeg 400w, https:\/\/palazzovetrano.it\/wp-content\/uploads\/2024\/03\/1097c7e9-250c-4d3c-866f-7861023621cf-600x277.jpeg 600w, https:\/\/palazzovetrano.it\/wp-content\/uploads\/2024\/03\/1097c7e9-250c-4d3c-866f-7861023621cf-800x369.jpeg 800w, https:\/\/palazzovetrano.it\/wp-content\/uploads\/2024\/03\/1097c7e9-250c-4d3c-866f-7861023621cf-1200x554.jpeg 1200w, https:\/\/palazzovetrano.it\/wp-content\/uploads\/2024\/03\/1097c7e9-250c-4d3c-866f-7861023621cf.jpeg 1599w\" data-sizes=\"auto\" data-orig-sizes=\"(max-width: 800px) 100vw, 1200px\" \/><\/span><\/div><\/div><\/div><\/div><\/div><div class=\"fusion-fullwidth fullwidth-box fusion-builder-row-14 fusion-flex-container nonhundred-percent-fullwidth non-hundred-percent-height-scrolling\" style=\"--awb-border-radius-top-left:0px;--awb-border-radius-top-right:0px;--awb-border-radius-bottom-right:0px;--awb-border-radius-bottom-left:0px;--awb-flex-wrap:wrap;\" ><div class=\"fusion-builder-row fusion-row fusion-flex-align-items-flex-start fusion-flex-content-wrap\" style=\"max-width:1248px;margin-left: calc(-4% \/ 2 );margin-right: calc(-4% \/ 2 );\"><div class=\"fusion-layout-column fusion_builder_column fusion-builder-column-18 fusion_builder_column_1_1 1_1 fusion-flex-column\" style=\"--awb-bg-blend:overlay;--awb-bg-size:cover;--awb-width-large:100%;--awb-margin-top-large:0px;--awb-spacing-right-large:1.92%;--awb-margin-bottom-large:0px;--awb-spacing-left-large:1.92%;--awb-width-medium:100%;--awb-spacing-right-medium:1.92%;--awb-spacing-left-medium:1.92%;--awb-width-small:100%;--awb-spacing-right-small:1.92%;--awb-spacing-left-small:1.92%;\"><div class=\"fusion-column-wrapper fusion-flex-justify-content-flex-start fusion-content-layout-column\"><div class=\"fusion-text fusion-text-9\"><\/p>\n<div class=\"et_pb_row et_pb_row_0\">\n<div class=\"et_pb_column et_pb_column_4_4 et_pb_column_0  et_pb_css_mix_blend_mode_passthrough et-last-child\">\n<div class=\"et_pb_module et_pb_text et_pb_text_0  et_pb_text_align_left et_pb_bg_layout_light\">\n<div class=\"et_pb_text_inner\">\n<p><span style=\"color: var(--h3_typography-color); font-family: var(--h3_typography-font-family); font-size: var(--h3_typography-font-size); font-style: var(--h3_typography-font-style,normal); font-weight: var(--h3_typography-font-weight); letter-spacing: var(--h3_typography-letter-spacing); text-transform: var(--h3_typography-text-transform); text-align: var(--awb-content-alignment); background-color: var(--awb-bg-color);\">Pulizia<\/span><\/p>\n<\/div>\n<\/div>\n<\/div>\n<\/div>\n<div class=\"et_pb_row et_pb_row_9\">\n<div class=\"et_pb_column et_pb_column_4_4 et_pb_column_13  et_pb_css_mix_blend_mode_passthrough et-last-child\">\n<div class=\"et_pb_module et_pb_text et_pb_text_5  et_pb_text_align_left et_pb_bg_layout_light\">\n<div class=\"et_pb_text_inner\">\n<p>Qui condividiamo le informazioni sul nostro impegno personale quando viaggiamo, dato che il problema dei rifiuti di plastica \u00e8 oggi una sfida dilagante. L'inquinamento degli oceani e delle spiagge \u00e8 un problema diffuso e i rifiuti provenienti dalla terraferma entrano in mare attraverso i corsi d'acqua e gli scarichi. \u00c8 importante riconoscere che ogni azione ha delle conseguenze e che ogni rifiuto abbandonato danneggia l'ambiente. Seguite il nostro esempio e assicuratevi di portare sempre con voi pi\u00f9 rifiuti di quelli che portate con voi.<\/p>\n<blockquote>\n<p>\"\u00c8 facile parlare in grande, ma la cosa importante \u00e8 se si pulisce o meno il pasticcio\". - <span style=\"color: var(--awb-text-color); font-family: var(--awb-text-font-family); font-size: var(--awb-font-size); font-style: var(--awb-text-font-style); font-weight: var(--awb-text-font-weight); letter-spacing: var(--awb-letter-spacing); text-align: var(--awb-content-alignment); text-transform: var(--awb-text-transform); background-color: var(--awb-bg-color-hover);\">Haruki Murakami, La foresta norvegese<\/span><\/p>\n<\/blockquote>\n<h3 class=\"fusion-responsive-typography-calculated\" style=\"--fontsize: 28; line-height: 1.3;\" data-fontsize=\"28\" data-lineheight=\"36.4px\"><span class=\"ez-toc-section\" id=\"Fazit\"><\/span><span id=\"Fazit\" class=\"ez-toc-section\"><\/span>Conclusione:<span class=\"ez-toc-section-end\"><\/span><\/h3>\n<p>La sostenibilit\u00e0 come base per un futuro degno di essere vissuto<\/p>\n<p>Non siamo perfetti. Ma sono i piccoli passi che contano. Per questo siamo felici di dare il nostro contributo insieme a voi. Spetta a ciascuno di noi fare di un comportamento sostenibile la base della nostra vita e contribuire cos\u00ec a un futuro degno di essere vissuto. Facciamolo insieme. Grazie!<\/p>\n<\/div>\n<\/div>\n<\/div>\n<\/div>\n<div class=\"et_pb_row et_pb_row_10\">\n<div class=\"et_pb_column et_pb_column_4_4 et_pb_column_14  et_pb_css_mix_blend_mode_passthrough et-last-child\">\n<div class=\"et_pb_module et_pb_text et_pb_text_6  et_pb_text_align_left et_pb_bg_layout_light\">\n<div class=\"et_pb_text_inner\">\n<blockquote>\n<p>La sostenibilit\u00e0 \u00e8 una questione di perseveranza, non di perfezione.<\/p>\n<\/blockquote>\n<\/div>\n<\/div>\n<\/div>\n<\/div>\n<div class=\"et_pb_row et_pb_row_11\">\n<div class=\"et_pb_column et_pb_column_1_2 et_pb_column_16  et_pb_css_mix_blend_mode_passthrough et-last-child\">\u00a0<\/div>\n<\/div>\n<\/div><\/div><\/div><\/div><\/div><div class=\"fusion-fullwidth fullwidth-box fusion-builder-row-15 fusion-flex-container has-pattern-background has-mask-background nonhundred-percent-fullwidth non-hundred-percent-height-scrolling\" style=\"--awb-border-radius-top-left:0px;--awb-border-radius-top-right:0px;--awb-border-radius-bottom-right:0px;--awb-border-radius-bottom-left:0px;--awb-flex-wrap:wrap;\" ><div class=\"fusion-builder-row fusion-row fusion-flex-align-items-flex-start fusion-flex-content-wrap\" style=\"max-width:1248px;margin-left: calc(-4% \/ 2 );margin-right: calc(-4% \/ 2 );\"><div class=\"fusion-layout-column fusion_builder_column fusion-builder-column-19 fusion_builder_column_1_2 1_2 fusion-flex-column\" style=\"--awb-bg-size:cover;--awb-width-large:50%;--awb-margin-top-large:0px;--awb-spacing-right-large:3.84%;--awb-margin-bottom-large:20px;--awb-spacing-left-large:3.84%;--awb-width-medium:50%;--awb-order-medium:0;--awb-spacing-right-medium:3.84%;--awb-spacing-left-medium:3.84%;--awb-width-small:100%;--awb-order-small:0;--awb-spacing-right-small:1.92%;--awb-spacing-left-small:1.92%;\"><div class=\"fusion-column-wrapper fusion-column-has-shadow fusion-flex-justify-content-flex-start fusion-content-layout-column\"><div class=\"fusion-image-element\" style=\"--awb-caption-title-font-family:var(--h2_typography-font-family);--awb-caption-title-font-weight:var(--h2_typography-font-weight);--awb-caption-title-font-style:var(--h2_typography-font-style);--awb-caption-title-size:var(--h2_typography-font-size);--awb-caption-title-transform:var(--h2_typography-text-transform);--awb-caption-title-line-height:var(--h2_typography-line-height);--awb-caption-title-letter-spacing:var(--h2_typography-letter-spacing);\"><span class=\"fusion-imageframe imageframe-none imageframe-12 hover-type-none\" style=\"border-radius:12px;\"><img decoding=\"async\" width=\"980\" height=\"551\" alt=\"Sostenibilit\u00e0 nel settore privato, Casa Pieve\" title=\"Palermo sostenibilit\u00e0, viaggio sostenibile, vacanza sostenibile appartamento Palermo centro storico, Palermo sostenibilit\u00e0, viaggio sostenibile, vacanza sostenibile appartamento Palermo centro storico, eco BnB\" src=\"https:\/\/palazzovetrano.it\/wp-content\/uploads\/2024\/03\/00005Palermo-Nachhaltigkeit-Nachhaltig-Reisen-nachhaltige-Ferienwohnung-Palermo-Altstadt-Palermo-sostenibilita-viaggio-sostenibile-vacanza-sostenibile-appartamento-Palermo-centro-storico-eco-BnB.jpg\" data-orig-src=\"https:\/\/palazzovetrano.it\/wp-content\/uploads\/2024\/03\/00005Palermo-Nachhaltigkeit-Nachhaltig-Reisen-nachhaltige-Ferienwohnung-Palermo-Altstadt-Palermo-sostenibilita-viaggio-sostenibile-vacanza-sostenibile-appartamento-Palermo-centro-storico-eco-BnB.jpg\" class=\"lazyload img-responsive wp-image-1600\" srcset=\"data:image\/svg+xml,%3Csvg%20xmlns%3D%27http%3A%2F%2Fwww.w3.org%2F2000%2Fsvg%27%20width%3D%27980%27%20height%3D%27551%27%20viewBox%3D%270%200%20980%20551%27%3E%3Crect%20width%3D%27980%27%20height%3D%27551%27%20fill-opacity%3D%220%22%2F%3E%3C%2Fsvg%3E\" data-srcset=\"https:\/\/palazzovetrano.it\/wp-content\/uploads\/2024\/03\/00005Palermo-Nachhaltigkeit-Nachhaltig-Reisen-nachhaltige-Ferienwohnung-Palermo-Altstadt-Palermo-sostenibilita-viaggio-sostenibile-vacanza-sostenibile-appartamento-Palermo-centro-storico-eco-BnB-200x112.jpg 200w, https:\/\/palazzovetrano.it\/wp-content\/uploads\/2024\/03\/00005Palermo-Nachhaltigkeit-Nachhaltig-Reisen-nachhaltige-Ferienwohnung-Palermo-Altstadt-Palermo-sostenibilita-viaggio-sostenibile-vacanza-sostenibile-appartamento-Palermo-centro-storico-eco-BnB-400x225.jpg 400w, https:\/\/palazzovetrano.it\/wp-content\/uploads\/2024\/03\/00005Palermo-Nachhaltigkeit-Nachhaltig-Reisen-nachhaltige-Ferienwohnung-Palermo-Altstadt-Palermo-sostenibilita-viaggio-sostenibile-vacanza-sostenibile-appartamento-Palermo-centro-storico-eco-BnB-600x337.jpg 600w, https:\/\/palazzovetrano.it\/wp-content\/uploads\/2024\/03\/00005Palermo-Nachhaltigkeit-Nachhaltig-Reisen-nachhaltige-Ferienwohnung-Palermo-Altstadt-Palermo-sostenibilita-viaggio-sostenibile-vacanza-sostenibile-appartamento-Palermo-centro-storico-eco-BnB-800x450.jpg 800w, https:\/\/palazzovetrano.it\/wp-content\/uploads\/2024\/03\/00005Palermo-Nachhaltigkeit-Nachhaltig-Reisen-nachhaltige-Ferienwohnung-Palermo-Altstadt-Palermo-sostenibilita-viaggio-sostenibile-vacanza-sostenibile-appartamento-Palermo-centro-storico-eco-BnB.jpg 980w\" data-sizes=\"auto\" data-orig-sizes=\"(max-width: 800px) 100vw, 600px\" \/><\/span><\/div><\/div><\/div><div class=\"fusion-layout-column fusion_builder_column fusion-builder-column-20 fusion_builder_column_1_2 1_2 fusion-flex-column\" style=\"--awb-bg-size:cover;--awb-width-large:50%;--awb-margin-top-large:0px;--awb-spacing-right-large:3.84%;--awb-margin-bottom-large:20px;--awb-spacing-left-large:3.84%;--awb-width-medium:50%;--awb-order-medium:0;--awb-spacing-right-medium:3.84%;--awb-spacing-left-medium:3.84%;--awb-width-small:100%;--awb-order-small:0;--awb-spacing-right-small:1.92%;--awb-spacing-left-small:1.92%;\"><div class=\"fusion-column-wrapper fusion-column-has-shadow fusion-flex-justify-content-flex-start fusion-content-layout-column\"><div class=\"fusion-image-element\" style=\"--awb-caption-title-font-family:var(--h2_typography-font-family);--awb-caption-title-font-weight:var(--h2_typography-font-weight);--awb-caption-title-font-style:var(--h2_typography-font-style);--awb-caption-title-size:var(--h2_typography-font-size);--awb-caption-title-transform:var(--h2_typography-text-transform);--awb-caption-title-line-height:var(--h2_typography-line-height);--awb-caption-title-letter-spacing:var(--h2_typography-letter-spacing);\"><span class=\"fusion-imageframe imageframe-none imageframe-13 hover-type-none\" style=\"border-radius:12px;\"><img decoding=\"async\" width=\"980\" height=\"551\" alt=\"La sostenibilit\u00e0 viene premiata.\" title=\"Palermo sostenibilit\u00e0, viaggio sostenibile, vacanza sostenibile appartamento Palermo centro storico, Palermo sostenibilit\u00e0, viaggio sostenibile, vacanza sostenibile appartamento Palermo centro storico, eco BnB\" src=\"https:\/\/palazzovetrano.it\/wp-content\/uploads\/2024\/03\/00004Palermo-Nachhaltigkeit-Nachhaltig-Reisen-nachhaltige-Ferienwohnung-Palermo-Altstadt-Palermo-sostenibilita-viaggio-sostenibile-vacanza-sostenibile-appartamento-Palermo-centro-storico-eco-BnB.jpg\" data-orig-src=\"https:\/\/palazzovetrano.it\/wp-content\/uploads\/2024\/03\/00004Palermo-Nachhaltigkeit-Nachhaltig-Reisen-nachhaltige-Ferienwohnung-Palermo-Altstadt-Palermo-sostenibilita-viaggio-sostenibile-vacanza-sostenibile-appartamento-Palermo-centro-storico-eco-BnB.jpg\" class=\"lazyload img-responsive wp-image-1599\" srcset=\"data:image\/svg+xml,%3Csvg%20xmlns%3D%27http%3A%2F%2Fwww.w3.org%2F2000%2Fsvg%27%20width%3D%27980%27%20height%3D%27551%27%20viewBox%3D%270%200%20980%20551%27%3E%3Crect%20width%3D%27980%27%20height%3D%27551%27%20fill-opacity%3D%220%22%2F%3E%3C%2Fsvg%3E\" data-srcset=\"https:\/\/palazzovetrano.it\/wp-content\/uploads\/2024\/03\/00004Palermo-Nachhaltigkeit-Nachhaltig-Reisen-nachhaltige-Ferienwohnung-Palermo-Altstadt-Palermo-sostenibilita-viaggio-sostenibile-vacanza-sostenibile-appartamento-Palermo-centro-storico-eco-BnB-200x112.jpg 200w, https:\/\/palazzovetrano.it\/wp-content\/uploads\/2024\/03\/00004Palermo-Nachhaltigkeit-Nachhaltig-Reisen-nachhaltige-Ferienwohnung-Palermo-Altstadt-Palermo-sostenibilita-viaggio-sostenibile-vacanza-sostenibile-appartamento-Palermo-centro-storico-eco-BnB-400x225.jpg 400w, https:\/\/palazzovetrano.it\/wp-content\/uploads\/2024\/03\/00004Palermo-Nachhaltigkeit-Nachhaltig-Reisen-nachhaltige-Ferienwohnung-Palermo-Altstadt-Palermo-sostenibilita-viaggio-sostenibile-vacanza-sostenibile-appartamento-Palermo-centro-storico-eco-BnB-600x337.jpg 600w, https:\/\/palazzovetrano.it\/wp-content\/uploads\/2024\/03\/00004Palermo-Nachhaltigkeit-Nachhaltig-Reisen-nachhaltige-Ferienwohnung-Palermo-Altstadt-Palermo-sostenibilita-viaggio-sostenibile-vacanza-sostenibile-appartamento-Palermo-centro-storico-eco-BnB-800x450.jpg 800w, https:\/\/palazzovetrano.it\/wp-content\/uploads\/2024\/03\/00004Palermo-Nachhaltigkeit-Nachhaltig-Reisen-nachhaltige-Ferienwohnung-Palermo-Altstadt-Palermo-sostenibilita-viaggio-sostenibile-vacanza-sostenibile-appartamento-Palermo-centro-storico-eco-BnB.jpg 980w\" data-sizes=\"auto\" data-orig-sizes=\"(max-width: 800px) 100vw, 600px\" \/><\/span><\/div><\/div><\/div><\/div><\/div><div class=\"fusion-fullwidth fullwidth-box fusion-builder-row-16 fusion-flex-container has-pattern-background has-mask-background nonhundred-percent-fullwidth non-hundred-percent-height-scrolling\" style=\"--awb-border-radius-top-left:0px;--awb-border-radius-top-right:0px;--awb-border-radius-bottom-right:0px;--awb-border-radius-bottom-left:0px;--awb-flex-wrap:wrap;\" ><div class=\"fusion-builder-row fusion-row fusion-flex-align-items-flex-start fusion-flex-content-wrap\" style=\"max-width:1248px;margin-left: calc(-4% \/ 2 );margin-right: calc(-4% \/ 2 );\"><div class=\"fusion-layout-column fusion_builder_column fusion-builder-column-21 fusion_builder_column_1_1 1_1 fusion-flex-column\" style=\"--awb-bg-size:cover;--awb-width-large:100%;--awb-margin-top-large:0px;--awb-spacing-right-large:1.92%;--awb-margin-bottom-large:20px;--awb-spacing-left-large:1.92%;--awb-width-medium:100%;--awb-order-medium:0;--awb-spacing-right-medium:1.92%;--awb-spacing-left-medium:1.92%;--awb-width-small:100%;--awb-order-small:0;--awb-spacing-right-small:1.92%;--awb-spacing-left-small:1.92%;\"><div class=\"fusion-column-wrapper fusion-column-has-shadow fusion-flex-justify-content-flex-start fusion-content-layout-column\"><div class=\"fusion-text fusion-text-10\"><blockquote>\n<p>\"I piani per proteggere l'aria e l'acqua, la natura selvaggia e la natura, sono anche piani per proteggere le persone\". - Stewart Udall<\/p>\n<\/blockquote>\n<\/div><div class=\"fusion-text fusion-text-11\"><h2><span class=\"ez-toc-section\" id=\"Entdecke_Palermo_und_Sizilien_auf_spannende_Weise\"><\/span>Scoprite Palermo e la Sicilia in modo emozionante!<span class=\"ez-toc-section-end\"><\/span><\/h2>\n<p>Sperimentate la pulsazione <strong>Vita notturna a Palermo<\/strong> e lasciatevi ispirare dalla diversit\u00e0 e dalle storie della citt\u00e0. ? <a href=\"https:\/\/palazzovetrano.it\/it\/prossimamente\/\" rel=\"noopener\">Palermo di notte<\/a>.<br \/>Avete voglia di sole e di sfuggire al tempo uggioso? <strong>Svernare al sud<\/strong> e godetevi le calde temperature della Sicilia. \u2600\ufe0f <a href=\"https:\/\/palazzovetrano.it\/it\/prossimamente\/\" rel=\"noopener\">Per saperne di pi\u00f9<\/a>.<\/p>\n<p>Il nostro <strong>Palazzo Vetrano<\/strong> \u00e8 orgogliosa di essere LGBTQIA+ friendly, un luogo che celebra la diversit\u00e0 e l'inclusione. ?\ufe0f\u200d? <a href=\"https:\/\/palazzovetrano.it\/it\/lgbtqia-benvenuto-umano\/\" rel=\"noopener\">Per saperne di pi\u00f9<\/a>.<br \/>Fare un <strong>Tour a 360\u00b0<\/strong> a Palazzo Vetrano e scoprite l'ambiente affascinante della nostra struttura. ? <a href=\"https:\/\/wolowo.de\/7603303\" rel=\"noopener\" target=\"_blank\">Esplora ora<\/a>.<br \/>Utilizzare il <strong>mappa digitale della citt\u00e0<\/strong> di Palermo per vedere tutte le attrazioni in un colpo d'occhio. ?\ufe0f <a href=\"https:\/\/www.google.com\/maps\/d\/viewer?mid=1gqUtEjQZ1As15WmGma1B5SPht9OYs1c&amp;ll=38.11275899228089%2C13.361124234401087&amp;z=18\" rel=\"noopener\" target=\"_blank\">Visualizza la mappa della citt\u00e0<\/a>.<\/p>\n<p>Date un'occhiata al nostro <strong>blog di viaggio planBwagen<\/strong> per consigli utili sul vostro viaggio in Sicilia. ? <a href=\"https:\/\/www.planbwagen.de\/sizilien\/\" rel=\"noopener\" target=\"_blank\">Al blog<\/a><br \/>Immergetevi con il nostro <strong>Playlist di YouTube<\/strong> visivamente nella bellezza della Sicilia. ? <a href=\"https:\/\/www.youtube.com\/playlist?list=PLniDamWTf1-WUaFF85DujHIAN38M9zJON\" rel=\"noopener\" target=\"_blank\">Alla playlist<\/a><\/p>\n<\/div><\/div><\/div><\/div><\/div><\/p>","protected":false},"excerpt":{"rendered":"","protected":false},"author":1,"featured_media":1653,"comment_status":"open","ping_status":"open","sticky":false,"template":"","format":"standard","meta":{"inline_featured_image":false,"footnotes":""},"categories":[17],"tags":[],"class_list":["post-1","post","type-post","status-publish","format-standard","has-post-thumbnail","hentry","category-nachhaltigkeit"],"_links":{"self":[{"href":"https:\/\/palazzovetrano.it\/it\/wp-json\/wp\/v2\/posts\/1","targetHints":{"allow":["GET"]}}],"collection":[{"href":"https:\/\/palazzovetrano.it\/it\/wp-json\/wp\/v2\/posts"}],"about":[{"href":"https:\/\/palazzovetrano.it\/it\/wp-json\/wp\/v2\/types\/post"}],"author":[{"embeddable":true,"href":"https:\/\/palazzovetrano.it\/it\/wp-json\/wp\/v2\/users\/1"}],"replies":[{"embeddable":true,"href":"https:\/\/palazzovetrano.it\/it\/wp-json\/wp\/v2\/comments?post=1"}],"version-history":[{"count":52,"href":"https:\/\/palazzovetrano.it\/it\/wp-json\/wp\/v2\/posts\/1\/revisions"}],"predecessor-version":[{"id":1903,"href":"https:\/\/palazzovetrano.it\/it\/wp-json\/wp\/v2\/posts\/1\/revisions\/1903"}],"wp:featuredmedia":[{"embeddable":true,"href":"https:\/\/palazzovetrano.it\/it\/wp-json\/wp\/v2\/media\/1653"}],"wp:attachment":[{"href":"https:\/\/palazzovetrano.it\/it\/wp-json\/wp\/v2\/media?parent=1"}],"wp:term":[{"taxonomy":"category","embeddable":true,"href":"https:\/\/palazzovetrano.it\/it\/wp-json\/wp\/v2\/categories?post=1"},{"taxonomy":"post_tag","embeddable":true,"href":"https:\/\/palazzovetrano.it\/it\/wp-json\/wp\/v2\/tags?post=1"}],"curies":[{"name":"wp","href":"https:\/\/api.w.org\/{rel}","templated":true}]}}